{"id":33924,"date":"2019-10-10T10:23:21","date_gmt":"2019-10-10T13:23:21","guid":{"rendered":"http:\/\/labestiadeportiva.com\/lbd\/?p=33924"},"modified":"2019-10-10T10:23:21","modified_gmt":"2019-10-10T13:23:21","slug":"refacciones-en-el-cochocho","status":"publish","type":"post","link":"http:\/\/labestiadeportiva.com\/lbd\/refacciones-en-el-cochocho\/","title":{"rendered":"Refacciones en el \u00abCochocho\u00bb"},"content":{"rendered":"<p><a href=\"http:\/\/labestiadeportiva.com\/lbd\/wp-content\/uploads\/2019\/10\/IMG-20191010-WA0003.jpg\"><img loading=\"lazy\" class=\"aligncenter size-medium wp-image-33925\" src=\"http:\/\/labestiadeportiva.com\/lbd\/wp-content\/uploads\/2019\/10\/IMG-20191010-WA0003-300x169.jpg\" alt=\"IMG-20191010-WA0003\" width=\"300\" height=\"169\" srcset=\"http:\/\/labestiadeportiva.com\/lbd\/wp-content\/uploads\/2019\/10\/IMG-20191010-WA0003-300x169.jpg 300w, http:\/\/labestiadeportiva.com\/lbd\/wp-content\/uploads\/2019\/10\/IMG-20191010-WA0003-1024x576.jpg 1024w, http:\/\/labestiadeportiva.com\/lbd\/wp-content\/uploads\/2019\/10\/IMG-20191010-WA0003.jpg 1137w\" sizes=\"(max-width: 300px) 100vw, 300px\" \/><\/a><\/p>\n<p>Desde ayer y hasta el pr\u00f3ximo domingo las canchas 1, 2 y 3 estar\u00e1n cerradas con el objetivo de poner en condiciones la cancha de 20 x 40 metros que se utilizar\u00e1 durante una semana en la competencia nacional de Futsal CAFS.<!--more--><\/p>\n<p>As\u00ed lo inform\u00f3 a trav\u00e9s de un comunicado oficial\u00a0 el Instituto Municipal de Deportes.<\/p>\n<p>En cuanto a los trabajos espec\u00edficos los principales est\u00e1n centrados en la superficie del campo de juego donde se desarrollar\u00e1 el Torneo Argentino C17 de futsal CAFS.<\/p>\n<div class='epvc-post-count'><span class='epvc-eye'><\/span>  <span class=\"epvc-count\"> 1.150<\/span><span class='epvc-label'> veces le\u00edda<\/span><\/div>\n<div class=\"jwsharethis\">\nShare this: \n<br \/>\n<a href=\"mailto:?subject=Refacciones%20en%20el%20%C2%ABCochocho%C2%BB&amp;body=http%3A%2F%2Flabestiadeportiva.com%2Flbd%2Frefacciones-en-el-cochocho%2F\">\n<img src=\"http:\/\/labestiadeportiva.com\/lbd\/wp-content\/plugins\/jw-share-this\/email.png\" alt=\"Share this page via Email\" \/>\n<\/a>\n<a target=\"_blank\" href=\"http:\/\/www.stumbleupon.com\/submit?url=http%3A%2F%2Flabestiadeportiva.com%2Flbd%2Frefacciones-en-el-cochocho%2F&amp;title=Refacciones+en+el+%C2%ABCochocho%C2%BB\">\n<img src=\"http:\/\/labestiadeportiva.com\/lbd\/wp-content\/plugins\/jw-share-this\/su.png\" alt=\"Share this page via Stumble Upon\" \/>\n<\/a>\n<a target=\"_blank\" href=\"http:\/\/digg.com\/submit?url=http%3A%2F%2Flabestiadeportiva.com%2Flbd%2Frefacciones-en-el-cochocho%2F&amp;title=Refacciones+en+el+%C2%ABCochocho%C2%BB\">\n<img src=\"http:\/\/labestiadeportiva.com\/lbd\/wp-content\/plugins\/jw-share-this\/digg.png\" alt=\"Share this page via Digg this\" \/>\n<\/a>\n<a target=\"_blank\" href=\"http:\/\/www.facebook.com\/sharer.php?u=http%3A%2F%2Flabestiadeportiva.com%2Flbd%2Frefacciones-en-el-cochocho%2F&amp;t=Refacciones+en+el+%C2%ABCochocho%C2%BB\">\n<img src=\"http:\/\/labestiadeportiva.com\/lbd\/wp-content\/plugins\/jw-share-this\/fb.png\" alt=\"Share this page via Facebook\" \/>\n<\/a>\n<a target=\"_blank\" href=\"http:\/\/twitter.com\/intent\/tweet?text=I+like+http%3A%2F%2Flabestiadeportiva.com%2Flbd%2Frefacciones-en-el-cochocho%2F&amp;title=Refacciones+en+el+%C2%ABCochocho%C2%BB\">\n<img src=\"http:\/\/labestiadeportiva.com\/lbd\/wp-content\/plugins\/jw-share-this\/twitter.png\" alt=\"Share this page via Twitter\" \/>\n<\/a>\n<\/div>\n","protected":false},"excerpt":{"rendered":"<p>Desde ayer y hasta el pr\u00f3ximo domingo las canchas 1, 2 y 3 estar\u00e1n cerradas con el objetivo de poner en condiciones la cancha de 20 x 40 metros que se utilizar\u00e1 durante una semana en la competencia nacional de Futsal CAFS. 1.150 veces le\u00edda Share this:<\/p>\n","protected":false},"author":1,"featured_media":33925,"comment_status":"open","ping_status":"open","sticky":false,"template":"","format":"standard","meta":[],"categories":[5,2651,1],"tags":[205,3323,3660,204],"_links":{"self":[{"href":"http:\/\/labestiadeportiva.com\/lbd\/wp-json\/wp\/v2\/posts\/33924"}],"collection":[{"href":"http:\/\/labestiadeportiva.com\/lbd\/wp-json\/wp\/v2\/posts"}],"about":[{"href":"http:\/\/labestiadeportiva.com\/lbd\/wp-json\/wp\/v2\/types\/post"}],"author":[{"embeddable":true,"href":"http:\/\/labestiadeportiva.com\/lbd\/wp-json\/wp\/v2\/users\/1"}],"replies":[{"embeddable":true,"href":"http:\/\/labestiadeportiva.com\/lbd\/wp-json\/wp\/v2\/comments?post=33924"}],"version-history":[{"count":1,"href":"http:\/\/labestiadeportiva.com\/lbd\/wp-json\/wp\/v2\/posts\/33924\/revisions"}],"predecessor-version":[{"id":33927,"href":"http:\/\/labestiadeportiva.com\/lbd\/wp-json\/wp\/v2\/posts\/33924\/revisions\/33927"}],"wp:featuredmedia":[{"embeddable":true,"href":"http:\/\/labestiadeportiva.com\/lbd\/wp-json\/wp\/v2\/media\/33925"}],"wp:attachment":[{"href":"http:\/\/labestiadeportiva.com\/lbd\/wp-json\/wp\/v2\/media?parent=33924"}],"wp:term":[{"taxonomy":"category","embeddable":true,"href":"http:\/\/labestiadeportiva.com\/lbd\/wp-json\/wp\/v2\/categories?post=33924"},{"taxonomy":"post_tag","embeddable":true,"href":"http:\/\/labestiadeportiva.com\/lbd\/wp-json\/wp\/v2\/tags?post=33924"}],"curies":[{"name":"wp","href":"https:\/\/api.w.org\/{rel}","templated":true}]}}