{"id":33942,"date":"2019-10-11T18:44:15","date_gmt":"2019-10-11T21:44:15","guid":{"rendered":"http:\/\/labestiadeportiva.com\/lbd\/?p=33942"},"modified":"2019-10-11T19:08:07","modified_gmt":"2019-10-11T22:08:07","slug":"agenda-deportiva-210","status":"publish","type":"post","link":"http:\/\/labestiadeportiva.com\/lbd\/agenda-deportiva-210\/","title":{"rendered":"Agenda Deportiva"},"content":{"rendered":"<p><a href=\"http:\/\/labestiadeportiva.com\/lbd\/wp-content\/uploads\/2019\/10\/FB_IMG_1570829714517.jpg\"><img loading=\"lazy\" class=\"aligncenter size-medium wp-image-33943\" src=\"http:\/\/labestiadeportiva.com\/lbd\/wp-content\/uploads\/2019\/10\/FB_IMG_1570829714517-300x300.jpg\" alt=\"FB_IMG_1570829714517\" width=\"300\" height=\"300\" srcset=\"http:\/\/labestiadeportiva.com\/lbd\/wp-content\/uploads\/2019\/10\/FB_IMG_1570829714517-300x300.jpg 300w, http:\/\/labestiadeportiva.com\/lbd\/wp-content\/uploads\/2019\/10\/FB_IMG_1570829714517-150x150.jpg 150w, http:\/\/labestiadeportiva.com\/lbd\/wp-content\/uploads\/2019\/10\/FB_IMG_1570829714517-1024x1024.jpg 1024w, http:\/\/labestiadeportiva.com\/lbd\/wp-content\/uploads\/2019\/10\/FB_IMG_1570829714517-160x160.jpg 160w, http:\/\/labestiadeportiva.com\/lbd\/wp-content\/uploads\/2019\/10\/FB_IMG_1570829714517-320x320.jpg 320w, http:\/\/labestiadeportiva.com\/lbd\/wp-content\/uploads\/2019\/10\/FB_IMG_1570829714517-60x60.jpg 60w, http:\/\/labestiadeportiva.com\/lbd\/wp-content\/uploads\/2019\/10\/FB_IMG_1570829714517.jpg 1112w\" sizes=\"(max-width: 300px) 100vw, 300px\" \/><\/a><br \/>\nFin de semana largo con aniversario de nuestra ciudad incluido. El futsal CAFS presentar\u00e1 el Torneo Nacional C17, hockey pista, prueba atl\u00e9tica, regata, automovilismo y futsal AFA. El f\u00fatbol 11 tiene fixture pero esperar\u00e1 hasta el s\u00e1bado a la ma\u00f1ana para ver si juega y el rugby de la Uni\u00f3n suspendi\u00f3 sus partidos en Ushuaia por el actual estado de los campos de juego.<!--more--><\/p>\n<p>Futsal Federado<\/p>\n<p>La Federaci\u00f3n Ushuaiense de Futbol de Sal\u00f3n organizar\u00e1 el Torneo Argentino C17.<\/p>\n<p>En el Fin del Mundo estar\u00e1n presentes 8 selecciones. Las acciones comenzar\u00e1n el s\u00e1bado 12 en el sal\u00f3n \u00abIslas Malvinas\u00bb con el acto lanzamiento, sorteo y acreditaci\u00f3n.<\/p>\n<p>Ya el domingo 13 en el Microestadio Jos\u00e9 \u00abCochocho\u00bb Vargas a las 10 de la ma\u00f1ana curso de capacitaci\u00f3n y de 14 a 21 la primera fecha del torneo. A las 19 est\u00e1 previsto el acto inaugural. La acci\u00f3n se extender\u00e1 hasta el s\u00e1bado 19.<\/p>\n<p>Asimismo el s\u00e1bado por la noche en el marco de la primera edici\u00f3n de la \u00c9lite Fueguina Casa Magallanes recibir\u00e1 desde las 17.30 al riograndense\u00a0 San Mart\u00edn mientras que el domingo definir\u00e1 el Clausura local ante HAF desde las 21.30 ambos en el Microestadio Municipal.<\/p>\n<p>Hockey Pista<\/p>\n<p>La Federaci\u00f3n TDF desplegar\u00e1 la fecha 19 de la Liga Provincial en Ushuaia. Ser\u00e1n 11 partidos en la pista del URC, ubicada en el barrio R\u00edo Pipo. Se competir\u00e1 de 11 a 19 horas con encuentros sub 12, sub 14, sub 16 y primera damas.<\/p>\n<p>Automovilismo<\/p>\n<p>Momento de los 100 kil\u00f3metros de la mano de la APAP. Entrar\u00e1n en acci\u00f3n Clase 2 y Clase 2 Inyecci\u00f3n con el agregado de piloto invitado.<\/p>\n<p>Acompa\u00f1ar\u00e1 la jornada la ACTCF con la\u00a0 6\u00b0 de su campeonato que amenizan TC y Turismo Pista.<\/p>\n<p>El s\u00e1bado pruebas libres desde las 10.30, clasificaciones y las dos series del Turismo Pista.<\/p>\n<p>Ya el domingo entrenamientos, a media ma\u00f1ana las dos series del TC para luego dejar lugar a la Clase 2 (titulares) y luego (invitados).<\/p>\n<p>Promediando la jornada la final del Turismo Pista y TC cerrando con las dos carreras de la Clase 2 Inyecci\u00f3n y Clase 2.<\/p>\n<p><a href=\"http:\/\/labestiadeportiva.com\/lbd\/wp-content\/uploads\/2019\/10\/FB_IMG_1570801206364.jpg\"><img loading=\"lazy\" class=\"aligncenter size-medium wp-image-33944\" src=\"http:\/\/labestiadeportiva.com\/lbd\/wp-content\/uploads\/2019\/10\/FB_IMG_1570801206364-300x300.jpg\" alt=\"FB_IMG_1570801206364\" width=\"300\" height=\"300\" srcset=\"http:\/\/labestiadeportiva.com\/lbd\/wp-content\/uploads\/2019\/10\/FB_IMG_1570801206364-300x300.jpg 300w, http:\/\/labestiadeportiva.com\/lbd\/wp-content\/uploads\/2019\/10\/FB_IMG_1570801206364-150x150.jpg 150w, http:\/\/labestiadeportiva.com\/lbd\/wp-content\/uploads\/2019\/10\/FB_IMG_1570801206364-160x160.jpg 160w, http:\/\/labestiadeportiva.com\/lbd\/wp-content\/uploads\/2019\/10\/FB_IMG_1570801206364-320x320.jpg 320w, http:\/\/labestiadeportiva.com\/lbd\/wp-content\/uploads\/2019\/10\/FB_IMG_1570801206364-60x60.jpg 60w, http:\/\/labestiadeportiva.com\/lbd\/wp-content\/uploads\/2019\/10\/FB_IMG_1570801206364.jpg 700w\" sizes=\"(max-width: 300px) 100vw, 300px\" \/><\/a>Regata<\/p>\n<p>El club AFASyN realizar\u00e1 este domingo la competencia n\u00e1utica 135\u00b0 Aniversario de Ushuaia. Reuni\u00f3n de timoneles a las 10 para una hora despu\u00e9s poner en marcha la acci\u00f3n en un tri\u00e1ngulo Ol\u00edmpico en la\u00a0 bah\u00eda de nuestra ciudad. El juez de la justa ser\u00e1 el se\u00f1or C\u00e9sar Colantonio.<\/p>\n<p>Prueba Atl\u00e9tica<\/p>\n<p>En esta oportunidad la convocatoria ser\u00e1 del Servicio Penitenciario TDF. La competencia se realizar\u00e1 el domingo a las 11 con concentraci\u00f3n y salida desde\u00a0 Maip\u00fa 367. Habr\u00e1 tres recorridos 2.5, 5 y 10 k. Los organizadores adelantaron que el evento estar\u00e1 supeditado a las condiciones clim\u00e1ticas del momento.<\/p>\n<p>F\u00fatbol 11<\/p>\n<p>El triangular clasificatorio al Regional Amateur se trasladar\u00e1 al norte de la isla. En el marco de la segunda fecha en el sint\u00e9tico municipal del barrio AGP el s\u00e1bado desde las 16 chocar\u00e1n los elencos de Camioneros de ambas ciudades. El Club Atl\u00e9tico de la Educaci\u00f3n Fueguina tendr\u00e1 fecha libre.<\/p>\n<p>En el \u00e1mbito local de primera divisi\u00f3n la Liga Ushuaiense oficializ\u00f3 la fecha que tendr\u00e1 un partido el s\u00e1bado y cinco el domingo.<\/p>\n<p>La nevada de las \u00faltimas horas complic\u00f3 las cosas, los dirigentes definir\u00e1n este s\u00e1bado por la ma\u00f1ana si el sint\u00e9tico est\u00e1 en condiciones de utilizarse.<\/p>\n<p>Futsal AFA<\/p>\n<p>El departamento salonero de la Liga competir\u00e1 en la mayor\u00eda de sus categor\u00edas el d\u00eda domingo.<\/p>\n<p>La primera jugar\u00e1 7 encuentros en el Club Albatros (Ex CECU) de 11.30 a 22, el femenino en el \u00abPetrina\u00bb de 20 a 22.30, Inferiores en AEP de 13 a 16, Sub 15 en el Petrina de 16 a 20, Sub 17 en el Club Albatros a las 10 y la Reserva en el \u00abPetrina\u00bb de 13 a 15.30 horas.<\/p>\n<p><a href=\"http:\/\/labestiadeportiva.com\/lbd\/wp-content\/uploads\/2019\/10\/FB_IMG_1570829029603.jpg\"><img loading=\"lazy\" class=\"aligncenter size-medium wp-image-33945\" src=\"http:\/\/labestiadeportiva.com\/lbd\/wp-content\/uploads\/2019\/10\/FB_IMG_1570829029603-300x300.jpg\" alt=\"FB_IMG_1570829029603\" width=\"300\" height=\"300\" srcset=\"http:\/\/labestiadeportiva.com\/lbd\/wp-content\/uploads\/2019\/10\/FB_IMG_1570829029603-300x300.jpg 300w, http:\/\/labestiadeportiva.com\/lbd\/wp-content\/uploads\/2019\/10\/FB_IMG_1570829029603-150x150.jpg 150w, http:\/\/labestiadeportiva.com\/lbd\/wp-content\/uploads\/2019\/10\/FB_IMG_1570829029603-1024x1024.jpg 1024w, http:\/\/labestiadeportiva.com\/lbd\/wp-content\/uploads\/2019\/10\/FB_IMG_1570829029603-160x160.jpg 160w, http:\/\/labestiadeportiva.com\/lbd\/wp-content\/uploads\/2019\/10\/FB_IMG_1570829029603-320x320.jpg 320w, http:\/\/labestiadeportiva.com\/lbd\/wp-content\/uploads\/2019\/10\/FB_IMG_1570829029603-60x60.jpg 60w, http:\/\/labestiadeportiva.com\/lbd\/wp-content\/uploads\/2019\/10\/FB_IMG_1570829029603.jpg 1080w\" sizes=\"(max-width: 300px) 100vw, 300px\" \/><\/a><\/p>\n<p><a href=\"http:\/\/labestiadeportiva.com\/lbd\/wp-content\/uploads\/2019\/10\/IMG-20191010-WA0063.jpg\"><img loading=\"lazy\" class=\"aligncenter size-medium wp-image-33946\" src=\"http:\/\/labestiadeportiva.com\/lbd\/wp-content\/uploads\/2019\/10\/IMG-20191010-WA0063-300x201.jpg\" alt=\"IMG-20191010-WA0063\" width=\"300\" height=\"201\" srcset=\"http:\/\/labestiadeportiva.com\/lbd\/wp-content\/uploads\/2019\/10\/IMG-20191010-WA0063-300x201.jpg 300w, http:\/\/labestiadeportiva.com\/lbd\/wp-content\/uploads\/2019\/10\/IMG-20191010-WA0063.jpg 676w\" sizes=\"(max-width: 300px) 100vw, 300px\" \/><\/a><\/p>\n<p><a href=\"http:\/\/labestiadeportiva.com\/lbd\/wp-content\/uploads\/2019\/10\/IMG-20191010-WA0062.jpg\"><img loading=\"lazy\" class=\"aligncenter size-medium wp-image-33947\" src=\"http:\/\/labestiadeportiva.com\/lbd\/wp-content\/uploads\/2019\/10\/IMG-20191010-WA0062-300x201.jpg\" alt=\"IMG-20191010-WA0062\" width=\"300\" height=\"201\" srcset=\"http:\/\/labestiadeportiva.com\/lbd\/wp-content\/uploads\/2019\/10\/IMG-20191010-WA0062-300x201.jpg 300w, http:\/\/labestiadeportiva.com\/lbd\/wp-content\/uploads\/2019\/10\/IMG-20191010-WA0062.jpg 549w\" sizes=\"(max-width: 300px) 100vw, 300px\" \/><\/a><\/p>\n<p><a href=\"http:\/\/labestiadeportiva.com\/lbd\/wp-content\/uploads\/2019\/10\/FB_IMG_1570829010342.jpg\"><img loading=\"lazy\" class=\"aligncenter size-medium wp-image-33948\" src=\"http:\/\/labestiadeportiva.com\/lbd\/wp-content\/uploads\/2019\/10\/FB_IMG_1570829010342-214x300.jpg\" alt=\"FB_IMG_1570829010342\" width=\"214\" height=\"300\" srcset=\"http:\/\/labestiadeportiva.com\/lbd\/wp-content\/uploads\/2019\/10\/FB_IMG_1570829010342-214x300.jpg 214w, http:\/\/labestiadeportiva.com\/lbd\/wp-content\/uploads\/2019\/10\/FB_IMG_1570829010342.jpg 480w\" sizes=\"(max-width: 214px) 100vw, 214px\" \/><\/a><\/p>\n<p><a href=\"http:\/\/labestiadeportiva.com\/lbd\/wp-content\/uploads\/2019\/10\/FB_IMG_1570829018833.jpg\"><img loading=\"lazy\" class=\"aligncenter size-medium wp-image-33949\" src=\"http:\/\/labestiadeportiva.com\/lbd\/wp-content\/uploads\/2019\/10\/FB_IMG_1570829018833-300x300.jpg\" alt=\"FB_IMG_1570829018833\" width=\"300\" height=\"300\" srcset=\"http:\/\/labestiadeportiva.com\/lbd\/wp-content\/uploads\/2019\/10\/FB_IMG_1570829018833-300x300.jpg 300w, http:\/\/labestiadeportiva.com\/lbd\/wp-content\/uploads\/2019\/10\/FB_IMG_1570829018833-150x150.jpg 150w, http:\/\/labestiadeportiva.com\/lbd\/wp-content\/uploads\/2019\/10\/FB_IMG_1570829018833-1024x1024.jpg 1024w, http:\/\/labestiadeportiva.com\/lbd\/wp-content\/uploads\/2019\/10\/FB_IMG_1570829018833-160x160.jpg 160w, http:\/\/labestiadeportiva.com\/lbd\/wp-content\/uploads\/2019\/10\/FB_IMG_1570829018833-320x320.jpg 320w, http:\/\/labestiadeportiva.com\/lbd\/wp-content\/uploads\/2019\/10\/FB_IMG_1570829018833-60x60.jpg 60w, http:\/\/labestiadeportiva.com\/lbd\/wp-content\/uploads\/2019\/10\/FB_IMG_1570829018833.jpg 1080w\" sizes=\"(max-width: 300px) 100vw, 300px\" \/><\/a><\/p>\n<p><a href=\"http:\/\/labestiadeportiva.com\/lbd\/wp-content\/uploads\/2019\/10\/FB_IMG_1570829004692.jpg\"><img loading=\"lazy\" class=\"aligncenter size-medium wp-image-33950\" src=\"http:\/\/labestiadeportiva.com\/lbd\/wp-content\/uploads\/2019\/10\/FB_IMG_1570829004692-300x300.jpg\" alt=\"FB_IMG_1570829004692\" width=\"300\" height=\"300\" srcset=\"http:\/\/labestiadeportiva.com\/lbd\/wp-content\/uploads\/2019\/10\/FB_IMG_1570829004692-300x300.jpg 300w, http:\/\/labestiadeportiva.com\/lbd\/wp-content\/uploads\/2019\/10\/FB_IMG_1570829004692-150x150.jpg 150w, http:\/\/labestiadeportiva.com\/lbd\/wp-content\/uploads\/2019\/10\/FB_IMG_1570829004692-1024x1024.jpg 1024w, http:\/\/labestiadeportiva.com\/lbd\/wp-content\/uploads\/2019\/10\/FB_IMG_1570829004692-160x160.jpg 160w, http:\/\/labestiadeportiva.com\/lbd\/wp-content\/uploads\/2019\/10\/FB_IMG_1570829004692-320x320.jpg 320w, http:\/\/labestiadeportiva.com\/lbd\/wp-content\/uploads\/2019\/10\/FB_IMG_1570829004692-60x60.jpg 60w, http:\/\/labestiadeportiva.com\/lbd\/wp-content\/uploads\/2019\/10\/FB_IMG_1570829004692.jpg 1080w\" sizes=\"(max-width: 300px) 100vw, 300px\" \/><\/a><\/p>\n<p><a href=\"http:\/\/labestiadeportiva.com\/lbd\/wp-content\/uploads\/2019\/10\/FB_IMG_1570828989844.jpg\"><img loading=\"lazy\" class=\"aligncenter size-medium wp-image-33951\" src=\"http:\/\/labestiadeportiva.com\/lbd\/wp-content\/uploads\/2019\/10\/FB_IMG_1570828989844-201x300.jpg\" alt=\"FB_IMG_1570828989844\" width=\"201\" height=\"300\" srcset=\"http:\/\/labestiadeportiva.com\/lbd\/wp-content\/uploads\/2019\/10\/FB_IMG_1570828989844-201x300.jpg 201w, http:\/\/labestiadeportiva.com\/lbd\/wp-content\/uploads\/2019\/10\/FB_IMG_1570828989844-686x1024.jpg 686w, http:\/\/labestiadeportiva.com\/lbd\/wp-content\/uploads\/2019\/10\/FB_IMG_1570828989844.jpg 1080w\" sizes=\"(max-width: 201px) 100vw, 201px\" \/><\/a><\/p>\n<p><a href=\"http:\/\/labestiadeportiva.com\/lbd\/wp-content\/uploads\/2019\/10\/FB_IMG_1570828986451.jpg\"><img loading=\"lazy\" class=\"aligncenter size-medium wp-image-33952\" src=\"http:\/\/labestiadeportiva.com\/lbd\/wp-content\/uploads\/2019\/10\/FB_IMG_1570828986451-230x300.jpg\" alt=\"FB_IMG_1570828986451\" width=\"230\" height=\"300\" srcset=\"http:\/\/labestiadeportiva.com\/lbd\/wp-content\/uploads\/2019\/10\/FB_IMG_1570828986451-230x300.jpg 230w, http:\/\/labestiadeportiva.com\/lbd\/wp-content\/uploads\/2019\/10\/FB_IMG_1570828986451-787x1024.jpg 787w, http:\/\/labestiadeportiva.com\/lbd\/wp-content\/uploads\/2019\/10\/FB_IMG_1570828986451.jpg 1080w\" sizes=\"(max-width: 230px) 100vw, 230px\" \/><\/a><\/p>\n<p><a href=\"http:\/\/labestiadeportiva.com\/lbd\/wp-content\/uploads\/2019\/10\/IMG-20191010-WA00022.jpg\"><img loading=\"lazy\" class=\"aligncenter size-medium wp-image-33957\" src=\"http:\/\/labestiadeportiva.com\/lbd\/wp-content\/uploads\/2019\/10\/IMG-20191010-WA00022-300x169.jpg\" alt=\"IMG-20191010-WA0002~2\" width=\"300\" height=\"169\" srcset=\"http:\/\/labestiadeportiva.com\/lbd\/wp-content\/uploads\/2019\/10\/IMG-20191010-WA00022-300x169.jpg 300w, http:\/\/labestiadeportiva.com\/lbd\/wp-content\/uploads\/2019\/10\/IMG-20191010-WA00022-1024x578.jpg 1024w, http:\/\/labestiadeportiva.com\/lbd\/wp-content\/uploads\/2019\/10\/IMG-20191010-WA00022.jpg 1140w\" sizes=\"(max-width: 300px) 100vw, 300px\" \/><\/a><\/p>\n<p>&nbsp;<\/p>\n<p>&nbsp;<\/p>\n<div class='epvc-post-count'><span class='epvc-eye'><\/span>  <span class=\"epvc-count\"> 1.393<\/span><span class='epvc-label'> veces le\u00edda<\/span><\/div>\n<div class=\"jwsharethis\">\nShare this: \n<br \/>\n<a href=\"mailto:?subject=Agenda%20Deportiva&amp;body=http%3A%2F%2Flabestiadeportiva.com%2Flbd%2Fagenda-deportiva-210%2F\">\n<img src=\"http:\/\/labestiadeportiva.com\/lbd\/wp-content\/plugins\/jw-share-this\/email.png\" alt=\"Share this page via Email\" \/>\n<\/a>\n<a target=\"_blank\" href=\"http:\/\/www.stumbleupon.com\/submit?url=http%3A%2F%2Flabestiadeportiva.com%2Flbd%2Fagenda-deportiva-210%2F&amp;title=Agenda+Deportiva\">\n<img src=\"http:\/\/labestiadeportiva.com\/lbd\/wp-content\/plugins\/jw-share-this\/su.png\" alt=\"Share this page via Stumble Upon\" \/>\n<\/a>\n<a target=\"_blank\" href=\"http:\/\/digg.com\/submit?url=http%3A%2F%2Flabestiadeportiva.com%2Flbd%2Fagenda-deportiva-210%2F&amp;title=Agenda+Deportiva\">\n<img src=\"http:\/\/labestiadeportiva.com\/lbd\/wp-content\/plugins\/jw-share-this\/digg.png\" alt=\"Share this page via Digg this\" \/>\n<\/a>\n<a target=\"_blank\" href=\"http:\/\/www.facebook.com\/sharer.php?u=http%3A%2F%2Flabestiadeportiva.com%2Flbd%2Fagenda-deportiva-210%2F&amp;t=Agenda+Deportiva\">\n<img src=\"http:\/\/labestiadeportiva.com\/lbd\/wp-content\/plugins\/jw-share-this\/fb.png\" alt=\"Share this page via Facebook\" \/>\n<\/a>\n<a target=\"_blank\" href=\"http:\/\/twitter.com\/intent\/tweet?text=I+like+http%3A%2F%2Flabestiadeportiva.com%2Flbd%2Fagenda-deportiva-210%2F&amp;title=Agenda+Deportiva\">\n<img src=\"http:\/\/labestiadeportiva.com\/lbd\/wp-content\/plugins\/jw-share-this\/twitter.png\" alt=\"Share this page via Twitter\" \/>\n<\/a>\n<\/div>\n","protected":false},"excerpt":{"rendered":"<p>Fin de semana largo con aniversario de nuestra ciudad incluido. El futsal CAFS presentar\u00e1 el Torneo Nacional C17, hockey pista, prueba atl\u00e9tica, regata, automovilismo y futsal AFA. El f\u00fatbol 11 tiene fixture pero esperar\u00e1 hasta el s\u00e1bado a la ma\u00f1ana para ver si juega y el rugby de la Uni\u00f3n suspendi\u00f3 sus partidos en Ushuaia &hellip; <a href=\"http:\/\/labestiadeportiva.com\/lbd\/agenda-deportiva-210\/\" class=\"more-link\">Seguir leyendo <span class=\"screen-reader-text\">Agenda Deportiva<\/span> <span class=\"meta-nav\">&rarr;<\/span><\/a><\/p>\n","protected":false},"author":1,"featured_media":33943,"comment_status":"open","ping_status":"open","sticky":false,"template":"","format":"standard","meta":[],"categories":[5,1],"tags":[62,3660],"_links":{"self":[{"href":"http:\/\/labestiadeportiva.com\/lbd\/wp-json\/wp\/v2\/posts\/33942"}],"collection":[{"href":"http:\/\/labestiadeportiva.com\/lbd\/wp-json\/wp\/v2\/posts"}],"about":[{"href":"http:\/\/labestiadeportiva.com\/lbd\/wp-json\/wp\/v2\/types\/post"}],"author":[{"embeddable":true,"href":"http:\/\/labestiadeportiva.com\/lbd\/wp-json\/wp\/v2\/users\/1"}],"replies":[{"embeddable":true,"href":"http:\/\/labestiadeportiva.com\/lbd\/wp-json\/wp\/v2\/comments?post=33942"}],"version-history":[{"count":4,"href":"http:\/\/labestiadeportiva.com\/lbd\/wp-json\/wp\/v2\/posts\/33942\/revisions"}],"predecessor-version":[{"id":33958,"href":"http:\/\/labestiadeportiva.com\/lbd\/wp-json\/wp\/v2\/posts\/33942\/revisions\/33958"}],"wp:featuredmedia":[{"embeddable":true,"href":"http:\/\/labestiadeportiva.com\/lbd\/wp-json\/wp\/v2\/media\/33943"}],"wp:attachment":[{"href":"http:\/\/labestiadeportiva.com\/lbd\/wp-json\/wp\/v2\/media?parent=33942"}],"wp:term":[{"taxonomy":"category","embeddable":true,"href":"http:\/\/labestiadeportiva.com\/lbd\/wp-json\/wp\/v2\/categories?post=33942"},{"taxonomy":"post_tag","embeddable":true,"href":"http:\/\/labestiadeportiva.com\/lbd\/wp-json\/wp\/v2\/tags?post=33942"}],"curies":[{"name":"wp","href":"https:\/\/api.w.org\/{rel}","templated":true}]}}