{"id":3400,"date":"2013-03-12T05:02:19","date_gmt":"2013-03-12T05:02:19","guid":{"rendered":"http:\/\/labestiadeportiva.com\/lbd\/?p=3400"},"modified":"2013-03-12T05:08:39","modified_gmt":"2013-03-12T05:08:39","slug":"quiero-ser-una-persona-libre-para-poder-elegir-el-lugar-y-momento-donde-ir-a-jugar","status":"publish","type":"post","link":"http:\/\/labestiadeportiva.com\/lbd\/quiero-ser-una-persona-libre-para-poder-elegir-el-lugar-y-momento-donde-ir-a-jugar\/","title":{"rendered":"\u201cQuiero ser una persona libre para poder elegir el lugar y momento donde ir a jugar\u201d"},"content":{"rendered":"<p><a href=\"http:\/\/labestiadeportiva.com\/lbd\/wp-content\/uploads\/2013\/03\/395997_4331811977947_1342264383_n.jpg\"><img loading=\"lazy\" class=\"alignleft size-medium wp-image-3401\" title=\"395997_4331811977947_1342264383_n\" src=\"http:\/\/labestiadeportiva.com\/lbd\/wp-content\/uploads\/2013\/03\/395997_4331811977947_1342264383_n-288x300.jpg\" alt=\"\" width=\"288\" height=\"300\" srcset=\"http:\/\/labestiadeportiva.com\/lbd\/wp-content\/uploads\/2013\/03\/395997_4331811977947_1342264383_n-288x300.jpg 288w, http:\/\/labestiadeportiva.com\/lbd\/wp-content\/uploads\/2013\/03\/395997_4331811977947_1342264383_n.jpg 692w\" sizes=\"(max-width: 288px) 100vw, 288px\" \/><\/a>Instantes complicados vive <span style=\"color: #ff0000;\">Alamiro Vaporaki<\/span>, el jugador ushuaiense m\u00e1s importante que ha generado el futsal en los \u00faltimos a\u00f1os, conflicto por su pr\u00e9stamo entre el club due\u00f1o de su pase y Boca Juniors. Desde LBD nos comunicamos telef\u00f3nicamente con \u00e9l, estos son sus principales dichos donde nos explica la situaci\u00f3n que lo tiene a mal traer.<!--morePara leer Click Aqu\u00ed--><\/p>\n<p><span style=\"color: #0000ff;\">\u201cSi bien yo sab\u00eda que iba a haber algunas complicaciones con el pase nunca pens\u00e9 que \u00edbamos a llegar hasta este momento, pero bueno la cuesti\u00f3n es que todo est\u00e1 trabado y hay muchos intereses de por medio la realidad es que todav\u00eda no he firmado con Boca y el futuro es un poco incierto, estoy sumamente preocupado por esta situaci\u00f3n.<\/span><\/p>\n<p><span style=\"color: #0000ff;\">Yo pensaba que a esta altura iba a estar solucionado el tema pero lamentablemente vengo soportando mala forma en el trato por parte de la gente de Am\u00e9rica, ponen trabas con cifras il\u00f3gicas entonces las negociaciones no avanzan.<\/span><\/p>\n<p><span style=\"color: #0000ff;\">La verdad que esto me pone bastante intranquilo, estas idas y vueltas a uno le juegan en forma negativa a la hora de entrenar y ponerme a punto para el inicio del torneo, s\u00e9 que esto no me favorece.<\/span><\/p>\n<p><span style=\"color: #0000ff;\">Puntualmente la traba es econ\u00f3mica, pero hay otros factores que tambi\u00e9n influyen yo considero que he dado todo y no quiero tener ning\u00fan v\u00ednculo m\u00e1s con la gente de Am\u00e9rica, quiero ser una persona libre para poder elegir\u00a0 el lugar y momento donde ir a jugar.<\/span><\/p>\n<p><span style=\"color: #0000ff;\">Realmente he llegado a una situaci\u00f3n l\u00edmite donde no puedo soportar el manejo y el trato que ha establecido la gente de \u00a0Am\u00e9rica donde incluso se ha metido en mi sueldo, hay cosas que uno no quiere ni debe aguantar \u00a0se han metido donde no deb\u00edan y lleg\u00f3 el momento de poner un punto final a esta relaci\u00f3n de bastante tiempo con Am\u00e9rica y que todos los a\u00f1os es la misma historia.<\/span><\/p>\n<p><span style=\"color: #0000ff;\">Ya soy un jugador grande y merezco tomas decisiones propias y no estar dependiendo de un dirigente o un grupo de ellos que lo \u00fanico que busca es un beneficio personal. El que genera realmente lo que soy, adonde juego y la trayectoria que tengo soy pura y exclusivamente yo.<\/span><\/p>\n<p><span style=\"color: #0000ff;\">En ese sentido los dirigentes nunca me han llamado para preguntarme si estoy bien o mal entonces de repente llega esta altura del a\u00f1o y lo \u00fanico que pretenden hacer es poner un n\u00famero y recibir dinero, creo que ya me lo he bancado bastante, vengo desde el 2006 con esta situaci\u00f3n, y llegu\u00e9 a un punto donde me he saturado.<\/span><\/p>\n<p><span style=\"color: #0000ff;\">La forma como se han manejado no va conmigo ni con el deporte, he tomado esta decisi\u00f3n pero obviamente espero que se soluciones porque no me veo otra cosa que no sea jugando, creo que la dignidad de la persona vale m\u00e1s que cualquier cosa.<\/span><\/p>\n<p><span style=\"color: #0000ff;\">La gente de Boca est\u00e1 apoy\u00e1ndome en todo, est\u00e1n pendientes de que el tema se solucione pero la\u00a0 verdad que la cosa est\u00e1 complicada porque Am\u00e9rica pidi\u00f3 una cifra muy elevada por la transferencia incluso con un n\u00famero que no se maneja en el futsal incluso te dir\u00eda que son montos similares a un jugador de cancha grande. Creo que no es justo que un club tenga que pagar tanta cantidad de dinero.<\/span><\/p>\n<p><span style=\"color: #0000ff;\">La fecha l\u00edmite para solucionar esto no la tengo, el torneo inicia la primera semana de abril entonces hasta ese momento habr\u00e1 tiempo de destrabar la situaci\u00f3n. Seguramente esto repercute en todo el ambiente, si bien soy un jugador de selecci\u00f3n creo que esto que me est\u00e1 pasando \u00a0afecta a todos los que jugamos a este deporte.<\/span><\/p>\n<p><span style=\"color: #0000ff;\">Hay dirigentes que se pasan de vivos creyendo que pueden pedir cualquier locura. El tema est\u00e1 haciendo ruido, me han llamado medios del extranjero, yo espero que la situaci\u00f3n se destrabe tengo fe, soy optimista es dif\u00edcil he tomado una postura, una decisi\u00f3n que voy a mantener hasta el final.<\/span><\/p>\n<p><span style=\"color: #0000ff;\">Muchas gracias por el apoyo de siempre, un saludo a todos mis amigos y familia en Ushuaia\u201d.<\/span><\/p>\n<div class='epvc-post-count'><span class='epvc-eye'><\/span>  <span class=\"epvc-count\"> 1.276<\/span><span class='epvc-label'> veces le\u00edda<\/span><\/div>\n<div class=\"jwsharethis\">\nShare this: \n<br \/>\n<a href=\"mailto:?subject=%E2%80%9CQuiero%20ser%20una%20persona%20libre%20para%20poder%20elegir%20el%20lugar%20y%20momento%20donde%20ir%20a%20jugar%E2%80%9D&amp;body=http%3A%2F%2Flabestiadeportiva.com%2Flbd%2Fquiero-ser-una-persona-libre-para-poder-elegir-el-lugar-y-momento-donde-ir-a-jugar%2F\">\n<img src=\"http:\/\/labestiadeportiva.com\/lbd\/wp-content\/plugins\/jw-share-this\/email.png\" alt=\"Share this page via Email\" \/>\n<\/a>\n<a target=\"_blank\" href=\"http:\/\/www.stumbleupon.com\/submit?url=http%3A%2F%2Flabestiadeportiva.com%2Flbd%2Fquiero-ser-una-persona-libre-para-poder-elegir-el-lugar-y-momento-donde-ir-a-jugar%2F&amp;title=%E2%80%9CQuiero+ser+una+persona+libre+para+poder+elegir+el+lugar+y+momento+donde+ir+a+jugar%E2%80%9D\">\n<img src=\"http:\/\/labestiadeportiva.com\/lbd\/wp-content\/plugins\/jw-share-this\/su.png\" alt=\"Share this page via Stumble Upon\" \/>\n<\/a>\n<a target=\"_blank\" href=\"http:\/\/digg.com\/submit?url=http%3A%2F%2Flabestiadeportiva.com%2Flbd%2Fquiero-ser-una-persona-libre-para-poder-elegir-el-lugar-y-momento-donde-ir-a-jugar%2F&amp;title=%E2%80%9CQuiero+ser+una+persona+libre+para+poder+elegir+el+lugar+y+momento+donde+ir+a+jugar%E2%80%9D\">\n<img src=\"http:\/\/labestiadeportiva.com\/lbd\/wp-content\/plugins\/jw-share-this\/digg.png\" alt=\"Share this page via Digg this\" \/>\n<\/a>\n<a target=\"_blank\" href=\"http:\/\/www.facebook.com\/sharer.php?u=http%3A%2F%2Flabestiadeportiva.com%2Flbd%2Fquiero-ser-una-persona-libre-para-poder-elegir-el-lugar-y-momento-donde-ir-a-jugar%2F&amp;t=%E2%80%9CQuiero+ser+una+persona+libre+para+poder+elegir+el+lugar+y+momento+donde+ir+a+jugar%E2%80%9D\">\n<img src=\"http:\/\/labestiadeportiva.com\/lbd\/wp-content\/plugins\/jw-share-this\/fb.png\" alt=\"Share this page via Facebook\" \/>\n<\/a>\n<a target=\"_blank\" href=\"http:\/\/twitter.com\/intent\/tweet?text=I+like+http%3A%2F%2Flabestiadeportiva.com%2Flbd%2Fquiero-ser-una-persona-libre-para-poder-elegir-el-lugar-y-momento-donde-ir-a-jugar%2F&amp;title=%E2%80%9CQuiero+ser+una+persona+libre+para+poder+elegir+el+lugar+y+momento+donde+ir+a+jugar%E2%80%9D\">\n<img src=\"http:\/\/labestiadeportiva.com\/lbd\/wp-content\/plugins\/jw-share-this\/twitter.png\" alt=\"Share this page via Twitter\" \/>\n<\/a>\n<\/div>\n","protected":false},"excerpt":{"rendered":"<p>Instantes complicados vive Alamiro Vaporaki, el jugador ushuaiense m\u00e1s importante que ha generado el futsal en los \u00faltimos a\u00f1os, conflicto por su pr\u00e9stamo entre el club due\u00f1o de su pase y Boca Juniors. Desde LBD nos comunicamos telef\u00f3nicamente con \u00e9l, estos son sus principales dichos donde nos explica la situaci\u00f3n que lo tiene a mal &hellip; <a href=\"http:\/\/labestiadeportiva.com\/lbd\/quiero-ser-una-persona-libre-para-poder-elegir-el-lugar-y-momento-donde-ir-a-jugar\/\" class=\"more-link\">Seguir leyendo <span class=\"screen-reader-text\">\u201cQuiero ser una persona libre para poder elegir el lugar y momento donde ir a jugar\u201d<\/span> <span class=\"meta-nav\">&rarr;<\/span><\/a><\/p>\n","protected":false},"author":1,"featured_media":3401,"comment_status":"open","ping_status":"open","sticky":false,"template":"","format":"standard","meta":[],"categories":[5,6,1],"tags":[210,4838,30],"_links":{"self":[{"href":"http:\/\/labestiadeportiva.com\/lbd\/wp-json\/wp\/v2\/posts\/3400"}],"collection":[{"href":"http:\/\/labestiadeportiva.com\/lbd\/wp-json\/wp\/v2\/posts"}],"about":[{"href":"http:\/\/labestiadeportiva.com\/lbd\/wp-json\/wp\/v2\/types\/post"}],"author":[{"embeddable":true,"href":"http:\/\/labestiadeportiva.com\/lbd\/wp-json\/wp\/v2\/users\/1"}],"replies":[{"embeddable":true,"href":"http:\/\/labestiadeportiva.com\/lbd\/wp-json\/wp\/v2\/comments?post=3400"}],"version-history":[{"count":2,"href":"http:\/\/labestiadeportiva.com\/lbd\/wp-json\/wp\/v2\/posts\/3400\/revisions"}],"predecessor-version":[{"id":3403,"href":"http:\/\/labestiadeportiva.com\/lbd\/wp-json\/wp\/v2\/posts\/3400\/revisions\/3403"}],"wp:featuredmedia":[{"embeddable":true,"href":"http:\/\/labestiadeportiva.com\/lbd\/wp-json\/wp\/v2\/media\/3401"}],"wp:attachment":[{"href":"http:\/\/labestiadeportiva.com\/lbd\/wp-json\/wp\/v2\/media?parent=3400"}],"wp:term":[{"taxonomy":"category","embeddable":true,"href":"http:\/\/labestiadeportiva.com\/lbd\/wp-json\/wp\/v2\/categories?post=3400"},{"taxonomy":"post_tag","embeddable":true,"href":"http:\/\/labestiadeportiva.com\/lbd\/wp-json\/wp\/v2\/tags?post=3400"}],"curies":[{"name":"wp","href":"https:\/\/api.w.org\/{rel}","templated":true}]}}