{"id":34439,"date":"2019-11-29T13:19:00","date_gmt":"2019-11-29T16:19:00","guid":{"rendered":"http:\/\/labestiadeportiva.com\/lbd\/?p=34439"},"modified":"2019-11-29T13:19:00","modified_gmt":"2019-11-29T16:19:00","slug":"no-es-lo-mejor-faltar-a-la-ultima-fecha-hay-que-estar-tranquilo-y-acomodar-todo-para-el-ano-que-viene","status":"publish","type":"post","link":"http:\/\/labestiadeportiva.com\/lbd\/no-es-lo-mejor-faltar-a-la-ultima-fecha-hay-que-estar-tranquilo-y-acomodar-todo-para-el-ano-que-viene\/","title":{"rendered":"\u00abNo es lo mejor faltar a la \u00faltima fecha, hay que estar tranquilo y acomodar todo para el a\u00f1o que viene\u00bb"},"content":{"rendered":"<p><a href=\"http:\/\/labestiadeportiva.com\/lbd\/wp-content\/uploads\/2019\/11\/FB_IMG_1575044056594.jpg\"><img loading=\"lazy\" src=\"http:\/\/labestiadeportiva.com\/lbd\/wp-content\/uploads\/2019\/11\/FB_IMG_1575044056594-300x231.jpg\" alt=\"FB_IMG_1575044056594\" width=\"300\" height=\"231\" class=\"aligncenter size-medium wp-image-34441\" srcset=\"http:\/\/labestiadeportiva.com\/lbd\/wp-content\/uploads\/2019\/11\/FB_IMG_1575044056594-300x231.jpg 300w, http:\/\/labestiadeportiva.com\/lbd\/wp-content\/uploads\/2019\/11\/FB_IMG_1575044056594.jpg 700w\" sizes=\"(max-width: 300px) 100vw, 300px\" \/><\/a><br \/>\nEn las \u00faltimas horas el piloto ushuaiense, Lucas \u00abPaleta\u00bb Garro, confirm\u00f3 que no estar\u00e1 presente en la fecha coronaci\u00f3n del TP. La falta de presupuesto fue el principal motivo de la decisi\u00f3n. Con respecto al 2020 expres\u00f3 que estar\u00e1 supeditada a la venta de su unidad que le permitir\u00eda presentarse en la Clase 3. Compartimos la entrevista completa lograda el jueves en la 94.1 FM del Sur.<!--more--><\/p>\n<p>https:\/\/youtu.be\/OxSQ-A2rscc<\/p>\n<div class='epvc-post-count'><span class='epvc-eye'><\/span>  <span class=\"epvc-count\"> 1.116<\/span><span class='epvc-label'> veces le\u00edda<\/span><\/div>\n<div class=\"jwsharethis\">\nShare this: \n<br \/>\n<a href=\"mailto:?subject=%C2%ABNo%20es%20lo%20mejor%20faltar%20a%20la%20%C3%BAltima%20fecha%2C%20hay%20que%20estar%20tranquilo%20y%20acomodar%20todo%20para%20el%20a%C3%B1o%20que%20viene%C2%BB&amp;body=http%3A%2F%2Flabestiadeportiva.com%2Flbd%2Fno-es-lo-mejor-faltar-a-la-ultima-fecha-hay-que-estar-tranquilo-y-acomodar-todo-para-el-ano-que-viene%2F\">\n<img src=\"http:\/\/labestiadeportiva.com\/lbd\/wp-content\/plugins\/jw-share-this\/email.png\" alt=\"Share this page via Email\" \/>\n<\/a>\n<a target=\"_blank\" href=\"http:\/\/www.stumbleupon.com\/submit?url=http%3A%2F%2Flabestiadeportiva.com%2Flbd%2Fno-es-lo-mejor-faltar-a-la-ultima-fecha-hay-que-estar-tranquilo-y-acomodar-todo-para-el-ano-que-viene%2F&amp;title=%C2%ABNo+es+lo+mejor+faltar+a+la+%C3%BAltima+fecha%2C+hay+que+estar+tranquilo+y+acomodar+todo+para+el+a%C3%B1o+que+viene%C2%BB\">\n<img src=\"http:\/\/labestiadeportiva.com\/lbd\/wp-content\/plugins\/jw-share-this\/su.png\" alt=\"Share this page via Stumble Upon\" \/>\n<\/a>\n<a target=\"_blank\" href=\"http:\/\/digg.com\/submit?url=http%3A%2F%2Flabestiadeportiva.com%2Flbd%2Fno-es-lo-mejor-faltar-a-la-ultima-fecha-hay-que-estar-tranquilo-y-acomodar-todo-para-el-ano-que-viene%2F&amp;title=%C2%ABNo+es+lo+mejor+faltar+a+la+%C3%BAltima+fecha%2C+hay+que+estar+tranquilo+y+acomodar+todo+para+el+a%C3%B1o+que+viene%C2%BB\">\n<img src=\"http:\/\/labestiadeportiva.com\/lbd\/wp-content\/plugins\/jw-share-this\/digg.png\" alt=\"Share this page via Digg this\" \/>\n<\/a>\n<a target=\"_blank\" href=\"http:\/\/www.facebook.com\/sharer.php?u=http%3A%2F%2Flabestiadeportiva.com%2Flbd%2Fno-es-lo-mejor-faltar-a-la-ultima-fecha-hay-que-estar-tranquilo-y-acomodar-todo-para-el-ano-que-viene%2F&amp;t=%C2%ABNo+es+lo+mejor+faltar+a+la+%C3%BAltima+fecha%2C+hay+que+estar+tranquilo+y+acomodar+todo+para+el+a%C3%B1o+que+viene%C2%BB\">\n<img src=\"http:\/\/labestiadeportiva.com\/lbd\/wp-content\/plugins\/jw-share-this\/fb.png\" alt=\"Share this page via Facebook\" \/>\n<\/a>\n<a target=\"_blank\" href=\"http:\/\/twitter.com\/intent\/tweet?text=I+like+http%3A%2F%2Flabestiadeportiva.com%2Flbd%2Fno-es-lo-mejor-faltar-a-la-ultima-fecha-hay-que-estar-tranquilo-y-acomodar-todo-para-el-ano-que-viene%2F&amp;title=%C2%ABNo+es+lo+mejor+faltar+a+la+%C3%BAltima+fecha%2C+hay+que+estar+tranquilo+y+acomodar+todo+para+el+a%C3%B1o+que+viene%C2%BB\">\n<img src=\"http:\/\/labestiadeportiva.com\/lbd\/wp-content\/plugins\/jw-share-this\/twitter.png\" alt=\"Share this page via Twitter\" \/>\n<\/a>\n<\/div>\n","protected":false},"excerpt":{"rendered":"<p>En las \u00faltimas horas el piloto ushuaiense, Lucas \u00abPaleta\u00bb Garro, confirm\u00f3 que no estar\u00e1 presente en la fecha coronaci\u00f3n del TP. La falta de presupuesto fue el principal motivo de la decisi\u00f3n. Con respecto al 2020 expres\u00f3 que estar\u00e1 supeditada a la venta de su unidad que le permitir\u00eda presentarse en la Clase 3. Compartimos &hellip; <a href=\"http:\/\/labestiadeportiva.com\/lbd\/no-es-lo-mejor-faltar-a-la-ultima-fecha-hay-que-estar-tranquilo-y-acomodar-todo-para-el-ano-que-viene\/\" class=\"more-link\">Seguir leyendo <span class=\"screen-reader-text\">\u00abNo es lo mejor faltar a la \u00faltima fecha, hay que estar tranquilo y acomodar todo para el a\u00f1o que viene\u00bb<\/span> <span class=\"meta-nav\">&rarr;<\/span><\/a><\/p>\n","protected":false},"author":1,"featured_media":34441,"comment_status":"open","ping_status":"open","sticky":false,"template":"","format":"standard","meta":[],"categories":[2135,5,6,60,1],"tags":[86,4838,99,1300],"_links":{"self":[{"href":"http:\/\/labestiadeportiva.com\/lbd\/wp-json\/wp\/v2\/posts\/34439"}],"collection":[{"href":"http:\/\/labestiadeportiva.com\/lbd\/wp-json\/wp\/v2\/posts"}],"about":[{"href":"http:\/\/labestiadeportiva.com\/lbd\/wp-json\/wp\/v2\/types\/post"}],"author":[{"embeddable":true,"href":"http:\/\/labestiadeportiva.com\/lbd\/wp-json\/wp\/v2\/users\/1"}],"replies":[{"embeddable":true,"href":"http:\/\/labestiadeportiva.com\/lbd\/wp-json\/wp\/v2\/comments?post=34439"}],"version-history":[{"count":1,"href":"http:\/\/labestiadeportiva.com\/lbd\/wp-json\/wp\/v2\/posts\/34439\/revisions"}],"predecessor-version":[{"id":34443,"href":"http:\/\/labestiadeportiva.com\/lbd\/wp-json\/wp\/v2\/posts\/34439\/revisions\/34443"}],"wp:featuredmedia":[{"embeddable":true,"href":"http:\/\/labestiadeportiva.com\/lbd\/wp-json\/wp\/v2\/media\/34441"}],"wp:attachment":[{"href":"http:\/\/labestiadeportiva.com\/lbd\/wp-json\/wp\/v2\/media?parent=34439"}],"wp:term":[{"taxonomy":"category","embeddable":true,"href":"http:\/\/labestiadeportiva.com\/lbd\/wp-json\/wp\/v2\/categories?post=34439"},{"taxonomy":"post_tag","embeddable":true,"href":"http:\/\/labestiadeportiva.com\/lbd\/wp-json\/wp\/v2\/tags?post=34439"}],"curies":[{"name":"wp","href":"https:\/\/api.w.org\/{rel}","templated":true}]}}