{"id":3446,"date":"2013-03-14T14:23:41","date_gmt":"2013-03-14T14:23:41","guid":{"rendered":"http:\/\/labestiadeportiva.com\/lbd\/?p=3446"},"modified":"2013-03-14T14:36:21","modified_gmt":"2013-03-14T14:36:21","slug":"mega-avalanche-con-visitas-de-lujo","status":"publish","type":"post","link":"http:\/\/labestiadeportiva.com\/lbd\/mega-avalanche-con-visitas-de-lujo\/","title":{"rendered":"Mega Avalanche con visitas de lujo"},"content":{"rendered":"<p><a href=\"http:\/\/labestiadeportiva.com\/lbd\/wp-content\/uploads\/2013\/03\/MG_1864.jpg\"><img loading=\"lazy\" class=\"alignleft size-medium wp-image-3447\" title=\"_MG_1864\" src=\"http:\/\/labestiadeportiva.com\/lbd\/wp-content\/uploads\/2013\/03\/MG_1864-300x180.jpg\" alt=\"\" width=\"300\" height=\"180\" srcset=\"http:\/\/labestiadeportiva.com\/lbd\/wp-content\/uploads\/2013\/03\/MG_1864-300x180.jpg 300w, http:\/\/labestiadeportiva.com\/lbd\/wp-content\/uploads\/2013\/03\/MG_1864.jpg 640w\" sizes=\"(max-width: 300px) 100vw, 300px\" \/><\/a>Desde el mediod\u00eda del domingo se realiz\u00f3 la tercera edici\u00f3n de la prueba de descenso en t\u00e1ndem. Dos bajadas desde el Glaciar Martial hasta la zona de Damiana Fique y Marcos Zar. La carrera cont\u00f3 con 25 participantes. Los barilochenses Mart\u00edn \u201cCeppi\u201d Raffo y Marcos Mallman presencias nacionales en el evento. Raffo y Chiguay se impusieron en sus segmentos.<!--morePara leer Click Aqu\u00ed--><\/p>\n<p><a href=\"http:\/\/labestiadeportiva.com\/lbd\/wp-content\/uploads\/2013\/03\/MG_1865.jpg\"><img loading=\"lazy\" class=\"aligncenter size-medium wp-image-3450\" title=\"_MG_1865\" src=\"http:\/\/labestiadeportiva.com\/lbd\/wp-content\/uploads\/2013\/03\/MG_1865-300x200.jpg\" alt=\"\" width=\"300\" height=\"200\" srcset=\"http:\/\/labestiadeportiva.com\/lbd\/wp-content\/uploads\/2013\/03\/MG_1865-300x200.jpg 300w, http:\/\/labestiadeportiva.com\/lbd\/wp-content\/uploads\/2013\/03\/MG_1865.jpg 640w\" sizes=\"(max-width: 300px) 100vw, 300px\" \/><\/a>La actividad se puso en marcha a media ma\u00f1ana y cont\u00f3 con la presencia de dos profesionales de primer nivel nacional como Mart\u00edn \u201cCeppi\u201d Raffo y Marcos Mallman provenientes de San Carlos de Bariloche corredores profesionales de la marca Zenith.<\/p>\n<p>En esta oportunidad el circuito fue modificado en un 50% agregando la variante de la pista del Glaciar Martial\u00a0 con sectores de asfalto, ripio y barro.<\/p>\n<p>La actividad seguida por una importante cantidad de p\u00fablico en todo su recorrido se realiz\u00f3 sin grandes inconvenientes para los pilotos, solo algunos l\u00f3gicos golpes y raspones.<\/p>\n<p>Para esta edici\u00f3n la organizaci\u00f3n dispuso la participaci\u00f3n de dos categor\u00edas, doble suspensi\u00f3n y semirr\u00edgido<\/p>\n<p>En el primer segmento, doble suspensi\u00f3n, Mart\u00edn \u201cCeppi\u201d Raffo fue el vencedor imponi\u00e9ndose en las dos bajadas siendo segundo el local Cristian Cuello quien logro finalizar segundo en la primera bajada y tercero en la restante.<\/p>\n<p><a href=\"http:\/\/labestiadeportiva.com\/lbd\/wp-content\/uploads\/2013\/03\/MG_1871.jpg\"><img loading=\"lazy\" class=\"aligncenter size-medium wp-image-3448\" title=\"_MG_1871\" src=\"http:\/\/labestiadeportiva.com\/lbd\/wp-content\/uploads\/2013\/03\/MG_1871-300x170.jpg\" alt=\"\" width=\"300\" height=\"170\" srcset=\"http:\/\/labestiadeportiva.com\/lbd\/wp-content\/uploads\/2013\/03\/MG_1871-300x170.jpg 300w, http:\/\/labestiadeportiva.com\/lbd\/wp-content\/uploads\/2013\/03\/MG_1871.jpg 640w\" sizes=\"(max-width: 300px) 100vw, 300px\" \/><\/a>Tercero fue Rodrigo Ponce, luego se ubicaron Mart\u00edn Navas, David Correa, Emiliano Aceto, Nelson Castro, Marcos Mallman, Osvaldo Est\u00e9vez y Manuel Vel\u00e1zquez.<\/p>\n<p>Dentro de los semirr\u00edgidos el vencedor fue Javier Chiguay quien se apoder\u00f3 de las dos mangas, Miguel Snaider fue su escolta quien logr\u00f3 ser segundo en ambas mangas mientras que la tercera posici\u00f3n le correspondi\u00f3 a Franco Ezequiel Cuello.<\/p>\n<p>El promedio de tiempo para transitar los 5 k de recorrido fue de 8 minutos, el vencedor en doble suspensi\u00f3n, Raffo, lo hizo en algo m\u00e1s de 7 minutos y 40 segundos.<\/p>\n<p>Buena organizaci\u00f3n de la gente de ACME en conjunto con Ushuaia Extremo quienes ya se encuentran preparando para dentro de algunas semanas una nueva prueba en el shopping \u201cPaseo del Fuego\u201d (sector del 1\u00b0 piso y estacionamiento) algo para no perderse.<\/p>\n<p><a href=\"http:\/\/labestiadeportiva.com\/lbd\/wp-content\/uploads\/2013\/03\/MG_1863.jpg\"><img loading=\"lazy\" class=\"aligncenter size-medium wp-image-3449\" title=\"_MG_1863\" src=\"http:\/\/labestiadeportiva.com\/lbd\/wp-content\/uploads\/2013\/03\/MG_1863-300x210.jpg\" alt=\"\" width=\"300\" height=\"210\" srcset=\"http:\/\/labestiadeportiva.com\/lbd\/wp-content\/uploads\/2013\/03\/MG_1863-300x210.jpg 300w, http:\/\/labestiadeportiva.com\/lbd\/wp-content\/uploads\/2013\/03\/MG_1863.jpg 640w\" sizes=\"(max-width: 300px) 100vw, 300px\" \/><\/a><\/p>\n<p>&nbsp;<\/p>\n<div class='epvc-post-count'><span class='epvc-eye'><\/span>  <span class=\"epvc-count\"> 1.212<\/span><span class='epvc-label'> veces le\u00edda<\/span><\/div>\n<div class=\"jwsharethis\">\nShare this: \n<br \/>\n<a href=\"mailto:?subject=Mega%20Avalanche%20con%20visitas%20de%20lujo&amp;body=http%3A%2F%2Flabestiadeportiva.com%2Flbd%2Fmega-avalanche-con-visitas-de-lujo%2F\">\n<img src=\"http:\/\/labestiadeportiva.com\/lbd\/wp-content\/plugins\/jw-share-this\/email.png\" alt=\"Share this page via Email\" \/>\n<\/a>\n<a target=\"_blank\" href=\"http:\/\/www.stumbleupon.com\/submit?url=http%3A%2F%2Flabestiadeportiva.com%2Flbd%2Fmega-avalanche-con-visitas-de-lujo%2F&amp;title=Mega+Avalanche+con+visitas+de+lujo\">\n<img src=\"http:\/\/labestiadeportiva.com\/lbd\/wp-content\/plugins\/jw-share-this\/su.png\" alt=\"Share this page via Stumble Upon\" \/>\n<\/a>\n<a target=\"_blank\" href=\"http:\/\/digg.com\/submit?url=http%3A%2F%2Flabestiadeportiva.com%2Flbd%2Fmega-avalanche-con-visitas-de-lujo%2F&amp;title=Mega+Avalanche+con+visitas+de+lujo\">\n<img src=\"http:\/\/labestiadeportiva.com\/lbd\/wp-content\/plugins\/jw-share-this\/digg.png\" alt=\"Share this page via Digg this\" \/>\n<\/a>\n<a target=\"_blank\" href=\"http:\/\/www.facebook.com\/sharer.php?u=http%3A%2F%2Flabestiadeportiva.com%2Flbd%2Fmega-avalanche-con-visitas-de-lujo%2F&amp;t=Mega+Avalanche+con+visitas+de+lujo\">\n<img src=\"http:\/\/labestiadeportiva.com\/lbd\/wp-content\/plugins\/jw-share-this\/fb.png\" alt=\"Share this page via Facebook\" \/>\n<\/a>\n<a target=\"_blank\" href=\"http:\/\/twitter.com\/intent\/tweet?text=I+like+http%3A%2F%2Flabestiadeportiva.com%2Flbd%2Fmega-avalanche-con-visitas-de-lujo%2F&amp;title=Mega+Avalanche+con+visitas+de+lujo\">\n<img src=\"http:\/\/labestiadeportiva.com\/lbd\/wp-content\/plugins\/jw-share-this\/twitter.png\" alt=\"Share this page via Twitter\" \/>\n<\/a>\n<\/div>\n","protected":false},"excerpt":{"rendered":"<p>Desde el mediod\u00eda del domingo se realiz\u00f3 la tercera edici\u00f3n de la prueba de descenso en t\u00e1ndem. Dos bajadas desde el Glaciar Martial hasta la zona de Damiana Fique y Marcos Zar. La carrera cont\u00f3 con 25 participantes. Los barilochenses Mart\u00edn \u201cCeppi\u201d Raffo y Marcos Mallman presencias nacionales en el evento. Raffo y Chiguay se &hellip; <a href=\"http:\/\/labestiadeportiva.com\/lbd\/mega-avalanche-con-visitas-de-lujo\/\" class=\"more-link\">Seguir leyendo <span class=\"screen-reader-text\">Mega Avalanche con visitas de lujo<\/span> <span class=\"meta-nav\">&rarr;<\/span><\/a><\/p>\n","protected":false},"author":1,"featured_media":3447,"comment_status":"open","ping_status":"open","sticky":false,"template":"","format":"standard","meta":[],"categories":[5,6,1],"tags":[269,170,506],"_links":{"self":[{"href":"http:\/\/labestiadeportiva.com\/lbd\/wp-json\/wp\/v2\/posts\/3446"}],"collection":[{"href":"http:\/\/labestiadeportiva.com\/lbd\/wp-json\/wp\/v2\/posts"}],"about":[{"href":"http:\/\/labestiadeportiva.com\/lbd\/wp-json\/wp\/v2\/types\/post"}],"author":[{"embeddable":true,"href":"http:\/\/labestiadeportiva.com\/lbd\/wp-json\/wp\/v2\/users\/1"}],"replies":[{"embeddable":true,"href":"http:\/\/labestiadeportiva.com\/lbd\/wp-json\/wp\/v2\/comments?post=3446"}],"version-history":[{"count":3,"href":"http:\/\/labestiadeportiva.com\/lbd\/wp-json\/wp\/v2\/posts\/3446\/revisions"}],"predecessor-version":[{"id":3454,"href":"http:\/\/labestiadeportiva.com\/lbd\/wp-json\/wp\/v2\/posts\/3446\/revisions\/3454"}],"wp:featuredmedia":[{"embeddable":true,"href":"http:\/\/labestiadeportiva.com\/lbd\/wp-json\/wp\/v2\/media\/3447"}],"wp:attachment":[{"href":"http:\/\/labestiadeportiva.com\/lbd\/wp-json\/wp\/v2\/media?parent=3446"}],"wp:term":[{"taxonomy":"category","embeddable":true,"href":"http:\/\/labestiadeportiva.com\/lbd\/wp-json\/wp\/v2\/categories?post=3446"},{"taxonomy":"post_tag","embeddable":true,"href":"http:\/\/labestiadeportiva.com\/lbd\/wp-json\/wp\/v2\/tags?post=3446"}],"curies":[{"name":"wp","href":"https:\/\/api.w.org\/{rel}","templated":true}]}}