{"id":34489,"date":"2019-12-03T20:10:49","date_gmt":"2019-12-03T23:10:49","guid":{"rendered":"http:\/\/labestiadeportiva.com\/lbd\/?p=34489"},"modified":"2019-12-03T20:24:31","modified_gmt":"2019-12-03T23:24:31","slug":"exitosa-segunda-edicion","status":"publish","type":"post","link":"http:\/\/labestiadeportiva.com\/lbd\/exitosa-segunda-edicion\/","title":{"rendered":"Exitosa segunda edici\u00f3n"},"content":{"rendered":"<p><a href=\"http:\/\/labestiadeportiva.com\/lbd\/wp-content\/uploads\/2019\/12\/IMG-20191203-WA0020.jpg\"><img loading=\"lazy\" class=\"aligncenter size-medium wp-image-34490\" src=\"http:\/\/labestiadeportiva.com\/lbd\/wp-content\/uploads\/2019\/12\/IMG-20191203-WA0020-300x225.jpg\" alt=\"IMG-20191203-WA0020\" width=\"300\" height=\"225\" srcset=\"http:\/\/labestiadeportiva.com\/lbd\/wp-content\/uploads\/2019\/12\/IMG-20191203-WA0020-300x225.jpg 300w, http:\/\/labestiadeportiva.com\/lbd\/wp-content\/uploads\/2019\/12\/IMG-20191203-WA0020.jpg 960w\" sizes=\"(max-width: 300px) 100vw, 300px\" \/><\/a>De viernes a domingo se efectu\u00f3 la segunda versi\u00f3n del Torneo Fin del Mundo, competencia de Tiro Pr\u00e1ctico Nivel III. M\u00e1s de 60 tiradores locales, de diferentes puntos del pa\u00eds y lim\u00edtrofes como Chile, Brasil y Uruguay presentes en el 2 de Abril.<!--more--><\/p>\n<p>El Torneo de Tiro Pr\u00e1ctico \u201cFin del Mundo\u201d celebr\u00f3 su 2\u00b0 edici\u00f3n.<\/p>\n<p>En esta oportunidad fue homologado por la IPSC (International Practical Shooting Confederation) como Nivel III siendo as\u00ed de convocatoria internacional.<\/p>\n<p>Una competici\u00f3n de esta jerarqu\u00eda y en estas tierras s\u00f3lo puede ser logrado con mucho esfuerzo y trabajo\u00a0continuo de la actual Comisi\u00f3n Directiva, promotores del Tiro Pr\u00e1ctico dentro del Club y la colaboraci\u00f3n de sus socios.<\/p>\n<p><a href=\"http:\/\/labestiadeportiva.com\/lbd\/wp-content\/uploads\/2019\/12\/IMG-20191203-WA0029.jpg\"><img loading=\"lazy\" class=\"aligncenter size-medium wp-image-34491\" src=\"http:\/\/labestiadeportiva.com\/lbd\/wp-content\/uploads\/2019\/12\/IMG-20191203-WA0029-300x225.jpg\" alt=\"IMG-20191203-WA0029\" width=\"300\" height=\"225\" srcset=\"http:\/\/labestiadeportiva.com\/lbd\/wp-content\/uploads\/2019\/12\/IMG-20191203-WA0029-300x225.jpg 300w, http:\/\/labestiadeportiva.com\/lbd\/wp-content\/uploads\/2019\/12\/IMG-20191203-WA0029.jpg 960w\" sizes=\"(max-width: 300px) 100vw, 300px\" \/><\/a><\/p>\n<p>Durante las jornadas del 29 y 30 de noviembre y 1 de diciembre las instalaciones del Tiro Federal se vieron pobladas de tiradores, visitantes, socios, Oficiales de Campo y p\u00fablico en<br \/>\ngeneral.<\/p>\n<p>El d\u00eda viernes se realiz\u00f3 el Pre Match\u00a0 donde los Oficiales de Campo -OC- (autoridades del torneo) hicieron los 204 disparos de las 12 etapas, chequeando el cumplimiento de la seguridad y la correspondencia con el reglamento.<\/p>\n<p>El s\u00e1bado por la ma\u00f1ana se ofici\u00f3 un peque\u00f1o acto con participaci\u00f3n de autoridades municipales y presencia de la banda municipal. Se realiz\u00f3 el izamiento del Pabell\u00f3n Nacional mientras que el Vicepresidente de la instituci\u00f3n,\u00a0Gustavo Oliva Gerli, dio la bienvenida a todos los deportistas.<\/p>\n<p><a href=\"http:\/\/labestiadeportiva.com\/lbd\/wp-content\/uploads\/2019\/12\/IMG-20191203-WA0032.jpg\"><img loading=\"lazy\" class=\"aligncenter size-medium wp-image-34492\" src=\"http:\/\/labestiadeportiva.com\/lbd\/wp-content\/uploads\/2019\/12\/IMG-20191203-WA0032-300x135.jpg\" alt=\"IMG-20191203-WA0032\" width=\"300\" height=\"135\" srcset=\"http:\/\/labestiadeportiva.com\/lbd\/wp-content\/uploads\/2019\/12\/IMG-20191203-WA0032-300x135.jpg 300w, http:\/\/labestiadeportiva.com\/lbd\/wp-content\/uploads\/2019\/12\/IMG-20191203-WA0032-1024x461.jpg 1024w, http:\/\/labestiadeportiva.com\/lbd\/wp-content\/uploads\/2019\/12\/IMG-20191203-WA0032.jpg 1280w\" sizes=\"(max-width: 300px) 100vw, 300px\" \/><\/a><\/p>\n<p>Posteriormente, el Maestro de Campo<br \/>\nInternacional Carlos Graciano tom\u00f3 la palabra, agradeciendo la presencia de los OC de INOC (\u201cInstituto Nacional de Oficiales de Campo\u201d de la Rep\u00fablica Argentina) quien referenci\u00f3 al Director Regional presente Ricardo Larra\u00f1aga especulando la posible realizaci\u00f3n de un torneo Selectivo para el Panamericano de Paraguay 2021.<\/p>\n<p>Asimismo, destac\u00f3 el trabajo de quienes<br \/>\nllevaron a cabo un torneo de excelente calidad\u00a0 en un marco natural inigualable.<\/p>\n<p>A las 10 de la ma\u00f1ana se dio comienzo al Main Match con el primer disparo y resolviendo 8 etapas, la extensa jornada finaliz\u00f3\u00a0\u00a0a las 16 horas.<\/p>\n<p><a href=\"http:\/\/labestiadeportiva.com\/lbd\/wp-content\/uploads\/2019\/12\/IMG-20191203-WA0033.jpg\"><img loading=\"lazy\" class=\"aligncenter size-medium wp-image-34493\" src=\"http:\/\/labestiadeportiva.com\/lbd\/wp-content\/uploads\/2019\/12\/IMG-20191203-WA0033-300x177.jpg\" alt=\"IMG-20191203-WA0033\" width=\"300\" height=\"177\" srcset=\"http:\/\/labestiadeportiva.com\/lbd\/wp-content\/uploads\/2019\/12\/IMG-20191203-WA0033-300x177.jpg 300w, http:\/\/labestiadeportiva.com\/lbd\/wp-content\/uploads\/2019\/12\/IMG-20191203-WA0033-1024x605.jpg 1024w, http:\/\/labestiadeportiva.com\/lbd\/wp-content\/uploads\/2019\/12\/IMG-20191203-WA0033.jpg 1280w\" sizes=\"(max-width: 300px) 100vw, 300px\" \/><\/a><\/p>\n<p>Por la noche se realiz\u00f3 una cena agasajo, donde se pudo disfrutar de cordero Patag\u00f3nico y empanadas de centolla.<\/p>\n<p>Ya el domingo al mediod\u00eda se hizo el sorteo final de una Pistola Bersa y diferentes obsequios aportados por distintos comerciantes.<\/p>\n<p>Entrega de premios, con trofeos puestos a disposici\u00f3n\u00a0por la Municipalidad de Ushuaia, y despedida.<\/p>\n<p>Palabras de agradecimiento, nuevas amistades entre deportistas y organizadores m\u00e1s la promesa de visita para la pr\u00f3xima edici\u00f3n.<\/p>\n<p>El balance final de los organizadores fue totalmente exitoso, excelentes\u00a0 comentarios de quienes nos visitaron qued\u00e1ndose deslumbrados por el paisaje, dise\u00f1o de las etapas y calidez humana.<\/p>\n<p><a href=\"http:\/\/labestiadeportiva.com\/lbd\/wp-content\/uploads\/2019\/12\/IMG-20191203-WA0024.jpg\"><img loading=\"lazy\" class=\"aligncenter size-medium wp-image-34494\" src=\"http:\/\/labestiadeportiva.com\/lbd\/wp-content\/uploads\/2019\/12\/IMG-20191203-WA0024-135x300.jpg\" alt=\"IMG-20191203-WA0024\" width=\"135\" height=\"300\" srcset=\"http:\/\/labestiadeportiva.com\/lbd\/wp-content\/uploads\/2019\/12\/IMG-20191203-WA0024-135x300.jpg 135w, http:\/\/labestiadeportiva.com\/lbd\/wp-content\/uploads\/2019\/12\/IMG-20191203-WA0024-461x1024.jpg 461w, http:\/\/labestiadeportiva.com\/lbd\/wp-content\/uploads\/2019\/12\/IMG-20191203-WA0024.jpg 576w\" sizes=\"(max-width: 135px) 100vw, 135px\" \/><\/a><\/p>\n<p>Lo positivo de la experiencia alimenta y motiva a la gente del Tiro Federal 2 de Abril para seguir trabajando e ir por m\u00e1s, buscando superarse y crecer d\u00eda a d\u00eda.<\/p>\n<p>Todos los Podios:<br \/>\n1) Divisi\u00f3n OPEN<br \/>\n*Cat. GENERAL:<\/p>\n<p>1\u00b0 100.00 % Lopez, Tirito<br \/>\n2\u00b0 77.14% OLIVA GERLI, Carlos Gustavo<br \/>\n3\u00b0 70.94% RABAGO, Hugo Alberto<\/p>\n<p>*Cat. SENIOR<\/p>\n<p>1\u00b0 Lopez, Tirito<br \/>\n2\u00b0 OLIVA GERLI, Carlos Gustavo<br \/>\n3\u00b0 LARRA\u00d1AGA, Ricardo<\/p>\n<p>2)Divisi\u00f3n PRODUCCI\u00d3N<\/p>\n<p>*Cat. GENERAL<\/p>\n<p>1\u00b0 100.00% AVINCETA, Edgardo<br \/>\n2\u00b0 94.26% BORGES, Walter Santiago<br \/>\n3\u00b0 90.44% OBERTELLO, Daniel Hector<\/p>\n<p><a href=\"http:\/\/labestiadeportiva.com\/lbd\/wp-content\/uploads\/2019\/12\/IMG-20191203-WA0039.jpg\"><img loading=\"lazy\" class=\"aligncenter size-medium wp-image-34495\" src=\"http:\/\/labestiadeportiva.com\/lbd\/wp-content\/uploads\/2019\/12\/IMG-20191203-WA0039-300x135.jpg\" alt=\"IMG-20191203-WA0039\" width=\"300\" height=\"135\" srcset=\"http:\/\/labestiadeportiva.com\/lbd\/wp-content\/uploads\/2019\/12\/IMG-20191203-WA0039-300x135.jpg 300w, http:\/\/labestiadeportiva.com\/lbd\/wp-content\/uploads\/2019\/12\/IMG-20191203-WA0039-1024x460.jpg 1024w, http:\/\/labestiadeportiva.com\/lbd\/wp-content\/uploads\/2019\/12\/IMG-20191203-WA0039.jpg 1280w\" sizes=\"(max-width: 300px) 100vw, 300px\" \/><\/a>*Cat. LADY<\/p>\n<p>1\u00b0 ASEF, Jacqueline<br \/>\n2\u00b0 ARRIOLA BETANCUR, Yuranis Paola<br \/>\n3\u00b0 AQUINO, Soledad<\/p>\n<p>*Cat. JUNIOR<\/p>\n<p>1\u00b0 ANDREATTA, Franco Agustin<\/p>\n<p>*Cat. SENIOR<\/p>\n<p>1\u00b0 BORGES, Walter Santiago<br \/>\n2\u00b0 OBERTELLO, Daniel Hecto<br \/>\n3\u00b0 DUFF\u00d3, Flavio<\/p>\n<p>3)Divisi\u00f3n STANDARD<\/p>\n<p>*Cat. GENERAL<\/p>\n<p>1\u00b0 100.00% ALLENDES ORELLANA, Christian Rodolfo<br \/>\n2\u00b0 88.96% ANDREATTA, Juan Mario<br \/>\n<a href=\"http:\/\/labestiadeportiva.com\/lbd\/wp-content\/uploads\/2019\/12\/IMG-20191203-WA0018.jpg\"><img loading=\"lazy\" class=\"aligncenter size-medium wp-image-34497\" src=\"http:\/\/labestiadeportiva.com\/lbd\/wp-content\/uploads\/2019\/12\/IMG-20191203-WA0018-300x225.jpg\" alt=\"IMG-20191203-WA0018\" width=\"300\" height=\"225\" srcset=\"http:\/\/labestiadeportiva.com\/lbd\/wp-content\/uploads\/2019\/12\/IMG-20191203-WA0018-300x225.jpg 300w, http:\/\/labestiadeportiva.com\/lbd\/wp-content\/uploads\/2019\/12\/IMG-20191203-WA0018.jpg 960w\" sizes=\"(max-width: 300px) 100vw, 300px\" \/><\/a><\/p>\n<div class='epvc-post-count'><span class='epvc-eye'><\/span>  <span class=\"epvc-count\"> 1.664<\/span><span class='epvc-label'> veces le\u00edda<\/span><\/div>\n<div class=\"jwsharethis\">\nShare this: \n<br \/>\n<a href=\"mailto:?subject=Exitosa%20segunda%20edici%C3%B3n&amp;body=http%3A%2F%2Flabestiadeportiva.com%2Flbd%2Fexitosa-segunda-edicion%2F\">\n<img src=\"http:\/\/labestiadeportiva.com\/lbd\/wp-content\/plugins\/jw-share-this\/email.png\" alt=\"Share this page via Email\" \/>\n<\/a>\n<a target=\"_blank\" href=\"http:\/\/www.stumbleupon.com\/submit?url=http%3A%2F%2Flabestiadeportiva.com%2Flbd%2Fexitosa-segunda-edicion%2F&amp;title=Exitosa+segunda+edici%C3%B3n\">\n<img src=\"http:\/\/labestiadeportiva.com\/lbd\/wp-content\/plugins\/jw-share-this\/su.png\" alt=\"Share this page via Stumble Upon\" \/>\n<\/a>\n<a target=\"_blank\" href=\"http:\/\/digg.com\/submit?url=http%3A%2F%2Flabestiadeportiva.com%2Flbd%2Fexitosa-segunda-edicion%2F&amp;title=Exitosa+segunda+edici%C3%B3n\">\n<img src=\"http:\/\/labestiadeportiva.com\/lbd\/wp-content\/plugins\/jw-share-this\/digg.png\" alt=\"Share this page via Digg this\" \/>\n<\/a>\n<a target=\"_blank\" href=\"http:\/\/www.facebook.com\/sharer.php?u=http%3A%2F%2Flabestiadeportiva.com%2Flbd%2Fexitosa-segunda-edicion%2F&amp;t=Exitosa+segunda+edici%C3%B3n\">\n<img src=\"http:\/\/labestiadeportiva.com\/lbd\/wp-content\/plugins\/jw-share-this\/fb.png\" alt=\"Share this page via Facebook\" \/>\n<\/a>\n<a target=\"_blank\" href=\"http:\/\/twitter.com\/intent\/tweet?text=I+like+http%3A%2F%2Flabestiadeportiva.com%2Flbd%2Fexitosa-segunda-edicion%2F&amp;title=Exitosa+segunda+edici%C3%B3n\">\n<img src=\"http:\/\/labestiadeportiva.com\/lbd\/wp-content\/plugins\/jw-share-this\/twitter.png\" alt=\"Share this page via Twitter\" \/>\n<\/a>\n<\/div>\n","protected":false},"excerpt":{"rendered":"<p>De viernes a domingo se efectu\u00f3 la segunda versi\u00f3n del Torneo Fin del Mundo, competencia de Tiro Pr\u00e1ctico Nivel III. M\u00e1s de 60 tiradores locales, de diferentes puntos del pa\u00eds y lim\u00edtrofes como Chile, Brasil y Uruguay presentes en el 2 de Abril. 1.664 veces le\u00edda Share this:<\/p>\n","protected":false},"author":1,"featured_media":34490,"comment_status":"open","ping_status":"open","sticky":false,"template":"","format":"standard","meta":[],"categories":[5,4,6,1,2445],"tags":[4085,4086,670,263],"_links":{"self":[{"href":"http:\/\/labestiadeportiva.com\/lbd\/wp-json\/wp\/v2\/posts\/34489"}],"collection":[{"href":"http:\/\/labestiadeportiva.com\/lbd\/wp-json\/wp\/v2\/posts"}],"about":[{"href":"http:\/\/labestiadeportiva.com\/lbd\/wp-json\/wp\/v2\/types\/post"}],"author":[{"embeddable":true,"href":"http:\/\/labestiadeportiva.com\/lbd\/wp-json\/wp\/v2\/users\/1"}],"replies":[{"embeddable":true,"href":"http:\/\/labestiadeportiva.com\/lbd\/wp-json\/wp\/v2\/comments?post=34489"}],"version-history":[{"count":5,"href":"http:\/\/labestiadeportiva.com\/lbd\/wp-json\/wp\/v2\/posts\/34489\/revisions"}],"predecessor-version":[{"id":34503,"href":"http:\/\/labestiadeportiva.com\/lbd\/wp-json\/wp\/v2\/posts\/34489\/revisions\/34503"}],"wp:featuredmedia":[{"embeddable":true,"href":"http:\/\/labestiadeportiva.com\/lbd\/wp-json\/wp\/v2\/media\/34490"}],"wp:attachment":[{"href":"http:\/\/labestiadeportiva.com\/lbd\/wp-json\/wp\/v2\/media?parent=34489"}],"wp:term":[{"taxonomy":"category","embeddable":true,"href":"http:\/\/labestiadeportiva.com\/lbd\/wp-json\/wp\/v2\/categories?post=34489"},{"taxonomy":"post_tag","embeddable":true,"href":"http:\/\/labestiadeportiva.com\/lbd\/wp-json\/wp\/v2\/tags?post=34489"}],"curies":[{"name":"wp","href":"https:\/\/api.w.org\/{rel}","templated":true}]}}