{"id":34504,"date":"2019-12-03T22:46:43","date_gmt":"2019-12-04T01:46:43","guid":{"rendered":"http:\/\/labestiadeportiva.com\/lbd\/?p=34504"},"modified":"2019-12-03T22:52:38","modified_gmt":"2019-12-04T01:52:38","slug":"cierre-de-temporada-y-sexto-puesto","status":"publish","type":"post","link":"http:\/\/labestiadeportiva.com\/lbd\/cierre-de-temporada-y-sexto-puesto\/","title":{"rendered":"Lucas cerr\u00f3 la temporada en el sexto lugar"},"content":{"rendered":"<p><a href=\"http:\/\/labestiadeportiva.com\/lbd\/wp-content\/uploads\/2019\/12\/645e1cc6-1084-4553-b762-5fd7294c18d3.jpeg\"><img loading=\"lazy\" class=\"aligncenter size-medium wp-image-34505\" src=\"http:\/\/labestiadeportiva.com\/lbd\/wp-content\/uploads\/2019\/12\/645e1cc6-1084-4553-b762-5fd7294c18d3-300x210.jpeg\" alt=\"645e1cc6-1084-4553-b762-5fd7294c18d3\" width=\"300\" height=\"210\" srcset=\"http:\/\/labestiadeportiva.com\/lbd\/wp-content\/uploads\/2019\/12\/645e1cc6-1084-4553-b762-5fd7294c18d3-300x210.jpeg 300w, http:\/\/labestiadeportiva.com\/lbd\/wp-content\/uploads\/2019\/12\/645e1cc6-1084-4553-b762-5fd7294c18d3.jpeg 1024w\" sizes=\"(max-width: 300px) 100vw, 300px\" \/><\/a><br \/>\nEl ushuaiense Lucas Yerobi puso punto final a la temporada en el Turismo Pista que disput\u00f3 la fecha coronaci\u00f3n en Paran\u00e1. El fueguino finaliz\u00f3 el campeonato de la Clase 3 en la sexta ubicaci\u00f3n. Fuente y fotos prensa Lucas Yerobi.<!--more--><\/p>\n<p>Si bien sab\u00eda que llegaba a la definici\u00f3n haciendo una prueba de fuego, apostando sus chances de gritar campe\u00f3n al Yerobi Racing, las cosas no se dieron de la manera deseada pero la experiencia en la categor\u00eda m\u00e1s numerosa del pa\u00eds fue sumamente positiva.<\/p>\n<p>La actividad del viernes y s\u00e1bado mostraron dificultades para Yerobi tras sufrir un problema en el amortiguador que le imposibilit\u00f3 estar a la altura de las circunstancias, concluyendo la clasificaci\u00f3n definitiva en el P31 y la primera serie del fin de semana en el P12, posici\u00f3n que le habilit\u00f3 la vig\u00e9sima tercera colocaci\u00f3n de largada para la \u00faltima final del a\u00f1o.<\/p>\n<p>Finde complicado pero nueva experiencia para el Yerobi Racing. En dicha competencia a 15 vueltas de actividad, el nuevo Rogelio sigui\u00f3 manifestando inconvenientes que a\u00fan no se pudieron encontrar y el representante de Tierra del Fuego concluy\u00f3 la prueba en el P26.<\/p>\n<p>De todas maneras, el trabajo de Lucas Yerobi durante toda la temporada fue excepcional, dando pelea a los autos de nueva generaci\u00f3n en cada cita del calendario y redondeando el certamen en el sexto lugar, acumulando una victoria en Olavarr\u00eda, dos podios y cinco Top Ten.<\/p>\n<p>Ahora es momento de hacer an\u00e1lisis y pensar en lo que deparar\u00e1 el 2020.<br \/>\n<a href=\"http:\/\/labestiadeportiva.com\/lbd\/wp-content\/uploads\/2019\/12\/44dfa12f-2e87-47ec-a474-9534199547a3.jpeg\"><img loading=\"lazy\" class=\"aligncenter size-medium wp-image-34506\" src=\"http:\/\/labestiadeportiva.com\/lbd\/wp-content\/uploads\/2019\/12\/44dfa12f-2e87-47ec-a474-9534199547a3-300x199.jpeg\" alt=\"44dfa12f-2e87-47ec-a474-9534199547a3\" width=\"300\" height=\"199\" srcset=\"http:\/\/labestiadeportiva.com\/lbd\/wp-content\/uploads\/2019\/12\/44dfa12f-2e87-47ec-a474-9534199547a3-300x199.jpeg 300w, http:\/\/labestiadeportiva.com\/lbd\/wp-content\/uploads\/2019\/12\/44dfa12f-2e87-47ec-a474-9534199547a3.jpeg 660w\" sizes=\"(max-width: 300px) 100vw, 300px\" \/><\/a><\/p>\n<div class='epvc-post-count'><span class='epvc-eye'><\/span>  <span class=\"epvc-count\"> 1.348<\/span><span class='epvc-label'> veces le\u00edda<\/span><\/div>\n<div class=\"jwsharethis\">\nShare this: \n<br \/>\n<a href=\"mailto:?subject=Lucas%20cerr%C3%B3%20la%20temporada%20en%20el%20sexto%20lugar&amp;body=http%3A%2F%2Flabestiadeportiva.com%2Flbd%2Fcierre-de-temporada-y-sexto-puesto%2F\">\n<img src=\"http:\/\/labestiadeportiva.com\/lbd\/wp-content\/plugins\/jw-share-this\/email.png\" alt=\"Share this page via Email\" \/>\n<\/a>\n<a target=\"_blank\" href=\"http:\/\/www.stumbleupon.com\/submit?url=http%3A%2F%2Flabestiadeportiva.com%2Flbd%2Fcierre-de-temporada-y-sexto-puesto%2F&amp;title=Lucas+cerr%C3%B3+la+temporada+en+el+sexto+lugar\">\n<img src=\"http:\/\/labestiadeportiva.com\/lbd\/wp-content\/plugins\/jw-share-this\/su.png\" alt=\"Share this page via Stumble Upon\" \/>\n<\/a>\n<a target=\"_blank\" href=\"http:\/\/digg.com\/submit?url=http%3A%2F%2Flabestiadeportiva.com%2Flbd%2Fcierre-de-temporada-y-sexto-puesto%2F&amp;title=Lucas+cerr%C3%B3+la+temporada+en+el+sexto+lugar\">\n<img src=\"http:\/\/labestiadeportiva.com\/lbd\/wp-content\/plugins\/jw-share-this\/digg.png\" alt=\"Share this page via Digg this\" \/>\n<\/a>\n<a target=\"_blank\" href=\"http:\/\/www.facebook.com\/sharer.php?u=http%3A%2F%2Flabestiadeportiva.com%2Flbd%2Fcierre-de-temporada-y-sexto-puesto%2F&amp;t=Lucas+cerr%C3%B3+la+temporada+en+el+sexto+lugar\">\n<img src=\"http:\/\/labestiadeportiva.com\/lbd\/wp-content\/plugins\/jw-share-this\/fb.png\" alt=\"Share this page via Facebook\" \/>\n<\/a>\n<a target=\"_blank\" href=\"http:\/\/twitter.com\/intent\/tweet?text=I+like+http%3A%2F%2Flabestiadeportiva.com%2Flbd%2Fcierre-de-temporada-y-sexto-puesto%2F&amp;title=Lucas+cerr%C3%B3+la+temporada+en+el+sexto+lugar\">\n<img src=\"http:\/\/labestiadeportiva.com\/lbd\/wp-content\/plugins\/jw-share-this\/twitter.png\" alt=\"Share this page via Twitter\" \/>\n<\/a>\n<\/div>\n","protected":false},"excerpt":{"rendered":"<p>El ushuaiense Lucas Yerobi puso punto final a la temporada en el Turismo Pista que disput\u00f3 la fecha coronaci\u00f3n en Paran\u00e1. El fueguino finaliz\u00f3 el campeonato de la Clase 3 en la sexta ubicaci\u00f3n. Fuente y fotos prensa Lucas Yerobi. 1.348 veces le\u00edda Share this:<\/p>\n","protected":false},"author":1,"featured_media":34505,"comment_status":"open","ping_status":"open","sticky":false,"template":"","format":"standard","meta":[],"categories":[2135,6,1,3108],"tags":[86,152,808],"_links":{"self":[{"href":"http:\/\/labestiadeportiva.com\/lbd\/wp-json\/wp\/v2\/posts\/34504"}],"collection":[{"href":"http:\/\/labestiadeportiva.com\/lbd\/wp-json\/wp\/v2\/posts"}],"about":[{"href":"http:\/\/labestiadeportiva.com\/lbd\/wp-json\/wp\/v2\/types\/post"}],"author":[{"embeddable":true,"href":"http:\/\/labestiadeportiva.com\/lbd\/wp-json\/wp\/v2\/users\/1"}],"replies":[{"embeddable":true,"href":"http:\/\/labestiadeportiva.com\/lbd\/wp-json\/wp\/v2\/comments?post=34504"}],"version-history":[{"count":4,"href":"http:\/\/labestiadeportiva.com\/lbd\/wp-json\/wp\/v2\/posts\/34504\/revisions"}],"predecessor-version":[{"id":34511,"href":"http:\/\/labestiadeportiva.com\/lbd\/wp-json\/wp\/v2\/posts\/34504\/revisions\/34511"}],"wp:featuredmedia":[{"embeddable":true,"href":"http:\/\/labestiadeportiva.com\/lbd\/wp-json\/wp\/v2\/media\/34505"}],"wp:attachment":[{"href":"http:\/\/labestiadeportiva.com\/lbd\/wp-json\/wp\/v2\/media?parent=34504"}],"wp:term":[{"taxonomy":"category","embeddable":true,"href":"http:\/\/labestiadeportiva.com\/lbd\/wp-json\/wp\/v2\/categories?post=34504"},{"taxonomy":"post_tag","embeddable":true,"href":"http:\/\/labestiadeportiva.com\/lbd\/wp-json\/wp\/v2\/tags?post=34504"}],"curies":[{"name":"wp","href":"https:\/\/api.w.org\/{rel}","templated":true}]}}