{"id":34591,"date":"2019-12-10T15:35:38","date_gmt":"2019-12-10T18:35:38","guid":{"rendered":"http:\/\/labestiadeportiva.com\/lbd\/?p=34591"},"modified":"2019-12-10T15:35:38","modified_gmt":"2019-12-10T18:35:38","slug":"yerobi-cerro-su-paso-por-trs","status":"publish","type":"post","link":"http:\/\/labestiadeportiva.com\/lbd\/yerobi-cerro-su-paso-por-trs\/","title":{"rendered":"Yerobi cerr\u00f3 su paso por TRS"},"content":{"rendered":"<p><a href=\"http:\/\/labestiadeportiva.com\/lbd\/wp-content\/uploads\/2019\/12\/C6F8D6F2-C135-4CC4-BB48-8889E20A8D9C.jpeg\"><img loading=\"lazy\" src=\"http:\/\/labestiadeportiva.com\/lbd\/wp-content\/uploads\/2019\/12\/C6F8D6F2-C135-4CC4-BB48-8889E20A8D9C-300x173.jpeg\" alt=\"C6F8D6F2-C135-4CC4-BB48-8889E20A8D9C\" width=\"300\" height=\"173\" class=\"aligncenter size-medium wp-image-34592\" srcset=\"http:\/\/labestiadeportiva.com\/lbd\/wp-content\/uploads\/2019\/12\/C6F8D6F2-C135-4CC4-BB48-8889E20A8D9C-300x173.jpeg 300w, http:\/\/labestiadeportiva.com\/lbd\/wp-content\/uploads\/2019\/12\/C6F8D6F2-C135-4CC4-BB48-8889E20A8D9C.jpeg 659w\" sizes=\"(max-width: 300px) 100vw, 300px\" \/><\/a><br \/>\nFin de semana complicado para Lucas Yerobi en el cierre de temporada del TR Series. Fuente y foto prensa Lucas Yerobi.<!--more--><\/p>\n<p>El ushuaiense Lucas Yerobi sufri\u00f3 con el impulsor durante toda la estad\u00eda en el Aut\u00f3dromo \u201cCiudad de Nueve de Julio\u201d y pr\u00e1cticamente no tuvo acci\u00f3n en pista.<\/p>\n<p>En la actividad del s\u00e1bado el motor se rompi\u00f3 y la dupla Yerobi \u2013 Conde no pudo salir a las pruebas libres y tampoco pudo formar parte de la clasificaci\u00f3n que determin\u00f3 el orden de largada para la final de Pilotos Invitados.<\/p>\n<p>Con este panorama, Juani Conde larg\u00f3 desde el \u00faltimo caj\u00f3n con el Cruze atendido por el Inbest Racing y, en un notable trabajo, cruz\u00f3 la bandera cuadriculada en el octavo lugar, sin embargo el piloto de Saladillo no cumpli\u00f3 con el r\u00e9gimen de parque cerrado y fue excluido de la competencia.<\/p>\n<p>Esto oblig\u00f3 al ushuaiense Yerobi a largar desde el fondo de la fila india, pero poco pudo hacer ya que el motor nuevamente dijo basta en el primer giro de velocidad y termin\u00f3 con las ilusiones del Chevrolet que luci\u00f3 el #4 en los laterales.<\/p>\n<p>Buena tarea del Yerobi Racing en el Junior<\/p>\n<p>El equipo liderado por Lucas Yerobi fue protagonista en la cita especial del TR Junior.<\/p>\n<p>En la prueba de Pilotos Invitados Francisco Mart\u00ednez fue el piloto destacado finalizando quinto con la unidad del \u201cTuta\u201d Verna.<\/p>\n<p>Por su parte, entre los Titulares Facundo Llenderoso volvi\u00f3 a demostrar toda su capacidad conductiva y, desde el fondo del pelot\u00f3n, avanz\u00f3 heroicamente para culminar en la segunda posici\u00f3n.<\/p>\n<p>Juani Conde tambi\u00e9n hizo lo suyo y, a pesar de sufrir con el rendimiento del impulsor, se las arregl\u00f3 para cerrar la temporada en el Top 5.<\/p>\n<p>Bautista Bustos redonde\u00f3 una buena actuaci\u00f3n y se coloc\u00f3 octavo, cerrando un total de tres autos dentro del Top Ten para el Yerobi Racing.<\/p>\n<p>Los debutantes Nicol\u00e1s Ruiz y Carlos Verna no tuvieron fortuna y debieron desertar cuando promediaba la carrera a 12 vueltas de velocidad.<\/p>\n<p>Lucas Yerobi agradece a quienes apoyan su carrera deportiva a nivel nacional: Inbest Racing, Ramiro Bravo, Secretar\u00eda de Deportes TDF, Gobierno de la Provincia, Myriam Mart\u00ednez, God Automotores, El Tano, Patagonia Sud, Sancor Seguros, Gr\u00faas Delta, El Patag\u00f3nico, Almar Construcciones, Automovilismo Virtual, ECO Piano, Fric-Rot, Transporte Don Chavaleiro, Concejal Mart\u00edn Ayala, Droguer\u00eda Express S.R.L y al Diario del Fin del Mundo.<\/p>\n<div class='epvc-post-count'><span class='epvc-eye'><\/span>  <span class=\"epvc-count\"> 1.241<\/span><span class='epvc-label'> veces le\u00edda<\/span><\/div>\n<div class=\"jwsharethis\">\nShare this: \n<br \/>\n<a href=\"mailto:?subject=Yerobi%20cerr%C3%B3%20su%20paso%20por%20TRS&amp;body=http%3A%2F%2Flabestiadeportiva.com%2Flbd%2Fyerobi-cerro-su-paso-por-trs%2F\">\n<img src=\"http:\/\/labestiadeportiva.com\/lbd\/wp-content\/plugins\/jw-share-this\/email.png\" alt=\"Share this page via Email\" \/>\n<\/a>\n<a target=\"_blank\" href=\"http:\/\/www.stumbleupon.com\/submit?url=http%3A%2F%2Flabestiadeportiva.com%2Flbd%2Fyerobi-cerro-su-paso-por-trs%2F&amp;title=Yerobi+cerr%C3%B3+su+paso+por+TRS\">\n<img src=\"http:\/\/labestiadeportiva.com\/lbd\/wp-content\/plugins\/jw-share-this\/su.png\" alt=\"Share this page via Stumble Upon\" \/>\n<\/a>\n<a target=\"_blank\" href=\"http:\/\/digg.com\/submit?url=http%3A%2F%2Flabestiadeportiva.com%2Flbd%2Fyerobi-cerro-su-paso-por-trs%2F&amp;title=Yerobi+cerr%C3%B3+su+paso+por+TRS\">\n<img src=\"http:\/\/labestiadeportiva.com\/lbd\/wp-content\/plugins\/jw-share-this\/digg.png\" alt=\"Share this page via Digg this\" \/>\n<\/a>\n<a target=\"_blank\" href=\"http:\/\/www.facebook.com\/sharer.php?u=http%3A%2F%2Flabestiadeportiva.com%2Flbd%2Fyerobi-cerro-su-paso-por-trs%2F&amp;t=Yerobi+cerr%C3%B3+su+paso+por+TRS\">\n<img src=\"http:\/\/labestiadeportiva.com\/lbd\/wp-content\/plugins\/jw-share-this\/fb.png\" alt=\"Share this page via Facebook\" \/>\n<\/a>\n<a target=\"_blank\" href=\"http:\/\/twitter.com\/intent\/tweet?text=I+like+http%3A%2F%2Flabestiadeportiva.com%2Flbd%2Fyerobi-cerro-su-paso-por-trs%2F&amp;title=Yerobi+cerr%C3%B3+su+paso+por+TRS\">\n<img src=\"http:\/\/labestiadeportiva.com\/lbd\/wp-content\/plugins\/jw-share-this\/twitter.png\" alt=\"Share this page via Twitter\" \/>\n<\/a>\n<\/div>\n","protected":false},"excerpt":{"rendered":"<p>Fin de semana complicado para Lucas Yerobi en el cierre de temporada del TR Series. Fuente y foto prensa Lucas Yerobi. 1.241 veces le\u00edda Share this:<\/p>\n","protected":false},"author":1,"featured_media":34592,"comment_status":"open","ping_status":"open","sticky":false,"template":"","format":"standard","meta":[],"categories":[2135,5,6,1],"tags":[524,4093,100],"_links":{"self":[{"href":"http:\/\/labestiadeportiva.com\/lbd\/wp-json\/wp\/v2\/posts\/34591"}],"collection":[{"href":"http:\/\/labestiadeportiva.com\/lbd\/wp-json\/wp\/v2\/posts"}],"about":[{"href":"http:\/\/labestiadeportiva.com\/lbd\/wp-json\/wp\/v2\/types\/post"}],"author":[{"embeddable":true,"href":"http:\/\/labestiadeportiva.com\/lbd\/wp-json\/wp\/v2\/users\/1"}],"replies":[{"embeddable":true,"href":"http:\/\/labestiadeportiva.com\/lbd\/wp-json\/wp\/v2\/comments?post=34591"}],"version-history":[{"count":1,"href":"http:\/\/labestiadeportiva.com\/lbd\/wp-json\/wp\/v2\/posts\/34591\/revisions"}],"predecessor-version":[{"id":34594,"href":"http:\/\/labestiadeportiva.com\/lbd\/wp-json\/wp\/v2\/posts\/34591\/revisions\/34594"}],"wp:featuredmedia":[{"embeddable":true,"href":"http:\/\/labestiadeportiva.com\/lbd\/wp-json\/wp\/v2\/media\/34592"}],"wp:attachment":[{"href":"http:\/\/labestiadeportiva.com\/lbd\/wp-json\/wp\/v2\/media?parent=34591"}],"wp:term":[{"taxonomy":"category","embeddable":true,"href":"http:\/\/labestiadeportiva.com\/lbd\/wp-json\/wp\/v2\/categories?post=34591"},{"taxonomy":"post_tag","embeddable":true,"href":"http:\/\/labestiadeportiva.com\/lbd\/wp-json\/wp\/v2\/tags?post=34591"}],"curies":[{"name":"wp","href":"https:\/\/api.w.org\/{rel}","templated":true}]}}