{"id":34846,"date":"2020-01-09T21:26:47","date_gmt":"2020-01-10T00:26:47","guid":{"rendered":"http:\/\/labestiadeportiva.com\/lbd\/?p=34846"},"modified":"2020-01-09T21:26:47","modified_gmt":"2020-01-10T00:26:47","slug":"sainz-y-price-repiten","status":"publish","type":"post","link":"http:\/\/labestiadeportiva.com\/lbd\/sainz-y-price-repiten\/","title":{"rendered":"Sainz y Price repiten"},"content":{"rendered":"<p>Por Daniel Campos (Corresponsal LBD en Palma de Mallorca, Espa\u00f1a)<\/p>\n<p><a href=\"http:\/\/labestiadeportiva.com\/lbd\/wp-content\/uploads\/2020\/01\/toby-price.jpg\"><img loading=\"lazy\" src=\"http:\/\/labestiadeportiva.com\/lbd\/wp-content\/uploads\/2020\/01\/toby-price-300x174.jpg\" alt=\"toby price\" width=\"300\" height=\"174\" class=\"aligncenter size-medium wp-image-34848\" srcset=\"http:\/\/labestiadeportiva.com\/lbd\/wp-content\/uploads\/2020\/01\/toby-price-300x174.jpg 300w, http:\/\/labestiadeportiva.com\/lbd\/wp-content\/uploads\/2020\/01\/toby-price-1024x595.jpg 1024w, http:\/\/labestiadeportiva.com\/lbd\/wp-content\/uploads\/2020\/01\/toby-price.jpg 1160w\" sizes=\"(max-width: 300px) 100vw, 300px\" \/><\/a><br \/>\nToby Price en motos, y Carlos Sainz en coches, ganaron en la quinta jornada entre Al- Ula y Ha\u00b4ll. El campe\u00f3n espa\u00f1ol suma la segunda victoria de etapa y saca algunos minutos de distancia con Al-Attiyah y Peterhansel, manteni\u00e9ndose al frente de la general en el Dakar 2020.<!--more--><\/p>\n<p>En territorio saud\u00ed el representante argentino, Orlando Terranova, est\u00e1 a 32 minutos del l\u00edder. Al salir temprano por la ma\u00f1ana y muy fr\u00eda, los pilotos afrontaron los primeros 150 kil\u00f3metros de arena y luego llegaron a la meseta del Jabal Sammar a 1500 metros de altura.Ma\u00f1ana ser\u00e1 el turno de las dunas.<\/p>\n<p>En motos, tras la primera victoria en el inicio del raid, Toby Price repite triunfo con una nueva demostraci\u00f3n de conducci\u00f3n del piloto australiano de KTM, imponi\u00e9ndose a los dos hombres de la casa Husqvarna: Quintanilla y Short.<\/p>\n<p>Tambi\u00e9n aprovechando las dificultades de Kevin Benavidez y Jos\u00e9 Cornejo. Mientras tanto, sigue firme en la general, el norteamericano Ricky Brabec, con Honda.<\/p>\n<p>La nota negativa de la jornada en las dos ruedas, en el kil\u00f3metro 88 de la etapa, fue la fuerte ca\u00edda del brit\u00e1nico Sam Suderland, lumbares y hombro izquierdo muy tocado, abandono del piloto de KTM.<\/p>\n<p>En el apartado de los quads, primer triunfo en el Dakar del franc\u00e9s Romain Dutu con Yamaha, en gran duelo con su compatriota Giroud. Pero sin despeinarse sigue mandando en el desierto, el chileno Casale.<\/p>\n<p>En camiones Dmitry Sotnikov, inscribe por primera vez su nombre como ganador de etapa de este raid a los mandos del Kamaz n\u00famero 501. Sigue el dominio de los veh\u00edculos rusos y en la clasificaci\u00f3n general, manda Andrey Karginov.<\/p>\n<p>En buggies, Cyril Despres, cruz\u00f3 la l\u00ednea de meta en primer lugar en Ha\u00b4ll, mientras que la dupla rusa, Kariakin-Vlasiuk es el l\u00edder en la general.<br \/>\n<a href=\"http:\/\/labestiadeportiva.com\/lbd\/wp-content\/uploads\/2020\/01\/sainz-dakar-2020-.jpg\"><img loading=\"lazy\" src=\"http:\/\/labestiadeportiva.com\/lbd\/wp-content\/uploads\/2020\/01\/sainz-dakar-2020--300x180.jpg\" alt=\"sainz-dakar-2020-\" width=\"300\" height=\"180\" class=\"aligncenter size-medium wp-image-34849\" srcset=\"http:\/\/labestiadeportiva.com\/lbd\/wp-content\/uploads\/2020\/01\/sainz-dakar-2020--300x180.jpg 300w, http:\/\/labestiadeportiva.com\/lbd\/wp-content\/uploads\/2020\/01\/sainz-dakar-2020-.jpg 700w\" sizes=\"(max-width: 300px) 100vw, 300px\" \/><\/a><\/p>\n<p>La sexta jornada del Dakar se disputar\u00e1 entre Ha\u00b4ll y Riyadh, con un total de 830 kil\u00f3metros, un enlace de 353 y un especial de 477, llegan las dunas.<\/p>\n<div class='epvc-post-count'><span class='epvc-eye'><\/span>  <span class=\"epvc-count\"> 1.101<\/span><span class='epvc-label'> veces le\u00edda<\/span><\/div>\n<div class=\"jwsharethis\">\nShare this: \n<br \/>\n<a href=\"mailto:?subject=Sainz%20y%20Price%20repiten&amp;body=http%3A%2F%2Flabestiadeportiva.com%2Flbd%2Fsainz-y-price-repiten%2F\">\n<img src=\"http:\/\/labestiadeportiva.com\/lbd\/wp-content\/plugins\/jw-share-this\/email.png\" alt=\"Share this page via Email\" \/>\n<\/a>\n<a target=\"_blank\" href=\"http:\/\/www.stumbleupon.com\/submit?url=http%3A%2F%2Flabestiadeportiva.com%2Flbd%2Fsainz-y-price-repiten%2F&amp;title=Sainz+y+Price+repiten\">\n<img src=\"http:\/\/labestiadeportiva.com\/lbd\/wp-content\/plugins\/jw-share-this\/su.png\" alt=\"Share this page via Stumble Upon\" \/>\n<\/a>\n<a target=\"_blank\" href=\"http:\/\/digg.com\/submit?url=http%3A%2F%2Flabestiadeportiva.com%2Flbd%2Fsainz-y-price-repiten%2F&amp;title=Sainz+y+Price+repiten\">\n<img src=\"http:\/\/labestiadeportiva.com\/lbd\/wp-content\/plugins\/jw-share-this\/digg.png\" alt=\"Share this page via Digg this\" \/>\n<\/a>\n<a target=\"_blank\" href=\"http:\/\/www.facebook.com\/sharer.php?u=http%3A%2F%2Flabestiadeportiva.com%2Flbd%2Fsainz-y-price-repiten%2F&amp;t=Sainz+y+Price+repiten\">\n<img src=\"http:\/\/labestiadeportiva.com\/lbd\/wp-content\/plugins\/jw-share-this\/fb.png\" alt=\"Share this page via Facebook\" \/>\n<\/a>\n<a target=\"_blank\" href=\"http:\/\/twitter.com\/intent\/tweet?text=I+like+http%3A%2F%2Flabestiadeportiva.com%2Flbd%2Fsainz-y-price-repiten%2F&amp;title=Sainz+y+Price+repiten\">\n<img src=\"http:\/\/labestiadeportiva.com\/lbd\/wp-content\/plugins\/jw-share-this\/twitter.png\" alt=\"Share this page via Twitter\" \/>\n<\/a>\n<\/div>\n","protected":false},"excerpt":{"rendered":"<p>Por Daniel Campos (Corresponsal LBD en Palma de Mallorca, Espa\u00f1a) Toby Price en motos, y Carlos Sainz en coches, ganaron en la quinta jornada entre Al- Ula y Ha\u00b4ll. El campe\u00f3n espa\u00f1ol suma la segunda victoria de etapa y saca algunos minutos de distancia con Al-Attiyah y Peterhansel, manteni\u00e9ndose al frente de la general en &hellip; <a href=\"http:\/\/labestiadeportiva.com\/lbd\/sainz-y-price-repiten\/\" class=\"more-link\">Seguir leyendo <span class=\"screen-reader-text\">Sainz y Price repiten<\/span> <span class=\"meta-nav\">&rarr;<\/span><\/a><\/p>\n","protected":false},"author":1,"featured_media":34848,"comment_status":"open","ping_status":"open","sticky":false,"template":"","format":"standard","meta":[],"categories":[2176,4109,4,1],"tags":[86,4110,1855],"_links":{"self":[{"href":"http:\/\/labestiadeportiva.com\/lbd\/wp-json\/wp\/v2\/posts\/34846"}],"collection":[{"href":"http:\/\/labestiadeportiva.com\/lbd\/wp-json\/wp\/v2\/posts"}],"about":[{"href":"http:\/\/labestiadeportiva.com\/lbd\/wp-json\/wp\/v2\/types\/post"}],"author":[{"embeddable":true,"href":"http:\/\/labestiadeportiva.com\/lbd\/wp-json\/wp\/v2\/users\/1"}],"replies":[{"embeddable":true,"href":"http:\/\/labestiadeportiva.com\/lbd\/wp-json\/wp\/v2\/comments?post=34846"}],"version-history":[{"count":1,"href":"http:\/\/labestiadeportiva.com\/lbd\/wp-json\/wp\/v2\/posts\/34846\/revisions"}],"predecessor-version":[{"id":34851,"href":"http:\/\/labestiadeportiva.com\/lbd\/wp-json\/wp\/v2\/posts\/34846\/revisions\/34851"}],"wp:featuredmedia":[{"embeddable":true,"href":"http:\/\/labestiadeportiva.com\/lbd\/wp-json\/wp\/v2\/media\/34848"}],"wp:attachment":[{"href":"http:\/\/labestiadeportiva.com\/lbd\/wp-json\/wp\/v2\/media?parent=34846"}],"wp:term":[{"taxonomy":"category","embeddable":true,"href":"http:\/\/labestiadeportiva.com\/lbd\/wp-json\/wp\/v2\/categories?post=34846"},{"taxonomy":"post_tag","embeddable":true,"href":"http:\/\/labestiadeportiva.com\/lbd\/wp-json\/wp\/v2\/tags?post=34846"}],"curies":[{"name":"wp","href":"https:\/\/api.w.org\/{rel}","templated":true}]}}