{"id":35016,"date":"2020-01-27T18:50:11","date_gmt":"2020-01-27T21:50:11","guid":{"rendered":"http:\/\/labestiadeportiva.com\/lbd\/?p=35016"},"modified":"2020-01-27T18:50:11","modified_gmt":"2020-01-27T21:50:11","slug":"los-de-siempre-se-quedaron-con-el-1-ushuaia-mix-de-futsal","status":"publish","type":"post","link":"http:\/\/labestiadeportiva.com\/lbd\/los-de-siempre-se-quedaron-con-el-1-ushuaia-mix-de-futsal\/","title":{"rendered":"\u00abLos de Siempre\u00bb se quedaron con el 1\u00b0 Ushuaia Mix de futsal"},"content":{"rendered":"<p class=\"yiv1659312152MsoNormal\"><a href=\"http:\/\/labestiadeportiva.com\/lbd\/wp-content\/uploads\/2020\/01\/IMG-20200127-WA00552.jpg\"><img loading=\"lazy\" class=\"aligncenter size-medium wp-image-35018\" src=\"http:\/\/labestiadeportiva.com\/lbd\/wp-content\/uploads\/2020\/01\/IMG-20200127-WA00552-300x200.jpg\" alt=\"IMG-20200127-WA0055~2\" width=\"300\" height=\"200\" srcset=\"http:\/\/labestiadeportiva.com\/lbd\/wp-content\/uploads\/2020\/01\/IMG-20200127-WA00552-300x200.jpg 300w, http:\/\/labestiadeportiva.com\/lbd\/wp-content\/uploads\/2020\/01\/IMG-20200127-WA00552-1024x682.jpg 1024w, http:\/\/labestiadeportiva.com\/lbd\/wp-content\/uploads\/2020\/01\/IMG-20200127-WA00552.jpg 1280w\" sizes=\"(max-width: 300px) 100vw, 300px\" \/><\/a>El Microestadio Jos\u00e9 \u00abCochocho\u00bb Vargas fue el escenario donde est\u00e9 s\u00e1bado j\u00f3venes salonistas de ambos sexos formaron parte de la competencia indoor. \u00abLos de Siempre\u00bb se impusieron a Rindo en Febrero\u00bb por 4 a 2.<!--more--><\/p>\n<p>Se cristaliz\u00f3 la propuesta veraniega del Instituto Municipal de Deportes. El \u00abUshuaia Mix\u00bb cont\u00f3 con 70 participantes divididos en 8 equipos.<\/p>\n<p>En cuanto a la estructura de juego, que aun\u00f3 valores de ambos sexos de las categor\u00edas\u00a0 2003, 2004, 2005 y 2006, compiti\u00f3 en dos zonas de cuatro equipos enfrent\u00e1ndose todos contra todos para luego disputar semifinales y final.<\/p>\n<p class=\"yiv1659312152MsoNormal\"><a href=\"http:\/\/labestiadeportiva.com\/lbd\/wp-content\/uploads\/2020\/01\/IMG-20200127-WA00522.jpg\"><img loading=\"lazy\" class=\"aligncenter size-medium wp-image-35019\" src=\"http:\/\/labestiadeportiva.com\/lbd\/wp-content\/uploads\/2020\/01\/IMG-20200127-WA00522-300x225.jpg\" alt=\"IMG-20200127-WA0052~2\" width=\"300\" height=\"225\" srcset=\"http:\/\/labestiadeportiva.com\/lbd\/wp-content\/uploads\/2020\/01\/IMG-20200127-WA00522-300x225.jpg 300w, http:\/\/labestiadeportiva.com\/lbd\/wp-content\/uploads\/2020\/01\/IMG-20200127-WA00522-1024x768.jpg 1024w, http:\/\/labestiadeportiva.com\/lbd\/wp-content\/uploads\/2020\/01\/IMG-20200127-WA00522.jpg 1280w\" sizes=\"(max-width: 300px) 100vw, 300px\" \/><\/a><br \/>\nPrevio a cada partido se realizaron 10 minutos de juegos recreativos. Asimismo los organizadores destacaron a goleadores masculino y femenino: Joaqu\u00edn Mansilla y Valentina Grandis, la m\u00e1s peque\u00f1a del torneo: tambi\u00e9n Valentina Grandis, los l\u00edricos: Ema Huertas y Thiago Bonvehi, mejor jugada colectiva: Joaqu\u00edn Rodr\u00edguez, jugador radio: (el m\u00e1s hablador) Dylan Topalda, 1\u00b0 gol femenino: Camila Mu\u00f1oz, valla destacada: Brisa Garc\u00eda y mejor t\u00e9cnico: \u00abFacu\u00bb Moreno.<\/p>\n<p class=\"yiv1659312152MsoNormal\">En el choque definitorio \u00abLos de Siempre\u00bb, conjunto conducido por \u00abFacu\u00bb Moreno doblegaron\u00a0 por 4 a 2 a \u00abRindo en Febrero\u00bb a cargo del profe Diego S\u00e1nchez.<\/p>\n<p class=\"yiv1659312152MsoNormal\"><a href=\"http:\/\/labestiadeportiva.com\/lbd\/wp-content\/uploads\/2020\/01\/IMG-20200127-WA00482.jpg\"><img loading=\"lazy\" class=\"aligncenter size-medium wp-image-35020\" src=\"http:\/\/labestiadeportiva.com\/lbd\/wp-content\/uploads\/2020\/01\/IMG-20200127-WA00482-300x200.jpg\" alt=\"IMG-20200127-WA0048~2\" width=\"300\" height=\"200\" srcset=\"http:\/\/labestiadeportiva.com\/lbd\/wp-content\/uploads\/2020\/01\/IMG-20200127-WA00482-300x200.jpg 300w, http:\/\/labestiadeportiva.com\/lbd\/wp-content\/uploads\/2020\/01\/IMG-20200127-WA00482-1024x683.jpg 1024w, http:\/\/labestiadeportiva.com\/lbd\/wp-content\/uploads\/2020\/01\/IMG-20200127-WA00482.jpg 1280w\" sizes=\"(max-width: 300px) 100vw, 300px\" \/><\/a><\/p>\n<p>Desde el IMD se inform\u00f3 que se repetir\u00e1 la experiencia antes del inicio del ciclo escolar. Asimismo el formato Mix se utilizar\u00e1 durante todo el a\u00f1o en diferentes disciplinas de conjunto.<\/p>\n<p class=\"yiv1659312152MsoNormal\"><a href=\"http:\/\/labestiadeportiva.com\/lbd\/wp-content\/uploads\/2020\/01\/IMG-20200127-WA00512.jpg\"><img loading=\"lazy\" class=\"aligncenter size-medium wp-image-35021\" src=\"http:\/\/labestiadeportiva.com\/lbd\/wp-content\/uploads\/2020\/01\/IMG-20200127-WA00512-300x225.jpg\" alt=\"IMG-20200127-WA0051~2\" width=\"300\" height=\"225\" srcset=\"http:\/\/labestiadeportiva.com\/lbd\/wp-content\/uploads\/2020\/01\/IMG-20200127-WA00512-300x225.jpg 300w, http:\/\/labestiadeportiva.com\/lbd\/wp-content\/uploads\/2020\/01\/IMG-20200127-WA00512-1024x768.jpg 1024w, http:\/\/labestiadeportiva.com\/lbd\/wp-content\/uploads\/2020\/01\/IMG-20200127-WA00512.jpg 1280w\" sizes=\"(max-width: 300px) 100vw, 300px\" \/><\/a><\/p>\n<p class=\"yiv1659312152MsoNormal\">\n<div class='epvc-post-count'><span class='epvc-eye'><\/span>  <span class=\"epvc-count\"> 1.094<\/span><span class='epvc-label'> veces le\u00edda<\/span><\/div>\n<div class=\"jwsharethis\">\nShare this: \n<br \/>\n<a href=\"mailto:?subject=%C2%ABLos%20de%20Siempre%C2%BB%20se%20quedaron%20con%20el%201%C2%B0%20Ushuaia%20Mix%20de%20futsal&amp;body=http%3A%2F%2Flabestiadeportiva.com%2Flbd%2Flos-de-siempre-se-quedaron-con-el-1-ushuaia-mix-de-futsal%2F\">\n<img src=\"http:\/\/labestiadeportiva.com\/lbd\/wp-content\/plugins\/jw-share-this\/email.png\" alt=\"Share this page via Email\" \/>\n<\/a>\n<a target=\"_blank\" href=\"http:\/\/www.stumbleupon.com\/submit?url=http%3A%2F%2Flabestiadeportiva.com%2Flbd%2Flos-de-siempre-se-quedaron-con-el-1-ushuaia-mix-de-futsal%2F&amp;title=%C2%ABLos+de+Siempre%C2%BB+se+quedaron+con+el+1%C2%B0+Ushuaia+Mix+de+futsal\">\n<img src=\"http:\/\/labestiadeportiva.com\/lbd\/wp-content\/plugins\/jw-share-this\/su.png\" alt=\"Share this page via Stumble Upon\" \/>\n<\/a>\n<a target=\"_blank\" href=\"http:\/\/digg.com\/submit?url=http%3A%2F%2Flabestiadeportiva.com%2Flbd%2Flos-de-siempre-se-quedaron-con-el-1-ushuaia-mix-de-futsal%2F&amp;title=%C2%ABLos+de+Siempre%C2%BB+se+quedaron+con+el+1%C2%B0+Ushuaia+Mix+de+futsal\">\n<img src=\"http:\/\/labestiadeportiva.com\/lbd\/wp-content\/plugins\/jw-share-this\/digg.png\" alt=\"Share this page via Digg this\" \/>\n<\/a>\n<a target=\"_blank\" href=\"http:\/\/www.facebook.com\/sharer.php?u=http%3A%2F%2Flabestiadeportiva.com%2Flbd%2Flos-de-siempre-se-quedaron-con-el-1-ushuaia-mix-de-futsal%2F&amp;t=%C2%ABLos+de+Siempre%C2%BB+se+quedaron+con+el+1%C2%B0+Ushuaia+Mix+de+futsal\">\n<img src=\"http:\/\/labestiadeportiva.com\/lbd\/wp-content\/plugins\/jw-share-this\/fb.png\" alt=\"Share this page via Facebook\" \/>\n<\/a>\n<a target=\"_blank\" href=\"http:\/\/twitter.com\/intent\/tweet?text=I+like+http%3A%2F%2Flabestiadeportiva.com%2Flbd%2Flos-de-siempre-se-quedaron-con-el-1-ushuaia-mix-de-futsal%2F&amp;title=%C2%ABLos+de+Siempre%C2%BB+se+quedaron+con+el+1%C2%B0+Ushuaia+Mix+de+futsal\">\n<img src=\"http:\/\/labestiadeportiva.com\/lbd\/wp-content\/plugins\/jw-share-this\/twitter.png\" alt=\"Share this page via Twitter\" \/>\n<\/a>\n<\/div>\n","protected":false},"excerpt":{"rendered":"<p>El Microestadio Jos\u00e9 \u00abCochocho\u00bb Vargas fue el escenario donde est\u00e9 s\u00e1bado j\u00f3venes salonistas de ambos sexos formaron parte de la competencia indoor. \u00abLos de Siempre\u00bb se impusieron a Rindo en Febrero\u00bb por 4 a 2. 1.094 veces le\u00edda Share this:<\/p>\n","protected":false},"author":1,"featured_media":35018,"comment_status":"open","ping_status":"open","sticky":false,"template":"","format":"standard","meta":[],"categories":[5,2343,2651,1],"tags":[30,3834,3660,4129],"_links":{"self":[{"href":"http:\/\/labestiadeportiva.com\/lbd\/wp-json\/wp\/v2\/posts\/35016"}],"collection":[{"href":"http:\/\/labestiadeportiva.com\/lbd\/wp-json\/wp\/v2\/posts"}],"about":[{"href":"http:\/\/labestiadeportiva.com\/lbd\/wp-json\/wp\/v2\/types\/post"}],"author":[{"embeddable":true,"href":"http:\/\/labestiadeportiva.com\/lbd\/wp-json\/wp\/v2\/users\/1"}],"replies":[{"embeddable":true,"href":"http:\/\/labestiadeportiva.com\/lbd\/wp-json\/wp\/v2\/comments?post=35016"}],"version-history":[{"count":1,"href":"http:\/\/labestiadeportiva.com\/lbd\/wp-json\/wp\/v2\/posts\/35016\/revisions"}],"predecessor-version":[{"id":35023,"href":"http:\/\/labestiadeportiva.com\/lbd\/wp-json\/wp\/v2\/posts\/35016\/revisions\/35023"}],"wp:featuredmedia":[{"embeddable":true,"href":"http:\/\/labestiadeportiva.com\/lbd\/wp-json\/wp\/v2\/media\/35018"}],"wp:attachment":[{"href":"http:\/\/labestiadeportiva.com\/lbd\/wp-json\/wp\/v2\/media?parent=35016"}],"wp:term":[{"taxonomy":"category","embeddable":true,"href":"http:\/\/labestiadeportiva.com\/lbd\/wp-json\/wp\/v2\/categories?post=35016"},{"taxonomy":"post_tag","embeddable":true,"href":"http:\/\/labestiadeportiva.com\/lbd\/wp-json\/wp\/v2\/tags?post=35016"}],"curies":[{"name":"wp","href":"https:\/\/api.w.org\/{rel}","templated":true}]}}