{"id":35143,"date":"2020-02-10T22:30:04","date_gmt":"2020-02-11T01:30:04","guid":{"rendered":"http:\/\/labestiadeportiva.com\/lbd\/?p=35143"},"modified":"2020-02-10T22:30:04","modified_gmt":"2020-02-11T01:30:04","slug":"en-estos-dias-se-conformara-la-comision-normalizadora-hoy-el-presidente-es-german-nunez-audio","status":"publish","type":"post","link":"http:\/\/labestiadeportiva.com\/lbd\/en-estos-dias-se-conformara-la-comision-normalizadora-hoy-el-presidente-es-german-nunez-audio\/","title":{"rendered":"\u00abEn estos d\u00edas se conformar\u00e1 la Comisi\u00f3n Normalizadora, hoy el presidente es Germ\u00e1n N\u00fa\u00f1ez\u00bb (Audio)"},"content":{"rendered":"<p><a href=\"http:\/\/labestiadeportiva.com\/lbd\/wp-content\/uploads\/2020\/02\/FB_IMG_1553728476656.jpg\"><img loading=\"lazy\" src=\"http:\/\/labestiadeportiva.com\/lbd\/wp-content\/uploads\/2020\/02\/FB_IMG_1553728476656-300x173.jpg\" alt=\"FB_IMG_1553728476656\" width=\"300\" height=\"173\" class=\"aligncenter size-medium wp-image-35144\" srcset=\"http:\/\/labestiadeportiva.com\/lbd\/wp-content\/uploads\/2020\/02\/FB_IMG_1553728476656-300x173.jpg 300w, http:\/\/labestiadeportiva.com\/lbd\/wp-content\/uploads\/2020\/02\/FB_IMG_1553728476656-1024x591.jpg 1024w, http:\/\/labestiadeportiva.com\/lbd\/wp-content\/uploads\/2020\/02\/FB_IMG_1553728476656.jpg 1087w\" sizes=\"(max-width: 300px) 100vw, 300px\" \/><\/a><br \/>\nEn busca de clarificar y entender la actual situaci\u00f3n del Moto Club R\u00edo Grande fuimos en busca de la palabra del presidente destituido Daniel Brizuela. C\u00f3mo se lleg\u00f3 a esta inc\u00f3moda realidad, la explicaci\u00f3n sobre el cronograma provincial de competencia y la VTDF los principales temas de la charla <!--more--><\/p>\n<p>https:\/\/youtu.be\/MFfQch2_57w<\/p>\n<div class='epvc-post-count'><span class='epvc-eye'><\/span>  <span class=\"epvc-count\"> 1.092<\/span><span class='epvc-label'> veces le\u00edda<\/span><\/div>\n<div class=\"jwsharethis\">\nShare this: \n<br \/>\n<a href=\"mailto:?subject=%C2%ABEn%20estos%20d%C3%ADas%20se%20conformar%C3%A1%20la%20Comisi%C3%B3n%20Normalizadora%2C%20hoy%20el%20presidente%20es%20Germ%C3%A1n%20N%C3%BA%C3%B1ez%C2%BB%20%28Audio%29&amp;body=http%3A%2F%2Flabestiadeportiva.com%2Flbd%2Fen-estos-dias-se-conformara-la-comision-normalizadora-hoy-el-presidente-es-german-nunez-audio%2F\">\n<img src=\"http:\/\/labestiadeportiva.com\/lbd\/wp-content\/plugins\/jw-share-this\/email.png\" alt=\"Share this page via Email\" \/>\n<\/a>\n<a target=\"_blank\" href=\"http:\/\/www.stumbleupon.com\/submit?url=http%3A%2F%2Flabestiadeportiva.com%2Flbd%2Fen-estos-dias-se-conformara-la-comision-normalizadora-hoy-el-presidente-es-german-nunez-audio%2F&amp;title=%C2%ABEn+estos+d%C3%ADas+se+conformar%C3%A1+la+Comisi%C3%B3n+Normalizadora%2C+hoy+el+presidente+es+Germ%C3%A1n+N%C3%BA%C3%B1ez%C2%BB+%28Audio%29\">\n<img src=\"http:\/\/labestiadeportiva.com\/lbd\/wp-content\/plugins\/jw-share-this\/su.png\" alt=\"Share this page via Stumble Upon\" \/>\n<\/a>\n<a target=\"_blank\" href=\"http:\/\/digg.com\/submit?url=http%3A%2F%2Flabestiadeportiva.com%2Flbd%2Fen-estos-dias-se-conformara-la-comision-normalizadora-hoy-el-presidente-es-german-nunez-audio%2F&amp;title=%C2%ABEn+estos+d%C3%ADas+se+conformar%C3%A1+la+Comisi%C3%B3n+Normalizadora%2C+hoy+el+presidente+es+Germ%C3%A1n+N%C3%BA%C3%B1ez%C2%BB+%28Audio%29\">\n<img src=\"http:\/\/labestiadeportiva.com\/lbd\/wp-content\/plugins\/jw-share-this\/digg.png\" alt=\"Share this page via Digg this\" \/>\n<\/a>\n<a target=\"_blank\" href=\"http:\/\/www.facebook.com\/sharer.php?u=http%3A%2F%2Flabestiadeportiva.com%2Flbd%2Fen-estos-dias-se-conformara-la-comision-normalizadora-hoy-el-presidente-es-german-nunez-audio%2F&amp;t=%C2%ABEn+estos+d%C3%ADas+se+conformar%C3%A1+la+Comisi%C3%B3n+Normalizadora%2C+hoy+el+presidente+es+Germ%C3%A1n+N%C3%BA%C3%B1ez%C2%BB+%28Audio%29\">\n<img src=\"http:\/\/labestiadeportiva.com\/lbd\/wp-content\/plugins\/jw-share-this\/fb.png\" alt=\"Share this page via Facebook\" \/>\n<\/a>\n<a target=\"_blank\" href=\"http:\/\/twitter.com\/intent\/tweet?text=I+like+http%3A%2F%2Flabestiadeportiva.com%2Flbd%2Fen-estos-dias-se-conformara-la-comision-normalizadora-hoy-el-presidente-es-german-nunez-audio%2F&amp;title=%C2%ABEn+estos+d%C3%ADas+se+conformar%C3%A1+la+Comisi%C3%B3n+Normalizadora%2C+hoy+el+presidente+es+Germ%C3%A1n+N%C3%BA%C3%B1ez%C2%BB+%28Audio%29\">\n<img src=\"http:\/\/labestiadeportiva.com\/lbd\/wp-content\/plugins\/jw-share-this\/twitter.png\" alt=\"Share this page via Twitter\" \/>\n<\/a>\n<\/div>\n","protected":false},"excerpt":{"rendered":"<p>En busca de clarificar y entender la actual situaci\u00f3n del Moto Club R\u00edo Grande fuimos en busca de la palabra del presidente destituido Daniel Brizuela. C\u00f3mo se lleg\u00f3 a esta inc\u00f3moda realidad, la explicaci\u00f3n sobre el cronograma provincial de competencia y la VTDF los principales temas de la charla 1.092 veces le\u00edda Share this:<\/p>\n","protected":false},"author":1,"featured_media":35144,"comment_status":"open","ping_status":"open","sticky":false,"template":"","format":"standard","meta":[],"categories":[5,4,6,60,2159,1,4137],"tags":[3790,4838,2038,71],"_links":{"self":[{"href":"http:\/\/labestiadeportiva.com\/lbd\/wp-json\/wp\/v2\/posts\/35143"}],"collection":[{"href":"http:\/\/labestiadeportiva.com\/lbd\/wp-json\/wp\/v2\/posts"}],"about":[{"href":"http:\/\/labestiadeportiva.com\/lbd\/wp-json\/wp\/v2\/types\/post"}],"author":[{"embeddable":true,"href":"http:\/\/labestiadeportiva.com\/lbd\/wp-json\/wp\/v2\/users\/1"}],"replies":[{"embeddable":true,"href":"http:\/\/labestiadeportiva.com\/lbd\/wp-json\/wp\/v2\/comments?post=35143"}],"version-history":[{"count":1,"href":"http:\/\/labestiadeportiva.com\/lbd\/wp-json\/wp\/v2\/posts\/35143\/revisions"}],"predecessor-version":[{"id":35146,"href":"http:\/\/labestiadeportiva.com\/lbd\/wp-json\/wp\/v2\/posts\/35143\/revisions\/35146"}],"wp:featuredmedia":[{"embeddable":true,"href":"http:\/\/labestiadeportiva.com\/lbd\/wp-json\/wp\/v2\/media\/35144"}],"wp:attachment":[{"href":"http:\/\/labestiadeportiva.com\/lbd\/wp-json\/wp\/v2\/media?parent=35143"}],"wp:term":[{"taxonomy":"category","embeddable":true,"href":"http:\/\/labestiadeportiva.com\/lbd\/wp-json\/wp\/v2\/categories?post=35143"},{"taxonomy":"post_tag","embeddable":true,"href":"http:\/\/labestiadeportiva.com\/lbd\/wp-json\/wp\/v2\/tags?post=35143"}],"curies":[{"name":"wp","href":"https:\/\/api.w.org\/{rel}","templated":true}]}}