{"id":35385,"date":"2020-03-07T22:41:22","date_gmt":"2020-03-08T01:41:22","guid":{"rendered":"http:\/\/labestiadeportiva.com\/lbd\/?p=35385"},"modified":"2020-03-07T22:41:22","modified_gmt":"2020-03-08T01:41:22","slug":"la-maestra-andrea-mancuso-en-rio-grande","status":"publish","type":"post","link":"http:\/\/labestiadeportiva.com\/lbd\/la-maestra-andrea-mancuso-en-rio-grande\/","title":{"rendered":"La Maestra Andrea Mancuso en R\u00edo Grande"},"content":{"rendered":"<p><a href=\"http:\/\/labestiadeportiva.com\/lbd\/wp-content\/uploads\/2020\/03\/IMG-20200307-WA0046.jpg\"><img loading=\"lazy\" src=\"http:\/\/labestiadeportiva.com\/lbd\/wp-content\/uploads\/2020\/03\/IMG-20200307-WA0046-300x300.jpg\" alt=\"IMG-20200307-WA0046\" width=\"300\" height=\"300\" class=\"aligncenter size-medium wp-image-35386\" srcset=\"http:\/\/labestiadeportiva.com\/lbd\/wp-content\/uploads\/2020\/03\/IMG-20200307-WA0046-300x300.jpg 300w, http:\/\/labestiadeportiva.com\/lbd\/wp-content\/uploads\/2020\/03\/IMG-20200307-WA0046-150x150.jpg 150w, http:\/\/labestiadeportiva.com\/lbd\/wp-content\/uploads\/2020\/03\/IMG-20200307-WA0046-1024x1024.jpg 1024w, http:\/\/labestiadeportiva.com\/lbd\/wp-content\/uploads\/2020\/03\/IMG-20200307-WA0046-160x160.jpg 160w, http:\/\/labestiadeportiva.com\/lbd\/wp-content\/uploads\/2020\/03\/IMG-20200307-WA0046-320x320.jpg 320w, http:\/\/labestiadeportiva.com\/lbd\/wp-content\/uploads\/2020\/03\/IMG-20200307-WA0046-60x60.jpg 60w, http:\/\/labestiadeportiva.com\/lbd\/wp-content\/uploads\/2020\/03\/IMG-20200307-WA0046.jpg 1075w\" sizes=\"(max-width: 300px) 100vw, 300px\" \/><\/a><\/p>\n<p>La Maestra Andrea Mancuso, 8\u00b0 Dan, de Taekwondo Ol\u00edmpico dictar\u00e1 el Curso Nacional y Rev\u00e1lida de \u00c1rbitros Nacionales Federados. Ser\u00e1 este s\u00e1bado y domingo en el Centro de Alto Rendimiento Deportivo riograndense. Fuente Asociaci\u00f3n de Taekwondo Chacra IV.<!--more--><\/p>\n<p>La maestra cuenta con diversos reconocimientos de la World Taekwondo por su trayectoria como \u00e1rbitro internacional, habiendo participado y organizado diversos torneos oficiales Sudamericanos, Panamericanos, Mundiales y hasta Juegos Ol\u00edmpicos. <\/p>\n<p>Actualmente es la Jefa de \u00c1rbitros de la Confederaci\u00f3n Argentina de Taekwondo.<br \/>\nEl evento est\u00e1 organizado por el Jefe de \u00c1rbitros de la Provincia, Sabom Nim Nahuel de Oro (4to. Dan), avalado por la Asociaci\u00f3n de Taekwondo Chacra IV (Ente Rector Provincial de la disciplina).<\/p>\n<p>Se realizar\u00e1 este s\u00e1bado 7 y domingo 8 de marzo en las instalaciones del Centro de Rendimiento Deportivo de Piedrabuena N\u00b0 975, con el apoyo del Municipio de R\u00edo Grande.<\/p>\n<p>La capacitaci\u00f3n no solo est\u00e1 destinada a los \u00e1rbitros nacionales y\/o provinciales, sino tambi\u00e9n para competidores y coach que deben actualizarse en las \u00faltimas modificaciones que hubo en el reglamento de eventos oficiales, tener las reglas de juego claras es fundamental para buscar resultados. <\/p>\n<div class='epvc-post-count'><span class='epvc-eye'><\/span>  <span class=\"epvc-count\"> 1.450<\/span><span class='epvc-label'> veces le\u00edda<\/span><\/div>\n<div class=\"jwsharethis\">\nShare this: \n<br \/>\n<a href=\"mailto:?subject=La%20Maestra%20Andrea%20Mancuso%20en%20R%C3%ADo%20Grande&amp;body=http%3A%2F%2Flabestiadeportiva.com%2Flbd%2Fla-maestra-andrea-mancuso-en-rio-grande%2F\">\n<img src=\"http:\/\/labestiadeportiva.com\/lbd\/wp-content\/plugins\/jw-share-this\/email.png\" alt=\"Share this page via Email\" \/>\n<\/a>\n<a target=\"_blank\" href=\"http:\/\/www.stumbleupon.com\/submit?url=http%3A%2F%2Flabestiadeportiva.com%2Flbd%2Fla-maestra-andrea-mancuso-en-rio-grande%2F&amp;title=La+Maestra+Andrea+Mancuso+en+R%C3%ADo+Grande\">\n<img src=\"http:\/\/labestiadeportiva.com\/lbd\/wp-content\/plugins\/jw-share-this\/su.png\" alt=\"Share this page via Stumble Upon\" \/>\n<\/a>\n<a target=\"_blank\" href=\"http:\/\/digg.com\/submit?url=http%3A%2F%2Flabestiadeportiva.com%2Flbd%2Fla-maestra-andrea-mancuso-en-rio-grande%2F&amp;title=La+Maestra+Andrea+Mancuso+en+R%C3%ADo+Grande\">\n<img src=\"http:\/\/labestiadeportiva.com\/lbd\/wp-content\/plugins\/jw-share-this\/digg.png\" alt=\"Share this page via Digg this\" \/>\n<\/a>\n<a target=\"_blank\" href=\"http:\/\/www.facebook.com\/sharer.php?u=http%3A%2F%2Flabestiadeportiva.com%2Flbd%2Fla-maestra-andrea-mancuso-en-rio-grande%2F&amp;t=La+Maestra+Andrea+Mancuso+en+R%C3%ADo+Grande\">\n<img src=\"http:\/\/labestiadeportiva.com\/lbd\/wp-content\/plugins\/jw-share-this\/fb.png\" alt=\"Share this page via Facebook\" \/>\n<\/a>\n<a target=\"_blank\" href=\"http:\/\/twitter.com\/intent\/tweet?text=I+like+http%3A%2F%2Flabestiadeportiva.com%2Flbd%2Fla-maestra-andrea-mancuso-en-rio-grande%2F&amp;title=La+Maestra+Andrea+Mancuso+en+R%C3%ADo+Grande\">\n<img src=\"http:\/\/labestiadeportiva.com\/lbd\/wp-content\/plugins\/jw-share-this\/twitter.png\" alt=\"Share this page via Twitter\" \/>\n<\/a>\n<\/div>\n","protected":false},"excerpt":{"rendered":"<p>La Maestra Andrea Mancuso, 8\u00b0 Dan, de Taekwondo Ol\u00edmpico dictar\u00e1 el Curso Nacional y Rev\u00e1lida de \u00c1rbitros Nacionales Federados. Ser\u00e1 este s\u00e1bado y domingo en el Centro de Alto Rendimiento Deportivo riograndense. Fuente Asociaci\u00f3n de Taekwondo Chacra IV. 1.450 veces le\u00edda Share this:<\/p>\n","protected":false},"author":1,"featured_media":35386,"comment_status":"open","ping_status":"open","sticky":false,"template":"","format":"standard","meta":[],"categories":[3019,5,6,1],"tags":[2756,3660,3553],"_links":{"self":[{"href":"http:\/\/labestiadeportiva.com\/lbd\/wp-json\/wp\/v2\/posts\/35385"}],"collection":[{"href":"http:\/\/labestiadeportiva.com\/lbd\/wp-json\/wp\/v2\/posts"}],"about":[{"href":"http:\/\/labestiadeportiva.com\/lbd\/wp-json\/wp\/v2\/types\/post"}],"author":[{"embeddable":true,"href":"http:\/\/labestiadeportiva.com\/lbd\/wp-json\/wp\/v2\/users\/1"}],"replies":[{"embeddable":true,"href":"http:\/\/labestiadeportiva.com\/lbd\/wp-json\/wp\/v2\/comments?post=35385"}],"version-history":[{"count":1,"href":"http:\/\/labestiadeportiva.com\/lbd\/wp-json\/wp\/v2\/posts\/35385\/revisions"}],"predecessor-version":[{"id":35388,"href":"http:\/\/labestiadeportiva.com\/lbd\/wp-json\/wp\/v2\/posts\/35385\/revisions\/35388"}],"wp:featuredmedia":[{"embeddable":true,"href":"http:\/\/labestiadeportiva.com\/lbd\/wp-json\/wp\/v2\/media\/35386"}],"wp:attachment":[{"href":"http:\/\/labestiadeportiva.com\/lbd\/wp-json\/wp\/v2\/media?parent=35385"}],"wp:term":[{"taxonomy":"category","embeddable":true,"href":"http:\/\/labestiadeportiva.com\/lbd\/wp-json\/wp\/v2\/categories?post=35385"},{"taxonomy":"post_tag","embeddable":true,"href":"http:\/\/labestiadeportiva.com\/lbd\/wp-json\/wp\/v2\/tags?post=35385"}],"curies":[{"name":"wp","href":"https:\/\/api.w.org\/{rel}","templated":true}]}}