{"id":35475,"date":"2020-03-16T21:43:56","date_gmt":"2020-03-17T00:43:56","guid":{"rendered":"http:\/\/labestiadeportiva.com\/lbd\/?p=35475"},"modified":"2020-03-16T21:43:56","modified_gmt":"2020-03-17T00:43:56","slug":"la-verdad-que-fue-una-fecha-rara-sin-publico-y-solamente-los-mecanicos-en-la-calle-de-boxes-audio","status":"publish","type":"post","link":"http:\/\/labestiadeportiva.com\/lbd\/la-verdad-que-fue-una-fecha-rara-sin-publico-y-solamente-los-mecanicos-en-la-calle-de-boxes-audio\/","title":{"rendered":"\u00abLa verdad que fue una fecha rara, sin p\u00fablico y solamente los mec\u00e1nicos en la calle de boxes\u00bb (Audio)"},"content":{"rendered":"<p><a href=\"http:\/\/labestiadeportiva.com\/lbd\/wp-content\/uploads\/2020\/03\/IMG-20200316-WA00622.jpg\"><img loading=\"lazy\" class=\"aligncenter size-medium wp-image-35476\" src=\"http:\/\/labestiadeportiva.com\/lbd\/wp-content\/uploads\/2020\/03\/IMG-20200316-WA00622-300x194.jpg\" alt=\"IMG-20200316-WA0062~2\" width=\"300\" height=\"194\" srcset=\"http:\/\/labestiadeportiva.com\/lbd\/wp-content\/uploads\/2020\/03\/IMG-20200316-WA00622-300x194.jpg 300w, http:\/\/labestiadeportiva.com\/lbd\/wp-content\/uploads\/2020\/03\/IMG-20200316-WA00622-1024x661.jpg 1024w, http:\/\/labestiadeportiva.com\/lbd\/wp-content\/uploads\/2020\/03\/IMG-20200316-WA00622.jpg 1062w\" sizes=\"(max-width: 300px) 100vw, 300px\" \/><\/a><br \/>\nSegunda fecha de la temporada para el TN que disput\u00f3 su jornada en San Luis sin p\u00fablico en las tribunas. El ushuaiense Lucas Yerobi nuevamente sin suerte est\u00e1 vez el \u00abLa Pedrera\u00bb. Desde LBD fuimos en busca de la palabra del fueguino, sensaciones e incertidumbre por la continuidad del campeonato. Compartimos la entrevista lograda este lunes en la 94.1 FM del Sur.<!--more--><\/p>\n<p>https:\/\/youtu.be\/3w3A-rOndU4<\/p>\n<div class='epvc-post-count'><span class='epvc-eye'><\/span>  <span class=\"epvc-count\"> 1.196<\/span><span class='epvc-label'> veces le\u00edda<\/span><\/div>\n<div class=\"jwsharethis\">\nShare this: \n<br \/>\n<a href=\"mailto:?subject=%C2%ABLa%20verdad%20que%20fue%20una%20fecha%20rara%2C%20sin%20p%C3%BAblico%20y%20solamente%20los%20mec%C3%A1nicos%20en%20la%20calle%20de%20boxes%C2%BB%20%28Audio%29&amp;body=http%3A%2F%2Flabestiadeportiva.com%2Flbd%2Fla-verdad-que-fue-una-fecha-rara-sin-publico-y-solamente-los-mecanicos-en-la-calle-de-boxes-audio%2F\">\n<img src=\"http:\/\/labestiadeportiva.com\/lbd\/wp-content\/plugins\/jw-share-this\/email.png\" alt=\"Share this page via Email\" \/>\n<\/a>\n<a target=\"_blank\" href=\"http:\/\/www.stumbleupon.com\/submit?url=http%3A%2F%2Flabestiadeportiva.com%2Flbd%2Fla-verdad-que-fue-una-fecha-rara-sin-publico-y-solamente-los-mecanicos-en-la-calle-de-boxes-audio%2F&amp;title=%C2%ABLa+verdad+que+fue+una+fecha+rara%2C+sin+p%C3%BAblico+y+solamente+los+mec%C3%A1nicos+en+la+calle+de+boxes%C2%BB+%28Audio%29\">\n<img src=\"http:\/\/labestiadeportiva.com\/lbd\/wp-content\/plugins\/jw-share-this\/su.png\" alt=\"Share this page via Stumble Upon\" \/>\n<\/a>\n<a target=\"_blank\" href=\"http:\/\/digg.com\/submit?url=http%3A%2F%2Flabestiadeportiva.com%2Flbd%2Fla-verdad-que-fue-una-fecha-rara-sin-publico-y-solamente-los-mecanicos-en-la-calle-de-boxes-audio%2F&amp;title=%C2%ABLa+verdad+que+fue+una+fecha+rara%2C+sin+p%C3%BAblico+y+solamente+los+mec%C3%A1nicos+en+la+calle+de+boxes%C2%BB+%28Audio%29\">\n<img src=\"http:\/\/labestiadeportiva.com\/lbd\/wp-content\/plugins\/jw-share-this\/digg.png\" alt=\"Share this page via Digg this\" \/>\n<\/a>\n<a target=\"_blank\" href=\"http:\/\/www.facebook.com\/sharer.php?u=http%3A%2F%2Flabestiadeportiva.com%2Flbd%2Fla-verdad-que-fue-una-fecha-rara-sin-publico-y-solamente-los-mecanicos-en-la-calle-de-boxes-audio%2F&amp;t=%C2%ABLa+verdad+que+fue+una+fecha+rara%2C+sin+p%C3%BAblico+y+solamente+los+mec%C3%A1nicos+en+la+calle+de+boxes%C2%BB+%28Audio%29\">\n<img src=\"http:\/\/labestiadeportiva.com\/lbd\/wp-content\/plugins\/jw-share-this\/fb.png\" alt=\"Share this page via Facebook\" \/>\n<\/a>\n<a target=\"_blank\" href=\"http:\/\/twitter.com\/intent\/tweet?text=I+like+http%3A%2F%2Flabestiadeportiva.com%2Flbd%2Fla-verdad-que-fue-una-fecha-rara-sin-publico-y-solamente-los-mecanicos-en-la-calle-de-boxes-audio%2F&amp;title=%C2%ABLa+verdad+que+fue+una+fecha+rara%2C+sin+p%C3%BAblico+y+solamente+los+mec%C3%A1nicos+en+la+calle+de+boxes%C2%BB+%28Audio%29\">\n<img src=\"http:\/\/labestiadeportiva.com\/lbd\/wp-content\/plugins\/jw-share-this\/twitter.png\" alt=\"Share this page via Twitter\" \/>\n<\/a>\n<\/div>\n","protected":false},"excerpt":{"rendered":"<p>Segunda fecha de la temporada para el TN que disput\u00f3 su jornada en San Luis sin p\u00fablico en las tribunas. El ushuaiense Lucas Yerobi nuevamente sin suerte est\u00e1 vez el \u00abLa Pedrera\u00bb. Desde LBD fuimos en busca de la palabra del fueguino, sensaciones e incertidumbre por la continuidad del campeonato. Compartimos la entrevista lograda este &hellip; <a href=\"http:\/\/labestiadeportiva.com\/lbd\/la-verdad-que-fue-una-fecha-rara-sin-publico-y-solamente-los-mecanicos-en-la-calle-de-boxes-audio\/\" class=\"more-link\">Seguir leyendo <span class=\"screen-reader-text\">\u00abLa verdad que fue una fecha rara, sin p\u00fablico y solamente los mec\u00e1nicos en la calle de boxes\u00bb (Audio)<\/span> <span class=\"meta-nav\">&rarr;<\/span><\/a><\/p>\n","protected":false},"author":1,"featured_media":35476,"comment_status":"open","ping_status":"open","sticky":false,"template":"","format":"standard","meta":[],"categories":[2135,5,6,60,1,3492],"tags":[86,4838,4149,100],"_links":{"self":[{"href":"http:\/\/labestiadeportiva.com\/lbd\/wp-json\/wp\/v2\/posts\/35475"}],"collection":[{"href":"http:\/\/labestiadeportiva.com\/lbd\/wp-json\/wp\/v2\/posts"}],"about":[{"href":"http:\/\/labestiadeportiva.com\/lbd\/wp-json\/wp\/v2\/types\/post"}],"author":[{"embeddable":true,"href":"http:\/\/labestiadeportiva.com\/lbd\/wp-json\/wp\/v2\/users\/1"}],"replies":[{"embeddable":true,"href":"http:\/\/labestiadeportiva.com\/lbd\/wp-json\/wp\/v2\/comments?post=35475"}],"version-history":[{"count":1,"href":"http:\/\/labestiadeportiva.com\/lbd\/wp-json\/wp\/v2\/posts\/35475\/revisions"}],"predecessor-version":[{"id":35478,"href":"http:\/\/labestiadeportiva.com\/lbd\/wp-json\/wp\/v2\/posts\/35475\/revisions\/35478"}],"wp:featuredmedia":[{"embeddable":true,"href":"http:\/\/labestiadeportiva.com\/lbd\/wp-json\/wp\/v2\/media\/35476"}],"wp:attachment":[{"href":"http:\/\/labestiadeportiva.com\/lbd\/wp-json\/wp\/v2\/media?parent=35475"}],"wp:term":[{"taxonomy":"category","embeddable":true,"href":"http:\/\/labestiadeportiva.com\/lbd\/wp-json\/wp\/v2\/categories?post=35475"},{"taxonomy":"post_tag","embeddable":true,"href":"http:\/\/labestiadeportiva.com\/lbd\/wp-json\/wp\/v2\/tags?post=35475"}],"curies":[{"name":"wp","href":"https:\/\/api.w.org\/{rel}","templated":true}]}}