{"id":35662,"date":"2020-05-02T17:54:28","date_gmt":"2020-05-02T20:54:28","guid":{"rendered":"http:\/\/labestiadeportiva.com\/lbd\/?p=35662"},"modified":"2020-05-02T17:54:28","modified_gmt":"2020-05-02T20:54:28","slug":"hemos-juntado-una-buena-cantidad-y-seguimos-trabajando-audio","status":"publish","type":"post","link":"http:\/\/labestiadeportiva.com\/lbd\/hemos-juntado-una-buena-cantidad-y-seguimos-trabajando-audio\/","title":{"rendered":"\u00abHemos juntado una buena cantidad y seguimos trabajando\u00bb (Audio)"},"content":{"rendered":"<p><a href=\"http:\/\/labestiadeportiva.com\/lbd\/wp-content\/uploads\/2020\/05\/IMG-20200429-WA0033.jpg\"><img loading=\"lazy\" src=\"http:\/\/labestiadeportiva.com\/lbd\/wp-content\/uploads\/2020\/05\/IMG-20200429-WA0033-169x300.jpg\" alt=\"IMG-20200429-WA0033\" width=\"169\" height=\"300\" class=\"aligncenter size-medium wp-image-35663\" srcset=\"http:\/\/labestiadeportiva.com\/lbd\/wp-content\/uploads\/2020\/05\/IMG-20200429-WA0033-169x300.jpg 169w, http:\/\/labestiadeportiva.com\/lbd\/wp-content\/uploads\/2020\/05\/IMG-20200429-WA0033-576x1024.jpg 576w, http:\/\/labestiadeportiva.com\/lbd\/wp-content\/uploads\/2020\/05\/IMG-20200429-WA0033.jpg 720w\" sizes=\"(max-width: 169px) 100vw, 169px\" \/><\/a><br \/>\nDiego Linares se encuentra al frente de la iniciativa en nuestra provincia. Con el proyecto lanzado y en marcha nos di\u00f3 detalles sobre la recolecci\u00f3n de antiparras para distribuir entre el personal sanitario que lucha contra la pandemia en TDF, la regi\u00f3n y el pa\u00eds. Compartimos la entrevista lograda en la 100.1 Radio Provincia.<!--more--><\/p>\n<p>https:\/\/youtu.be\/SnnhlcIsCZo<\/p>\n<div class='epvc-post-count'><span class='epvc-eye'><\/span>  <span class=\"epvc-count\"> 1.229<\/span><span class='epvc-label'> veces le\u00edda<\/span><\/div>\n<div class=\"jwsharethis\">\nShare this: \n<br \/>\n<a href=\"mailto:?subject=%C2%ABHemos%20juntado%20una%20buena%20cantidad%20y%20seguimos%20trabajando%C2%BB%20%28Audio%29&amp;body=http%3A%2F%2Flabestiadeportiva.com%2Flbd%2Fhemos-juntado-una-buena-cantidad-y-seguimos-trabajando-audio%2F\">\n<img src=\"http:\/\/labestiadeportiva.com\/lbd\/wp-content\/plugins\/jw-share-this\/email.png\" alt=\"Share this page via Email\" \/>\n<\/a>\n<a target=\"_blank\" href=\"http:\/\/www.stumbleupon.com\/submit?url=http%3A%2F%2Flabestiadeportiva.com%2Flbd%2Fhemos-juntado-una-buena-cantidad-y-seguimos-trabajando-audio%2F&amp;title=%C2%ABHemos+juntado+una+buena+cantidad+y+seguimos+trabajando%C2%BB+%28Audio%29\">\n<img src=\"http:\/\/labestiadeportiva.com\/lbd\/wp-content\/plugins\/jw-share-this\/su.png\" alt=\"Share this page via Stumble Upon\" \/>\n<\/a>\n<a target=\"_blank\" href=\"http:\/\/digg.com\/submit?url=http%3A%2F%2Flabestiadeportiva.com%2Flbd%2Fhemos-juntado-una-buena-cantidad-y-seguimos-trabajando-audio%2F&amp;title=%C2%ABHemos+juntado+una+buena+cantidad+y+seguimos+trabajando%C2%BB+%28Audio%29\">\n<img src=\"http:\/\/labestiadeportiva.com\/lbd\/wp-content\/plugins\/jw-share-this\/digg.png\" alt=\"Share this page via Digg this\" \/>\n<\/a>\n<a target=\"_blank\" href=\"http:\/\/www.facebook.com\/sharer.php?u=http%3A%2F%2Flabestiadeportiva.com%2Flbd%2Fhemos-juntado-una-buena-cantidad-y-seguimos-trabajando-audio%2F&amp;t=%C2%ABHemos+juntado+una+buena+cantidad+y+seguimos+trabajando%C2%BB+%28Audio%29\">\n<img src=\"http:\/\/labestiadeportiva.com\/lbd\/wp-content\/plugins\/jw-share-this\/fb.png\" alt=\"Share this page via Facebook\" \/>\n<\/a>\n<a target=\"_blank\" href=\"http:\/\/twitter.com\/intent\/tweet?text=I+like+http%3A%2F%2Flabestiadeportiva.com%2Flbd%2Fhemos-juntado-una-buena-cantidad-y-seguimos-trabajando-audio%2F&amp;title=%C2%ABHemos+juntado+una+buena+cantidad+y+seguimos+trabajando%C2%BB+%28Audio%29\">\n<img src=\"http:\/\/labestiadeportiva.com\/lbd\/wp-content\/plugins\/jw-share-this\/twitter.png\" alt=\"Share this page via Twitter\" \/>\n<\/a>\n<\/div>\n","protected":false},"excerpt":{"rendered":"<p>Diego Linares se encuentra al frente de la iniciativa en nuestra provincia. Con el proyecto lanzado y en marcha nos di\u00f3 detalles sobre la recolecci\u00f3n de antiparras para distribuir entre el personal sanitario que lucha contra la pandemia en TDF, la regi\u00f3n y el pa\u00eds. Compartimos la entrevista lograda en la 100.1 Radio Provincia. 1.229 &hellip; <a href=\"http:\/\/labestiadeportiva.com\/lbd\/hemos-juntado-una-buena-cantidad-y-seguimos-trabajando-audio\/\" class=\"more-link\">Seguir leyendo <span class=\"screen-reader-text\">\u00abHemos juntado una buena cantidad y seguimos trabajando\u00bb (Audio)<\/span> <span class=\"meta-nav\">&rarr;<\/span><\/a><\/p>\n","protected":false},"author":1,"featured_media":35663,"comment_status":"open","ping_status":"open","sticky":false,"template":"","format":"standard","meta":[],"categories":[5,4,6,41,60,2159,1,3345],"tags":[4186,4838,3512],"_links":{"self":[{"href":"http:\/\/labestiadeportiva.com\/lbd\/wp-json\/wp\/v2\/posts\/35662"}],"collection":[{"href":"http:\/\/labestiadeportiva.com\/lbd\/wp-json\/wp\/v2\/posts"}],"about":[{"href":"http:\/\/labestiadeportiva.com\/lbd\/wp-json\/wp\/v2\/types\/post"}],"author":[{"embeddable":true,"href":"http:\/\/labestiadeportiva.com\/lbd\/wp-json\/wp\/v2\/users\/1"}],"replies":[{"embeddable":true,"href":"http:\/\/labestiadeportiva.com\/lbd\/wp-json\/wp\/v2\/comments?post=35662"}],"version-history":[{"count":1,"href":"http:\/\/labestiadeportiva.com\/lbd\/wp-json\/wp\/v2\/posts\/35662\/revisions"}],"predecessor-version":[{"id":35665,"href":"http:\/\/labestiadeportiva.com\/lbd\/wp-json\/wp\/v2\/posts\/35662\/revisions\/35665"}],"wp:featuredmedia":[{"embeddable":true,"href":"http:\/\/labestiadeportiva.com\/lbd\/wp-json\/wp\/v2\/media\/35663"}],"wp:attachment":[{"href":"http:\/\/labestiadeportiva.com\/lbd\/wp-json\/wp\/v2\/media?parent=35662"}],"wp:term":[{"taxonomy":"category","embeddable":true,"href":"http:\/\/labestiadeportiva.com\/lbd\/wp-json\/wp\/v2\/categories?post=35662"},{"taxonomy":"post_tag","embeddable":true,"href":"http:\/\/labestiadeportiva.com\/lbd\/wp-json\/wp\/v2\/tags?post=35662"}],"curies":[{"name":"wp","href":"https:\/\/api.w.org\/{rel}","templated":true}]}}