{"id":35693,"date":"2020-05-12T00:19:06","date_gmt":"2020-05-12T03:19:06","guid":{"rendered":"http:\/\/labestiadeportiva.com\/lbd\/?p=35693"},"modified":"2020-05-12T00:19:06","modified_gmt":"2020-05-12T03:19:06","slug":"la-gente-de-los-lagos-se-comunico-con-nosotros-bajo-estas-condiciones-lo-ideal-era-suspender-la-edicion-audio","status":"publish","type":"post","link":"http:\/\/labestiadeportiva.com\/lbd\/la-gente-de-los-lagos-se-comunico-con-nosotros-bajo-estas-condiciones-lo-ideal-era-suspender-la-edicion-audio\/","title":{"rendered":"\u00abLa gente de Los Lagos se comunic\u00f3 con nosotros, bajo estas condiciones lo ideal era suspender la edici\u00f3n\u00bb (Audio)"},"content":{"rendered":"<p><a href=\"http:\/\/labestiadeportiva.com\/lbd\/wp-content\/uploads\/2020\/05\/img-20200202-wa00372.jpg\"><img loading=\"lazy\" src=\"http:\/\/labestiadeportiva.com\/lbd\/wp-content\/uploads\/2020\/05\/img-20200202-wa00372-174x300.jpg\" alt=\"img-20200202-wa0037~2\" width=\"174\" height=\"300\" class=\"aligncenter size-medium wp-image-35694\" srcset=\"http:\/\/labestiadeportiva.com\/lbd\/wp-content\/uploads\/2020\/05\/img-20200202-wa00372-174x300.jpg 174w, http:\/\/labestiadeportiva.com\/lbd\/wp-content\/uploads\/2020\/05\/img-20200202-wa00372.jpg 362w\" sizes=\"(max-width: 174px) 100vw, 174px\" \/><\/a><br \/>\nNi bien se conoci\u00f3 la determinaci\u00f3n de suspender para el a\u00f1o que viene la Araucan\u00eda (Los Lagos) y ParaAraucan\u00eda (Neuqu\u00e9n) fuimos en busca de la palabra de Carlos Turd\u00f3, Secretario de Deportes y Juventud, para conocer detalles. Asimismo el funcionario expres\u00f3 que todav\u00eda siguen en pie los Nacionales del Evita aunque no descarta que la cita marplatense tambi\u00e9n qued\u00e9 trunca. Compartimos la entrevista lograda este lunes en la 100.1 Radio Provincia.<!--more--><\/p>\n<p>https:\/\/youtu.be\/Fu216BTz-qU<\/p>\n<div class='epvc-post-count'><span class='epvc-eye'><\/span>  <span class=\"epvc-count\"> 1.299<\/span><span class='epvc-label'> veces le\u00edda<\/span><\/div>\n<div class=\"jwsharethis\">\nShare this: \n<br \/>\n<a href=\"mailto:?subject=%C2%ABLa%20gente%20de%20Los%20Lagos%20se%20comunic%C3%B3%20con%20nosotros%2C%20bajo%20estas%20condiciones%20lo%20ideal%20era%20suspender%20la%20edici%C3%B3n%C2%BB%20%28Audio%29&amp;body=http%3A%2F%2Flabestiadeportiva.com%2Flbd%2Fla-gente-de-los-lagos-se-comunico-con-nosotros-bajo-estas-condiciones-lo-ideal-era-suspender-la-edicion-audio%2F\">\n<img src=\"http:\/\/labestiadeportiva.com\/lbd\/wp-content\/plugins\/jw-share-this\/email.png\" alt=\"Share this page via Email\" \/>\n<\/a>\n<a target=\"_blank\" href=\"http:\/\/www.stumbleupon.com\/submit?url=http%3A%2F%2Flabestiadeportiva.com%2Flbd%2Fla-gente-de-los-lagos-se-comunico-con-nosotros-bajo-estas-condiciones-lo-ideal-era-suspender-la-edicion-audio%2F&amp;title=%C2%ABLa+gente+de+Los+Lagos+se+comunic%C3%B3+con+nosotros%2C+bajo+estas+condiciones+lo+ideal+era+suspender+la+edici%C3%B3n%C2%BB+%28Audio%29\">\n<img src=\"http:\/\/labestiadeportiva.com\/lbd\/wp-content\/plugins\/jw-share-this\/su.png\" alt=\"Share this page via Stumble Upon\" \/>\n<\/a>\n<a target=\"_blank\" href=\"http:\/\/digg.com\/submit?url=http%3A%2F%2Flabestiadeportiva.com%2Flbd%2Fla-gente-de-los-lagos-se-comunico-con-nosotros-bajo-estas-condiciones-lo-ideal-era-suspender-la-edicion-audio%2F&amp;title=%C2%ABLa+gente+de+Los+Lagos+se+comunic%C3%B3+con+nosotros%2C+bajo+estas+condiciones+lo+ideal+era+suspender+la+edici%C3%B3n%C2%BB+%28Audio%29\">\n<img src=\"http:\/\/labestiadeportiva.com\/lbd\/wp-content\/plugins\/jw-share-this\/digg.png\" alt=\"Share this page via Digg this\" \/>\n<\/a>\n<a target=\"_blank\" href=\"http:\/\/www.facebook.com\/sharer.php?u=http%3A%2F%2Flabestiadeportiva.com%2Flbd%2Fla-gente-de-los-lagos-se-comunico-con-nosotros-bajo-estas-condiciones-lo-ideal-era-suspender-la-edicion-audio%2F&amp;t=%C2%ABLa+gente+de+Los+Lagos+se+comunic%C3%B3+con+nosotros%2C+bajo+estas+condiciones+lo+ideal+era+suspender+la+edici%C3%B3n%C2%BB+%28Audio%29\">\n<img src=\"http:\/\/labestiadeportiva.com\/lbd\/wp-content\/plugins\/jw-share-this\/fb.png\" alt=\"Share this page via Facebook\" \/>\n<\/a>\n<a target=\"_blank\" href=\"http:\/\/twitter.com\/intent\/tweet?text=I+like+http%3A%2F%2Flabestiadeportiva.com%2Flbd%2Fla-gente-de-los-lagos-se-comunico-con-nosotros-bajo-estas-condiciones-lo-ideal-era-suspender-la-edicion-audio%2F&amp;title=%C2%ABLa+gente+de+Los+Lagos+se+comunic%C3%B3+con+nosotros%2C+bajo+estas+condiciones+lo+ideal+era+suspender+la+edici%C3%B3n%C2%BB+%28Audio%29\">\n<img src=\"http:\/\/labestiadeportiva.com\/lbd\/wp-content\/plugins\/jw-share-this\/twitter.png\" alt=\"Share this page via Twitter\" \/>\n<\/a>\n<\/div>\n","protected":false},"excerpt":{"rendered":"<p>Ni bien se conoci\u00f3 la determinaci\u00f3n de suspender para el a\u00f1o que viene la Araucan\u00eda (Los Lagos) y ParaAraucan\u00eda (Neuqu\u00e9n) fuimos en busca de la palabra de Carlos Turd\u00f3, Secretario de Deportes y Juventud, para conocer detalles. Asimismo el funcionario expres\u00f3 que todav\u00eda siguen en pie los Nacionales del Evita aunque no descarta que la &hellip; <a href=\"http:\/\/labestiadeportiva.com\/lbd\/la-gente-de-los-lagos-se-comunico-con-nosotros-bajo-estas-condiciones-lo-ideal-era-suspender-la-edicion-audio\/\" class=\"more-link\">Seguir leyendo <span class=\"screen-reader-text\">\u00abLa gente de Los Lagos se comunic\u00f3 con nosotros, bajo estas condiciones lo ideal era suspender la edici\u00f3n\u00bb (Audio)<\/span> <span class=\"meta-nav\">&rarr;<\/span><\/a><\/p>\n","protected":false},"author":1,"featured_media":35694,"comment_status":"open","ping_status":"open","sticky":false,"template":"","format":"standard","meta":[],"categories":[5,4,6,60,2277,1,3555],"tags":[4838,16,1527,4112],"_links":{"self":[{"href":"http:\/\/labestiadeportiva.com\/lbd\/wp-json\/wp\/v2\/posts\/35693"}],"collection":[{"href":"http:\/\/labestiadeportiva.com\/lbd\/wp-json\/wp\/v2\/posts"}],"about":[{"href":"http:\/\/labestiadeportiva.com\/lbd\/wp-json\/wp\/v2\/types\/post"}],"author":[{"embeddable":true,"href":"http:\/\/labestiadeportiva.com\/lbd\/wp-json\/wp\/v2\/users\/1"}],"replies":[{"embeddable":true,"href":"http:\/\/labestiadeportiva.com\/lbd\/wp-json\/wp\/v2\/comments?post=35693"}],"version-history":[{"count":1,"href":"http:\/\/labestiadeportiva.com\/lbd\/wp-json\/wp\/v2\/posts\/35693\/revisions"}],"predecessor-version":[{"id":35696,"href":"http:\/\/labestiadeportiva.com\/lbd\/wp-json\/wp\/v2\/posts\/35693\/revisions\/35696"}],"wp:featuredmedia":[{"embeddable":true,"href":"http:\/\/labestiadeportiva.com\/lbd\/wp-json\/wp\/v2\/media\/35694"}],"wp:attachment":[{"href":"http:\/\/labestiadeportiva.com\/lbd\/wp-json\/wp\/v2\/media?parent=35693"}],"wp:term":[{"taxonomy":"category","embeddable":true,"href":"http:\/\/labestiadeportiva.com\/lbd\/wp-json\/wp\/v2\/categories?post=35693"},{"taxonomy":"post_tag","embeddable":true,"href":"http:\/\/labestiadeportiva.com\/lbd\/wp-json\/wp\/v2\/tags?post=35693"}],"curies":[{"name":"wp","href":"https:\/\/api.w.org\/{rel}","templated":true}]}}