{"id":35853,"date":"2020-06-03T14:23:18","date_gmt":"2020-06-03T17:23:18","guid":{"rendered":"http:\/\/labestiadeportiva.com\/lbd\/?p=35853"},"modified":"2020-06-03T14:31:02","modified_gmt":"2020-06-03T17:31:02","slug":"la-novela-del-otono","status":"publish","type":"post","link":"http:\/\/labestiadeportiva.com\/lbd\/la-novela-del-otono\/","title":{"rendered":"La novela del oto\u00f1o"},"content":{"rendered":"<p>Por Javier Nicol\u00e1s Baroli (Corresponsal LBD en R\u00edo Gallegos)<\/p>\n<p><a href=\"http:\/\/labestiadeportiva.com\/lbd\/wp-content\/uploads\/2020\/06\/images2.jpeg\"><img loading=\"lazy\" class=\"aligncenter size-medium wp-image-35855\" src=\"http:\/\/labestiadeportiva.com\/lbd\/wp-content\/uploads\/2020\/06\/images2-300x168.jpeg\" alt=\"images~2\" width=\"300\" height=\"168\" \/><\/a>Rev\u00e9s en la relaci\u00f3n entre Maradona y el \u00abLobo\u00bb. D\u00edas atr\u00e1s anunciamos en La Bestia Deportiva que se ven\u00eda una novela de varios cap\u00edtulos. Hoy hay reconciliaci\u00f3n y el diez seguir\u00e1 en el banco de Gimnasia.<!--more--><\/p>\n<p>Giro trascendental en la novela Maradona y Pellegrino, presidente del Lobo. Es que cuando todo parec\u00eda derrumbarse en la relaci\u00f3n que un\u00eda a la Instituci\u00f3n con el m\u00e1ximo \u00eddolo mundial, di\u00f3 un giro inesperado y seguir\u00e1 al frente del primer equipo Platense.<\/p>\n<p>El v\u00ednculo se cerr\u00f3 hasta diciembre del 2021 por lo que el mundo tripero tiene motivos para sonre\u00edr. El anuncio se dio en el d\u00eda del aniversario 133 del club por lo que cobra a\u00fan m\u00e1s espectacularidad.<\/p>\n<p>Maradona y cuerpo t\u00e9cnico continuar\u00e1n adelante del primer equipo y es la noticia m\u00e1s importante en estos tiempos de pandemia en el mundo del f\u00fatbol.<\/p>\n<p><a href=\"http:\/\/labestiadeportiva.com\/lbd\/wp-content\/uploads\/2020\/06\/IAZ6PIHKSVDFJOBNJXKZMDOYJI2.jpg\"><img loading=\"lazy\" class=\"aligncenter size-medium wp-image-35857\" src=\"http:\/\/labestiadeportiva.com\/lbd\/wp-content\/uploads\/2020\/06\/IAZ6PIHKSVDFJOBNJXKZMDOYJI2-300x200.jpg\" alt=\"IAZ6PIHKSVDFJOBNJXKZMDOYJI~2\" width=\"300\" height=\"200\" srcset=\"http:\/\/labestiadeportiva.com\/lbd\/wp-content\/uploads\/2020\/06\/IAZ6PIHKSVDFJOBNJXKZMDOYJI2-300x200.jpg 300w, http:\/\/labestiadeportiva.com\/lbd\/wp-content\/uploads\/2020\/06\/IAZ6PIHKSVDFJOBNJXKZMDOYJI2.jpg 750w\" sizes=\"(max-width: 300px) 100vw, 300px\" \/><\/a><\/p>\n<div class='epvc-post-count'><span class='epvc-eye'><\/span>  <span class=\"epvc-count\"> 1.000<\/span><span class='epvc-label'> veces le\u00edda<\/span><\/div>\n<div class=\"jwsharethis\">\nShare this: \n<br \/>\n<a href=\"mailto:?subject=La%20novela%20del%20oto%C3%B1o&amp;body=http%3A%2F%2Flabestiadeportiva.com%2Flbd%2Fla-novela-del-otono%2F\">\n<img src=\"http:\/\/labestiadeportiva.com\/lbd\/wp-content\/plugins\/jw-share-this\/email.png\" alt=\"Share this page via Email\" \/>\n<\/a>\n<a target=\"_blank\" href=\"http:\/\/www.stumbleupon.com\/submit?url=http%3A%2F%2Flabestiadeportiva.com%2Flbd%2Fla-novela-del-otono%2F&amp;title=La+novela+del+oto%C3%B1o\">\n<img src=\"http:\/\/labestiadeportiva.com\/lbd\/wp-content\/plugins\/jw-share-this\/su.png\" alt=\"Share this page via Stumble Upon\" \/>\n<\/a>\n<a target=\"_blank\" href=\"http:\/\/digg.com\/submit?url=http%3A%2F%2Flabestiadeportiva.com%2Flbd%2Fla-novela-del-otono%2F&amp;title=La+novela+del+oto%C3%B1o\">\n<img src=\"http:\/\/labestiadeportiva.com\/lbd\/wp-content\/plugins\/jw-share-this\/digg.png\" alt=\"Share this page via Digg this\" \/>\n<\/a>\n<a target=\"_blank\" href=\"http:\/\/www.facebook.com\/sharer.php?u=http%3A%2F%2Flabestiadeportiva.com%2Flbd%2Fla-novela-del-otono%2F&amp;t=La+novela+del+oto%C3%B1o\">\n<img src=\"http:\/\/labestiadeportiva.com\/lbd\/wp-content\/plugins\/jw-share-this\/fb.png\" alt=\"Share this page via Facebook\" \/>\n<\/a>\n<a target=\"_blank\" href=\"http:\/\/twitter.com\/intent\/tweet?text=I+like+http%3A%2F%2Flabestiadeportiva.com%2Flbd%2Fla-novela-del-otono%2F&amp;title=La+novela+del+oto%C3%B1o\">\n<img src=\"http:\/\/labestiadeportiva.com\/lbd\/wp-content\/plugins\/jw-share-this\/twitter.png\" alt=\"Share this page via Twitter\" \/>\n<\/a>\n<\/div>\n","protected":false},"excerpt":{"rendered":"<p>Por Javier Nicol\u00e1s Baroli (Corresponsal LBD en R\u00edo Gallegos) Rev\u00e9s en la relaci\u00f3n entre Maradona y el \u00abLobo\u00bb. D\u00edas atr\u00e1s anunciamos en La Bestia Deportiva que se ven\u00eda una novela de varios cap\u00edtulos. Hoy hay reconciliaci\u00f3n y el diez seguir\u00e1 en el banco de Gimnasia. 1.000 veces le\u00edda Share this:<\/p>\n","protected":false},"author":1,"featured_media":35855,"comment_status":"open","ping_status":"open","sticky":false,"template":"","format":"standard","meta":[],"categories":[6,1987,1],"tags":[17,3660,798],"_links":{"self":[{"href":"http:\/\/labestiadeportiva.com\/lbd\/wp-json\/wp\/v2\/posts\/35853"}],"collection":[{"href":"http:\/\/labestiadeportiva.com\/lbd\/wp-json\/wp\/v2\/posts"}],"about":[{"href":"http:\/\/labestiadeportiva.com\/lbd\/wp-json\/wp\/v2\/types\/post"}],"author":[{"embeddable":true,"href":"http:\/\/labestiadeportiva.com\/lbd\/wp-json\/wp\/v2\/users\/1"}],"replies":[{"embeddable":true,"href":"http:\/\/labestiadeportiva.com\/lbd\/wp-json\/wp\/v2\/comments?post=35853"}],"version-history":[{"count":4,"href":"http:\/\/labestiadeportiva.com\/lbd\/wp-json\/wp\/v2\/posts\/35853\/revisions"}],"predecessor-version":[{"id":35860,"href":"http:\/\/labestiadeportiva.com\/lbd\/wp-json\/wp\/v2\/posts\/35853\/revisions\/35860"}],"wp:featuredmedia":[{"embeddable":true,"href":"http:\/\/labestiadeportiva.com\/lbd\/wp-json\/wp\/v2\/media\/35855"}],"wp:attachment":[{"href":"http:\/\/labestiadeportiva.com\/lbd\/wp-json\/wp\/v2\/media?parent=35853"}],"wp:term":[{"taxonomy":"category","embeddable":true,"href":"http:\/\/labestiadeportiva.com\/lbd\/wp-json\/wp\/v2\/categories?post=35853"},{"taxonomy":"post_tag","embeddable":true,"href":"http:\/\/labestiadeportiva.com\/lbd\/wp-json\/wp\/v2\/tags?post=35853"}],"curies":[{"name":"wp","href":"https:\/\/api.w.org\/{rel}","templated":true}]}}