{"id":35935,"date":"2020-06-19T18:09:59","date_gmt":"2020-06-19T21:09:59","guid":{"rendered":"http:\/\/labestiadeportiva.com\/lbd\/?p=35935"},"modified":"2020-06-19T18:09:59","modified_gmt":"2020-06-19T21:09:59","slug":"tenemos-gente-de-mucha-experiencia-podemos-hacer-nuestra-propia-escuela-audio","status":"publish","type":"post","link":"http:\/\/labestiadeportiva.com\/lbd\/tenemos-gente-de-mucha-experiencia-podemos-hacer-nuestra-propia-escuela-audio\/","title":{"rendered":"\u00abTenemos gente de mucha experiencia, podemos hacer nuestra propia escuela\u00bb (Audio)"},"content":{"rendered":"<p><a href=\"http:\/\/labestiadeportiva.com\/lbd\/wp-content\/uploads\/2020\/06\/IMG-20200612-WA0022.jpg\"><img loading=\"lazy\" src=\"http:\/\/labestiadeportiva.com\/lbd\/wp-content\/uploads\/2020\/06\/IMG-20200612-WA0022-300x300.jpg\" alt=\"IMG-20200612-WA0022\" width=\"300\" height=\"300\" class=\"aligncenter size-medium wp-image-35936\" srcset=\"http:\/\/labestiadeportiva.com\/lbd\/wp-content\/uploads\/2020\/06\/IMG-20200612-WA0022-300x300.jpg 300w, http:\/\/labestiadeportiva.com\/lbd\/wp-content\/uploads\/2020\/06\/IMG-20200612-WA0022-150x150.jpg 150w, http:\/\/labestiadeportiva.com\/lbd\/wp-content\/uploads\/2020\/06\/IMG-20200612-WA0022-160x160.jpg 160w, http:\/\/labestiadeportiva.com\/lbd\/wp-content\/uploads\/2020\/06\/IMG-20200612-WA0022-320x320.jpg 320w, http:\/\/labestiadeportiva.com\/lbd\/wp-content\/uploads\/2020\/06\/IMG-20200612-WA0022-60x60.jpg 60w, http:\/\/labestiadeportiva.com\/lbd\/wp-content\/uploads\/2020\/06\/IMG-20200612-WA0022.jpg 500w\" sizes=\"(max-width: 300px) 100vw, 300px\" \/><\/a><br \/>\nSe cristalizaron las inquietudes de los t\u00e9cnicos saloneros, la creaci\u00f3n de la Asociaci\u00f3n Fueguina. Los detalles a cargo del DT camionero Luciano \u00abLucho\u00bb Montiel. Compartimos la entrevista lograda en la 94.1 FM del Sur.<!--more--><\/p>\n<p>https:\/\/youtu.be\/kAUT5U4Hljs<\/p>\n<div class='epvc-post-count'><span class='epvc-eye'><\/span>  <span class=\"epvc-count\"> 1.033<\/span><span class='epvc-label'> veces le\u00edda<\/span><\/div>\n<div class=\"jwsharethis\">\nShare this: \n<br \/>\n<a href=\"mailto:?subject=%C2%ABTenemos%20gente%20de%20mucha%20experiencia%2C%20podemos%20hacer%20nuestra%20propia%20escuela%C2%BB%20%28Audio%29&amp;body=http%3A%2F%2Flabestiadeportiva.com%2Flbd%2Ftenemos-gente-de-mucha-experiencia-podemos-hacer-nuestra-propia-escuela-audio%2F\">\n<img src=\"http:\/\/labestiadeportiva.com\/lbd\/wp-content\/plugins\/jw-share-this\/email.png\" alt=\"Share this page via Email\" \/>\n<\/a>\n<a target=\"_blank\" href=\"http:\/\/www.stumbleupon.com\/submit?url=http%3A%2F%2Flabestiadeportiva.com%2Flbd%2Ftenemos-gente-de-mucha-experiencia-podemos-hacer-nuestra-propia-escuela-audio%2F&amp;title=%C2%ABTenemos+gente+de+mucha+experiencia%2C+podemos+hacer+nuestra+propia+escuela%C2%BB+%28Audio%29\">\n<img src=\"http:\/\/labestiadeportiva.com\/lbd\/wp-content\/plugins\/jw-share-this\/su.png\" alt=\"Share this page via Stumble Upon\" \/>\n<\/a>\n<a target=\"_blank\" href=\"http:\/\/digg.com\/submit?url=http%3A%2F%2Flabestiadeportiva.com%2Flbd%2Ftenemos-gente-de-mucha-experiencia-podemos-hacer-nuestra-propia-escuela-audio%2F&amp;title=%C2%ABTenemos+gente+de+mucha+experiencia%2C+podemos+hacer+nuestra+propia+escuela%C2%BB+%28Audio%29\">\n<img src=\"http:\/\/labestiadeportiva.com\/lbd\/wp-content\/plugins\/jw-share-this\/digg.png\" alt=\"Share this page via Digg this\" \/>\n<\/a>\n<a target=\"_blank\" href=\"http:\/\/www.facebook.com\/sharer.php?u=http%3A%2F%2Flabestiadeportiva.com%2Flbd%2Ftenemos-gente-de-mucha-experiencia-podemos-hacer-nuestra-propia-escuela-audio%2F&amp;t=%C2%ABTenemos+gente+de+mucha+experiencia%2C+podemos+hacer+nuestra+propia+escuela%C2%BB+%28Audio%29\">\n<img src=\"http:\/\/labestiadeportiva.com\/lbd\/wp-content\/plugins\/jw-share-this\/fb.png\" alt=\"Share this page via Facebook\" \/>\n<\/a>\n<a target=\"_blank\" href=\"http:\/\/twitter.com\/intent\/tweet?text=I+like+http%3A%2F%2Flabestiadeportiva.com%2Flbd%2Ftenemos-gente-de-mucha-experiencia-podemos-hacer-nuestra-propia-escuela-audio%2F&amp;title=%C2%ABTenemos+gente+de+mucha+experiencia%2C+podemos+hacer+nuestra+propia+escuela%C2%BB+%28Audio%29\">\n<img src=\"http:\/\/labestiadeportiva.com\/lbd\/wp-content\/plugins\/jw-share-this\/twitter.png\" alt=\"Share this page via Twitter\" \/>\n<\/a>\n<\/div>\n","protected":false},"excerpt":{"rendered":"<p>Se cristalizaron las inquietudes de los t\u00e9cnicos saloneros, la creaci\u00f3n de la Asociaci\u00f3n Fueguina. Los detalles a cargo del DT camionero Luciano \u00abLucho\u00bb Montiel. Compartimos la entrevista lograda en la 94.1 FM del Sur. 1.033 veces le\u00edda Share this:<\/p>\n","protected":false},"author":1,"featured_media":35936,"comment_status":"open","ping_status":"open","sticky":false,"template":"","format":"standard","meta":[],"categories":[5,60,2343,31],"tags":[4838,117,3938,3660],"_links":{"self":[{"href":"http:\/\/labestiadeportiva.com\/lbd\/wp-json\/wp\/v2\/posts\/35935"}],"collection":[{"href":"http:\/\/labestiadeportiva.com\/lbd\/wp-json\/wp\/v2\/posts"}],"about":[{"href":"http:\/\/labestiadeportiva.com\/lbd\/wp-json\/wp\/v2\/types\/post"}],"author":[{"embeddable":true,"href":"http:\/\/labestiadeportiva.com\/lbd\/wp-json\/wp\/v2\/users\/1"}],"replies":[{"embeddable":true,"href":"http:\/\/labestiadeportiva.com\/lbd\/wp-json\/wp\/v2\/comments?post=35935"}],"version-history":[{"count":1,"href":"http:\/\/labestiadeportiva.com\/lbd\/wp-json\/wp\/v2\/posts\/35935\/revisions"}],"predecessor-version":[{"id":35938,"href":"http:\/\/labestiadeportiva.com\/lbd\/wp-json\/wp\/v2\/posts\/35935\/revisions\/35938"}],"wp:featuredmedia":[{"embeddable":true,"href":"http:\/\/labestiadeportiva.com\/lbd\/wp-json\/wp\/v2\/media\/35936"}],"wp:attachment":[{"href":"http:\/\/labestiadeportiva.com\/lbd\/wp-json\/wp\/v2\/media?parent=35935"}],"wp:term":[{"taxonomy":"category","embeddable":true,"href":"http:\/\/labestiadeportiva.com\/lbd\/wp-json\/wp\/v2\/categories?post=35935"},{"taxonomy":"post_tag","embeddable":true,"href":"http:\/\/labestiadeportiva.com\/lbd\/wp-json\/wp\/v2\/tags?post=35935"}],"curies":[{"name":"wp","href":"https:\/\/api.w.org\/{rel}","templated":true}]}}