{"id":35939,"date":"2020-06-19T21:03:28","date_gmt":"2020-06-20T00:03:28","guid":{"rendered":"http:\/\/labestiadeportiva.com\/lbd\/?p=35939"},"modified":"2020-06-19T21:03:28","modified_gmt":"2020-06-20T00:03:28","slug":"la-idea-es-volver-a-europa-por-suerte-tengo-varias-ofertas-audio","status":"publish","type":"post","link":"http:\/\/labestiadeportiva.com\/lbd\/la-idea-es-volver-a-europa-por-suerte-tengo-varias-ofertas-audio\/","title":{"rendered":"\u00abLa idea es volver a Europa, por suerte tengo varias ofertas\u00bb (Audio)"},"content":{"rendered":"<p><a href=\"http:\/\/labestiadeportiva.com\/lbd\/wp-content\/uploads\/2020\/06\/Screenshot_20200619-2054074.png\"><img loading=\"lazy\" src=\"http:\/\/labestiadeportiva.com\/lbd\/wp-content\/uploads\/2020\/06\/Screenshot_20200619-2054074-188x300.png\" alt=\"Screenshot_20200619-205407~4\" width=\"188\" height=\"300\" class=\"aligncenter size-medium wp-image-35941\" srcset=\"http:\/\/labestiadeportiva.com\/lbd\/wp-content\/uploads\/2020\/06\/Screenshot_20200619-2054074-188x300.png 188w, http:\/\/labestiadeportiva.com\/lbd\/wp-content\/uploads\/2020\/06\/Screenshot_20200619-2054074.png 429w\" sizes=\"(max-width: 188px) 100vw, 188px\" \/><\/a><br \/>\nEl \u00abConejo\u00bb Pablo Vidal ya se encuentra en nuestra provincia. El p\u00edvot riograndense realiza su Cuarentena en el norte de la isla. En la previa al viaje dialog\u00f3 con LBD. El mundial su principal objetivo, asimismo confirm\u00f3 que su carrera continuar\u00e1 en tierra europea. Compartimos la entrevista lograda en la 94.1 FM del Sur.<!--more--><\/p>\n<p>https:\/\/youtu.be\/Dg2otYRzFRM<\/p>\n<div class='epvc-post-count'><span class='epvc-eye'><\/span>  <span class=\"epvc-count\"> 1.782<\/span><span class='epvc-label'> veces le\u00edda<\/span><\/div>\n<div class=\"jwsharethis\">\nShare this: \n<br \/>\n<a href=\"mailto:?subject=%C2%ABLa%20idea%20es%20volver%20a%20Europa%2C%20por%20suerte%20tengo%20varias%20ofertas%C2%BB%20%28Audio%29&amp;body=http%3A%2F%2Flabestiadeportiva.com%2Flbd%2Fla-idea-es-volver-a-europa-por-suerte-tengo-varias-ofertas-audio%2F\">\n<img src=\"http:\/\/labestiadeportiva.com\/lbd\/wp-content\/plugins\/jw-share-this\/email.png\" alt=\"Share this page via Email\" \/>\n<\/a>\n<a target=\"_blank\" href=\"http:\/\/www.stumbleupon.com\/submit?url=http%3A%2F%2Flabestiadeportiva.com%2Flbd%2Fla-idea-es-volver-a-europa-por-suerte-tengo-varias-ofertas-audio%2F&amp;title=%C2%ABLa+idea+es+volver+a+Europa%2C+por+suerte+tengo+varias+ofertas%C2%BB+%28Audio%29\">\n<img src=\"http:\/\/labestiadeportiva.com\/lbd\/wp-content\/plugins\/jw-share-this\/su.png\" alt=\"Share this page via Stumble Upon\" \/>\n<\/a>\n<a target=\"_blank\" href=\"http:\/\/digg.com\/submit?url=http%3A%2F%2Flabestiadeportiva.com%2Flbd%2Fla-idea-es-volver-a-europa-por-suerte-tengo-varias-ofertas-audio%2F&amp;title=%C2%ABLa+idea+es+volver+a+Europa%2C+por+suerte+tengo+varias+ofertas%C2%BB+%28Audio%29\">\n<img src=\"http:\/\/labestiadeportiva.com\/lbd\/wp-content\/plugins\/jw-share-this\/digg.png\" alt=\"Share this page via Digg this\" \/>\n<\/a>\n<a target=\"_blank\" href=\"http:\/\/www.facebook.com\/sharer.php?u=http%3A%2F%2Flabestiadeportiva.com%2Flbd%2Fla-idea-es-volver-a-europa-por-suerte-tengo-varias-ofertas-audio%2F&amp;t=%C2%ABLa+idea+es+volver+a+Europa%2C+por+suerte+tengo+varias+ofertas%C2%BB+%28Audio%29\">\n<img src=\"http:\/\/labestiadeportiva.com\/lbd\/wp-content\/plugins\/jw-share-this\/fb.png\" alt=\"Share this page via Facebook\" \/>\n<\/a>\n<a target=\"_blank\" href=\"http:\/\/twitter.com\/intent\/tweet?text=I+like+http%3A%2F%2Flabestiadeportiva.com%2Flbd%2Fla-idea-es-volver-a-europa-por-suerte-tengo-varias-ofertas-audio%2F&amp;title=%C2%ABLa+idea+es+volver+a+Europa%2C+por+suerte+tengo+varias+ofertas%C2%BB+%28Audio%29\">\n<img src=\"http:\/\/labestiadeportiva.com\/lbd\/wp-content\/plugins\/jw-share-this\/twitter.png\" alt=\"Share this page via Twitter\" \/>\n<\/a>\n<\/div>\n","protected":false},"excerpt":{"rendered":"<p>El \u00abConejo\u00bb Pablo Vidal ya se encuentra en nuestra provincia. El p\u00edvot riograndense realiza su Cuarentena en el norte de la isla. En la previa al viaje dialog\u00f3 con LBD. El mundial su principal objetivo, asimismo confirm\u00f3 que su carrera continuar\u00e1 en tierra europea. Compartimos la entrevista lograda en la 94.1 FM del Sur. 1.782 &hellip; <a href=\"http:\/\/labestiadeportiva.com\/lbd\/la-idea-es-volver-a-europa-por-suerte-tengo-varias-ofertas-audio\/\" class=\"more-link\">Seguir leyendo <span class=\"screen-reader-text\">\u00abLa idea es volver a Europa, por suerte tengo varias ofertas\u00bb (Audio)<\/span> <span class=\"meta-nav\">&rarr;<\/span><\/a><\/p>\n","protected":false},"author":1,"featured_media":35942,"comment_status":"open","ping_status":"open","sticky":false,"template":"","format":"standard","meta":[],"categories":[5,4,6,60,2343,3177,1],"tags":[4838,117,3660,3746],"_links":{"self":[{"href":"http:\/\/labestiadeportiva.com\/lbd\/wp-json\/wp\/v2\/posts\/35939"}],"collection":[{"href":"http:\/\/labestiadeportiva.com\/lbd\/wp-json\/wp\/v2\/posts"}],"about":[{"href":"http:\/\/labestiadeportiva.com\/lbd\/wp-json\/wp\/v2\/types\/post"}],"author":[{"embeddable":true,"href":"http:\/\/labestiadeportiva.com\/lbd\/wp-json\/wp\/v2\/users\/1"}],"replies":[{"embeddable":true,"href":"http:\/\/labestiadeportiva.com\/lbd\/wp-json\/wp\/v2\/comments?post=35939"}],"version-history":[{"count":1,"href":"http:\/\/labestiadeportiva.com\/lbd\/wp-json\/wp\/v2\/posts\/35939\/revisions"}],"predecessor-version":[{"id":35943,"href":"http:\/\/labestiadeportiva.com\/lbd\/wp-json\/wp\/v2\/posts\/35939\/revisions\/35943"}],"wp:featuredmedia":[{"embeddable":true,"href":"http:\/\/labestiadeportiva.com\/lbd\/wp-json\/wp\/v2\/media\/35942"}],"wp:attachment":[{"href":"http:\/\/labestiadeportiva.com\/lbd\/wp-json\/wp\/v2\/media?parent=35939"}],"wp:term":[{"taxonomy":"category","embeddable":true,"href":"http:\/\/labestiadeportiva.com\/lbd\/wp-json\/wp\/v2\/categories?post=35939"},{"taxonomy":"post_tag","embeddable":true,"href":"http:\/\/labestiadeportiva.com\/lbd\/wp-json\/wp\/v2\/tags?post=35939"}],"curies":[{"name":"wp","href":"https:\/\/api.w.org\/{rel}","templated":true}]}}