{"id":35948,"date":"2020-06-19T22:12:06","date_gmt":"2020-06-20T01:12:06","guid":{"rendered":"http:\/\/labestiadeportiva.com\/lbd\/?p=35948"},"modified":"2020-06-19T22:14:16","modified_gmt":"2020-06-20T01:14:16","slug":"sin-travesia-en-2020-audio","status":"publish","type":"post","link":"http:\/\/labestiadeportiva.com\/lbd\/sin-travesia-en-2020-audio\/","title":{"rendered":"Sin Traves\u00eda en 2020 (Audio)"},"content":{"rendered":"<p><a href=\"http:\/\/labestiadeportiva.com\/lbd\/wp-content\/uploads\/2020\/06\/Screenshot_20200618-2238282.png\"><img loading=\"lazy\" class=\"aligncenter size-medium wp-image-35949\" src=\"http:\/\/labestiadeportiva.com\/lbd\/wp-content\/uploads\/2020\/06\/Screenshot_20200618-2238282-202x300.png\" alt=\"Screenshot_20200618-223828~2\" width=\"202\" height=\"300\" srcset=\"http:\/\/labestiadeportiva.com\/lbd\/wp-content\/uploads\/2020\/06\/Screenshot_20200618-2238282-202x300.png 202w, http:\/\/labestiadeportiva.com\/lbd\/wp-content\/uploads\/2020\/06\/Screenshot_20200618-2238282.png 461w\" sizes=\"(max-width: 202px) 100vw, 202px\" \/><\/a><br \/>\nLa Traves\u00eda Krund, que deb\u00eda realizarse el pr\u00f3ximo 13 de Julio, ha sido cancelada. Los detalles a cargo del integrante de la Subcomisi\u00f3n de Monta\u00f1a del CAU, Marcelo Donozo. Compartimos la entrevista lograda en la 94.1 FM del Sur.<!--more--><\/p>\n<p>https:\/\/youtu.be\/ygCxl_JtvTQ<\/p>\n<div class='epvc-post-count'><span class='epvc-eye'><\/span>  <span class=\"epvc-count\"> 1.075<\/span><span class='epvc-label'> veces le\u00edda<\/span><\/div>\n<div class=\"jwsharethis\">\nShare this: \n<br \/>\n<a href=\"mailto:?subject=Sin%20Traves%C3%ADa%20en%202020%20%28Audio%29&amp;body=http%3A%2F%2Flabestiadeportiva.com%2Flbd%2Fsin-travesia-en-2020-audio%2F\">\n<img src=\"http:\/\/labestiadeportiva.com\/lbd\/wp-content\/plugins\/jw-share-this\/email.png\" alt=\"Share this page via Email\" \/>\n<\/a>\n<a target=\"_blank\" href=\"http:\/\/www.stumbleupon.com\/submit?url=http%3A%2F%2Flabestiadeportiva.com%2Flbd%2Fsin-travesia-en-2020-audio%2F&amp;title=Sin+Traves%C3%ADa+en+2020+%28Audio%29\">\n<img src=\"http:\/\/labestiadeportiva.com\/lbd\/wp-content\/plugins\/jw-share-this\/su.png\" alt=\"Share this page via Stumble Upon\" \/>\n<\/a>\n<a target=\"_blank\" href=\"http:\/\/digg.com\/submit?url=http%3A%2F%2Flabestiadeportiva.com%2Flbd%2Fsin-travesia-en-2020-audio%2F&amp;title=Sin+Traves%C3%ADa+en+2020+%28Audio%29\">\n<img src=\"http:\/\/labestiadeportiva.com\/lbd\/wp-content\/plugins\/jw-share-this\/digg.png\" alt=\"Share this page via Digg this\" \/>\n<\/a>\n<a target=\"_blank\" href=\"http:\/\/www.facebook.com\/sharer.php?u=http%3A%2F%2Flabestiadeportiva.com%2Flbd%2Fsin-travesia-en-2020-audio%2F&amp;t=Sin+Traves%C3%ADa+en+2020+%28Audio%29\">\n<img src=\"http:\/\/labestiadeportiva.com\/lbd\/wp-content\/plugins\/jw-share-this\/fb.png\" alt=\"Share this page via Facebook\" \/>\n<\/a>\n<a target=\"_blank\" href=\"http:\/\/twitter.com\/intent\/tweet?text=I+like+http%3A%2F%2Flabestiadeportiva.com%2Flbd%2Fsin-travesia-en-2020-audio%2F&amp;title=Sin+Traves%C3%ADa+en+2020+%28Audio%29\">\n<img src=\"http:\/\/labestiadeportiva.com\/lbd\/wp-content\/plugins\/jw-share-this\/twitter.png\" alt=\"Share this page via Twitter\" \/>\n<\/a>\n<\/div>\n","protected":false},"excerpt":{"rendered":"<p>La Traves\u00eda Krund, que deb\u00eda realizarse el pr\u00f3ximo 13 de Julio, ha sido cancelada. Los detalles a cargo del integrante de la Subcomisi\u00f3n de Monta\u00f1a del CAU, Marcelo Donozo. Compartimos la entrevista lograda en la 94.1 FM del Sur. 1.075 veces le\u00edda Share this:<\/p>\n","protected":false},"author":1,"featured_media":35949,"comment_status":"open","ping_status":"open","sticky":false,"template":"","format":"standard","meta":[],"categories":[5,60,1,4226],"tags":[2250,4227,4838,3660],"_links":{"self":[{"href":"http:\/\/labestiadeportiva.com\/lbd\/wp-json\/wp\/v2\/posts\/35948"}],"collection":[{"href":"http:\/\/labestiadeportiva.com\/lbd\/wp-json\/wp\/v2\/posts"}],"about":[{"href":"http:\/\/labestiadeportiva.com\/lbd\/wp-json\/wp\/v2\/types\/post"}],"author":[{"embeddable":true,"href":"http:\/\/labestiadeportiva.com\/lbd\/wp-json\/wp\/v2\/users\/1"}],"replies":[{"embeddable":true,"href":"http:\/\/labestiadeportiva.com\/lbd\/wp-json\/wp\/v2\/comments?post=35948"}],"version-history":[{"count":2,"href":"http:\/\/labestiadeportiva.com\/lbd\/wp-json\/wp\/v2\/posts\/35948\/revisions"}],"predecessor-version":[{"id":35952,"href":"http:\/\/labestiadeportiva.com\/lbd\/wp-json\/wp\/v2\/posts\/35948\/revisions\/35952"}],"wp:featuredmedia":[{"embeddable":true,"href":"http:\/\/labestiadeportiva.com\/lbd\/wp-json\/wp\/v2\/media\/35949"}],"wp:attachment":[{"href":"http:\/\/labestiadeportiva.com\/lbd\/wp-json\/wp\/v2\/media?parent=35948"}],"wp:term":[{"taxonomy":"category","embeddable":true,"href":"http:\/\/labestiadeportiva.com\/lbd\/wp-json\/wp\/v2\/categories?post=35948"},{"taxonomy":"post_tag","embeddable":true,"href":"http:\/\/labestiadeportiva.com\/lbd\/wp-json\/wp\/v2\/tags?post=35948"}],"curies":[{"name":"wp","href":"https:\/\/api.w.org\/{rel}","templated":true}]}}