{"id":35953,"date":"2020-06-19T23:00:11","date_gmt":"2020-06-20T02:00:11","guid":{"rendered":"http:\/\/labestiadeportiva.com\/lbd\/?p=35953"},"modified":"2020-06-19T23:02:37","modified_gmt":"2020-06-20T02:02:37","slug":"vuelve-el-tenis","status":"publish","type":"post","link":"http:\/\/labestiadeportiva.com\/lbd\/vuelve-el-tenis\/","title":{"rendered":"Vuelve el tenis"},"content":{"rendered":"<p>Por Mat\u00edas Pouso (Corresponsal LBD en CABA)<\/p>\n<p><span style=\"font-weight: 400;\"><a href=\"http:\/\/labestiadeportiva.com\/lbd\/wp-content\/uploads\/2020\/06\/atptour.png\"><img loading=\"lazy\" class=\"aligncenter size-medium wp-image-35954\" src=\"http:\/\/labestiadeportiva.com\/lbd\/wp-content\/uploads\/2020\/06\/atptour-300x146.png\" alt=\"atptour\" width=\"300\" height=\"146\" srcset=\"http:\/\/labestiadeportiva.com\/lbd\/wp-content\/uploads\/2020\/06\/atptour-300x146.png 300w, http:\/\/labestiadeportiva.com\/lbd\/wp-content\/uploads\/2020\/06\/atptour.png 726w\" sizes=\"(max-width: 300px) 100vw, 300px\" \/><\/a>Esta semana se anunci\u00f3 el regreso del circuito profesional de tenis. Tras un largo trimestre de inactividad e incertidumbre debido al impacto del coronavirus en el mundo, la ATP public\u00f3 un calendario provisional para la reanudaci\u00f3n del circuito.<!--more--><\/span><\/p>\n<p>El nombre de Thiago Seyboth Wild quedar\u00e1 siempre ligado a esta pandemia, ya que el brasile\u00f1o fue el \u00faltimo campe\u00f3n antes del parate, en el ATP 250 de Santiago de Chile, y tambi\u00e9n fue el primer jugador diagnosticado positivo de COVID-19.<\/p>\n<p>La primera cita prevista ser\u00eda a partir del viernes 14 de agosto con el ATP 500 de Washington, seguido por el Masters 1000 de Cincinnati, que se realizar\u00e1 desde el 22 de agosto en Flushing Meadows para finalizar la mini-gira con el US Open, del 31 de agosto al 13 de septiembre.<\/p>\n<p>El Abierto de Estados Unidos, \u00fanico Grand Slam que no se suspendi\u00f3 en toda la historia, anunci\u00f3 que el cuadro de singles tendr\u00e1 120 ingresos directos y ocho invitaciones. Los argentinos clasificados de manera directa ser\u00e1n Diego Schwartzman (13\u00b0 en el ranking), Guido Pella (35\u00b0), Juan Ignacio Londero (62\u00b0), Federico Delbonis (78\u00b0), Federico Coria (104\u00b0) y Leonardo Mayer (118\u00b0).<\/p>\n<p>La acci\u00f3n todav\u00eda se estar\u00e1 llevando a cabo en La Gran Manzana, cuando comience el primer torneo de la gira europea. La disputa del ATP 250 de Kitzb\u00fchel, a partir del 8 de septiembre, coincidir\u00e1 con la segunda semana del Grand Slam neoyorquino.<\/p>\n<p>El 13 de septiembre la acci\u00f3n se trasladar\u00e1 a la Caja M\u00e1gica de Madrid, una semana m\u00e1s tarde ser\u00e1 el turno de Roma, ambos eventos de categor\u00eda Masters 1000 sobre polvo de ladrillo. La gira concluir\u00e1\u00a0 en Roland Garros, desde el 27 de septiembre hasta el 11 de octubre.<\/p>\n<p>Las autoridades declararon que \u201cel calendario est\u00e1 sujeto a cambios y se realizar\u00e1n evaluaciones continuas relacionadas con la salud y la seguridad, las pol\u00edticas de viajes internacionales y la aprobaci\u00f3n gubernamental de eventos deportivos.<\/p>\n<p>Los torneos se llevar\u00e1n a cabo bajo estrictas pautas relacionadas con la salud y la seguridad, el distanciamiento social, y la reducci\u00f3n o la ausencia total de espectadores\u201d.<\/p>\n<p>Los torneos post Roland Garros se informar\u00e1n a mediados de julio, con una posible gira en Asia como previa a los torneos indoor de Europa, que culmina con la Copa de Maestros, en Londres.<\/p>\n<p>A\u00fan resta decidir qu\u00e9 pasar\u00e1 con los puntos y el ranking de los jugadores, ambos conteos se encuentran en stand by y se prev\u00e9 que en algunas semanas se conocer\u00e1 alg\u00fan veredicto por parte de la ATP.<\/p>\n<p><a href=\"http:\/\/labestiadeportiva.com\/lbd\/wp-content\/uploads\/2020\/06\/tour2020.jpg\"><img loading=\"lazy\" class=\"aligncenter size-medium wp-image-35955\" src=\"http:\/\/labestiadeportiva.com\/lbd\/wp-content\/uploads\/2020\/06\/tour2020-239x300.jpg\" alt=\"tour2020\" width=\"239\" height=\"300\" srcset=\"http:\/\/labestiadeportiva.com\/lbd\/wp-content\/uploads\/2020\/06\/tour2020-239x300.jpg 239w, http:\/\/labestiadeportiva.com\/lbd\/wp-content\/uploads\/2020\/06\/tour2020.jpg 596w\" sizes=\"(max-width: 239px) 100vw, 239px\" \/><\/a><\/p>\n<div class='epvc-post-count'><span class='epvc-eye'><\/span>  <span class=\"epvc-count\"> 1.038<\/span><span class='epvc-label'> veces le\u00edda<\/span><\/div>\n<div class=\"jwsharethis\">\nShare this: \n<br \/>\n<a href=\"mailto:?subject=Vuelve%20el%20tenis&amp;body=http%3A%2F%2Flabestiadeportiva.com%2Flbd%2Fvuelve-el-tenis%2F\">\n<img src=\"http:\/\/labestiadeportiva.com\/lbd\/wp-content\/plugins\/jw-share-this\/email.png\" alt=\"Share this page via Email\" \/>\n<\/a>\n<a target=\"_blank\" href=\"http:\/\/www.stumbleupon.com\/submit?url=http%3A%2F%2Flabestiadeportiva.com%2Flbd%2Fvuelve-el-tenis%2F&amp;title=Vuelve+el+tenis\">\n<img src=\"http:\/\/labestiadeportiva.com\/lbd\/wp-content\/plugins\/jw-share-this\/su.png\" alt=\"Share this page via Stumble Upon\" \/>\n<\/a>\n<a target=\"_blank\" href=\"http:\/\/digg.com\/submit?url=http%3A%2F%2Flabestiadeportiva.com%2Flbd%2Fvuelve-el-tenis%2F&amp;title=Vuelve+el+tenis\">\n<img src=\"http:\/\/labestiadeportiva.com\/lbd\/wp-content\/plugins\/jw-share-this\/digg.png\" alt=\"Share this page via Digg this\" \/>\n<\/a>\n<a target=\"_blank\" href=\"http:\/\/www.facebook.com\/sharer.php?u=http%3A%2F%2Flabestiadeportiva.com%2Flbd%2Fvuelve-el-tenis%2F&amp;t=Vuelve+el+tenis\">\n<img src=\"http:\/\/labestiadeportiva.com\/lbd\/wp-content\/plugins\/jw-share-this\/fb.png\" alt=\"Share this page via Facebook\" \/>\n<\/a>\n<a target=\"_blank\" href=\"http:\/\/twitter.com\/intent\/tweet?text=I+like+http%3A%2F%2Flabestiadeportiva.com%2Flbd%2Fvuelve-el-tenis%2F&amp;title=Vuelve+el+tenis\">\n<img src=\"http:\/\/labestiadeportiva.com\/lbd\/wp-content\/plugins\/jw-share-this\/twitter.png\" alt=\"Share this page via Twitter\" \/>\n<\/a>\n<\/div>\n","protected":false},"excerpt":{"rendered":"<p>Por Mat\u00edas Pouso (Corresponsal LBD en CABA) Esta semana se anunci\u00f3 el regreso del circuito profesional de tenis. Tras un largo trimestre de inactividad e incertidumbre debido al impacto del coronavirus en el mundo, la ATP public\u00f3 un calendario provisional para la reanudaci\u00f3n del circuito. 1.038 veces le\u00edda Share this:<\/p>\n","protected":false},"author":1,"featured_media":35954,"comment_status":"open","ping_status":"open","sticky":false,"template":"","format":"standard","meta":[],"categories":[4,1,39],"tags":[3660,4835],"_links":{"self":[{"href":"http:\/\/labestiadeportiva.com\/lbd\/wp-json\/wp\/v2\/posts\/35953"}],"collection":[{"href":"http:\/\/labestiadeportiva.com\/lbd\/wp-json\/wp\/v2\/posts"}],"about":[{"href":"http:\/\/labestiadeportiva.com\/lbd\/wp-json\/wp\/v2\/types\/post"}],"author":[{"embeddable":true,"href":"http:\/\/labestiadeportiva.com\/lbd\/wp-json\/wp\/v2\/users\/1"}],"replies":[{"embeddable":true,"href":"http:\/\/labestiadeportiva.com\/lbd\/wp-json\/wp\/v2\/comments?post=35953"}],"version-history":[{"count":3,"href":"http:\/\/labestiadeportiva.com\/lbd\/wp-json\/wp\/v2\/posts\/35953\/revisions"}],"predecessor-version":[{"id":35959,"href":"http:\/\/labestiadeportiva.com\/lbd\/wp-json\/wp\/v2\/posts\/35953\/revisions\/35959"}],"wp:featuredmedia":[{"embeddable":true,"href":"http:\/\/labestiadeportiva.com\/lbd\/wp-json\/wp\/v2\/media\/35954"}],"wp:attachment":[{"href":"http:\/\/labestiadeportiva.com\/lbd\/wp-json\/wp\/v2\/media?parent=35953"}],"wp:term":[{"taxonomy":"category","embeddable":true,"href":"http:\/\/labestiadeportiva.com\/lbd\/wp-json\/wp\/v2\/categories?post=35953"},{"taxonomy":"post_tag","embeddable":true,"href":"http:\/\/labestiadeportiva.com\/lbd\/wp-json\/wp\/v2\/tags?post=35953"}],"curies":[{"name":"wp","href":"https:\/\/api.w.org\/{rel}","templated":true}]}}