{"id":35993,"date":"2020-07-01T14:47:50","date_gmt":"2020-07-01T17:47:50","guid":{"rendered":"http:\/\/labestiadeportiva.com\/lbd\/?p=35993"},"modified":"2020-07-01T15:02:36","modified_gmt":"2020-07-01T18:02:36","slug":"vamos-a-abrir-con-cupos-turnos-y-protocolo-audio","status":"publish","type":"post","link":"http:\/\/labestiadeportiva.com\/lbd\/vamos-a-abrir-con-cupos-turnos-y-protocolo-audio\/","title":{"rendered":"\u00abVamos a abrir con cupos, turnos y protocolo\u00bb (Audio)"},"content":{"rendered":"<p><a href=\"http:\/\/labestiadeportiva.com\/lbd\/wp-content\/uploads\/2020\/07\/IMG-20200630-WA0020.jpg\"><img loading=\"lazy\" class=\"aligncenter size-medium wp-image-35994\" src=\"http:\/\/labestiadeportiva.com\/lbd\/wp-content\/uploads\/2020\/07\/IMG-20200630-WA0020-300x200.jpg\" alt=\"IMG-20200630-WA0020\" width=\"300\" height=\"200\" srcset=\"http:\/\/labestiadeportiva.com\/lbd\/wp-content\/uploads\/2020\/07\/IMG-20200630-WA0020-300x200.jpg 300w, http:\/\/labestiadeportiva.com\/lbd\/wp-content\/uploads\/2020\/07\/IMG-20200630-WA0020-1024x683.jpg 1024w, http:\/\/labestiadeportiva.com\/lbd\/wp-content\/uploads\/2020\/07\/IMG-20200630-WA0020.jpg 1200w\" sizes=\"(max-width: 300px) 100vw, 300px\" \/><\/a><br \/>\nDesde este viernes abrir\u00e1 sus puertas la Escuela de Esqu\u00ed Ushuaia, ubicada en la base del Glaciar Martial. El rental y las clases ser\u00e1n todos los d\u00edas de 10 a 17 horas. Fuimos en busca de la palabra de su responsable, \u00abCoco\u00bb Beltrame quien nos brind\u00f3 los detalles. Compartimos la entrevista lograda en la 100.1 Radio Provincia.<!--more--><\/p>\n<p>https:\/\/youtu.be\/3onzplYxsmc<\/p>\n<div class='epvc-post-count'><span class='epvc-eye'><\/span>  <span class=\"epvc-count\"> 1.202<\/span><span class='epvc-label'> veces le\u00edda<\/span><\/div>\n<div class=\"jwsharethis\">\nShare this: \n<br \/>\n<a href=\"mailto:?subject=%C2%ABVamos%20a%20abrir%20con%20cupos%2C%20turnos%20y%20protocolo%C2%BB%20%28Audio%29&amp;body=http%3A%2F%2Flabestiadeportiva.com%2Flbd%2Fvamos-a-abrir-con-cupos-turnos-y-protocolo-audio%2F\">\n<img src=\"http:\/\/labestiadeportiva.com\/lbd\/wp-content\/plugins\/jw-share-this\/email.png\" alt=\"Share this page via Email\" \/>\n<\/a>\n<a target=\"_blank\" href=\"http:\/\/www.stumbleupon.com\/submit?url=http%3A%2F%2Flabestiadeportiva.com%2Flbd%2Fvamos-a-abrir-con-cupos-turnos-y-protocolo-audio%2F&amp;title=%C2%ABVamos+a+abrir+con+cupos%2C+turnos+y+protocolo%C2%BB+%28Audio%29\">\n<img src=\"http:\/\/labestiadeportiva.com\/lbd\/wp-content\/plugins\/jw-share-this\/su.png\" alt=\"Share this page via Stumble Upon\" \/>\n<\/a>\n<a target=\"_blank\" href=\"http:\/\/digg.com\/submit?url=http%3A%2F%2Flabestiadeportiva.com%2Flbd%2Fvamos-a-abrir-con-cupos-turnos-y-protocolo-audio%2F&amp;title=%C2%ABVamos+a+abrir+con+cupos%2C+turnos+y+protocolo%C2%BB+%28Audio%29\">\n<img src=\"http:\/\/labestiadeportiva.com\/lbd\/wp-content\/plugins\/jw-share-this\/digg.png\" alt=\"Share this page via Digg this\" \/>\n<\/a>\n<a target=\"_blank\" href=\"http:\/\/www.facebook.com\/sharer.php?u=http%3A%2F%2Flabestiadeportiva.com%2Flbd%2Fvamos-a-abrir-con-cupos-turnos-y-protocolo-audio%2F&amp;t=%C2%ABVamos+a+abrir+con+cupos%2C+turnos+y+protocolo%C2%BB+%28Audio%29\">\n<img src=\"http:\/\/labestiadeportiva.com\/lbd\/wp-content\/plugins\/jw-share-this\/fb.png\" alt=\"Share this page via Facebook\" \/>\n<\/a>\n<a target=\"_blank\" href=\"http:\/\/twitter.com\/intent\/tweet?text=I+like+http%3A%2F%2Flabestiadeportiva.com%2Flbd%2Fvamos-a-abrir-con-cupos-turnos-y-protocolo-audio%2F&amp;title=%C2%ABVamos+a+abrir+con+cupos%2C+turnos+y+protocolo%C2%BB+%28Audio%29\">\n<img src=\"http:\/\/labestiadeportiva.com\/lbd\/wp-content\/plugins\/jw-share-this\/twitter.png\" alt=\"Share this page via Twitter\" \/>\n<\/a>\n<\/div>\n","protected":false},"excerpt":{"rendered":"<p>Desde este viernes abrir\u00e1 sus puertas la Escuela de Esqu\u00ed Ushuaia, ubicada en la base del Glaciar Martial. El rental y las clases ser\u00e1n todos los d\u00edas de 10 a 17 horas. Fuimos en busca de la palabra de su responsable, \u00abCoco\u00bb Beltrame quien nos brind\u00f3 los detalles. Compartimos la entrevista lograda en la 100.1 &hellip; <a href=\"http:\/\/labestiadeportiva.com\/lbd\/vamos-a-abrir-con-cupos-turnos-y-protocolo-audio\/\" class=\"more-link\">Seguir leyendo <span class=\"screen-reader-text\">\u00abVamos a abrir con cupos, turnos y protocolo\u00bb (Audio)<\/span> <span class=\"meta-nav\">&rarr;<\/span><\/a><\/p>\n","protected":false},"author":1,"featured_media":35994,"comment_status":"open","ping_status":"open","sticky":false,"template":"","format":"standard","meta":[],"categories":[5,41,60,3944,29,1],"tags":[4233,4838,4232,3660],"_links":{"self":[{"href":"http:\/\/labestiadeportiva.com\/lbd\/wp-json\/wp\/v2\/posts\/35993"}],"collection":[{"href":"http:\/\/labestiadeportiva.com\/lbd\/wp-json\/wp\/v2\/posts"}],"about":[{"href":"http:\/\/labestiadeportiva.com\/lbd\/wp-json\/wp\/v2\/types\/post"}],"author":[{"embeddable":true,"href":"http:\/\/labestiadeportiva.com\/lbd\/wp-json\/wp\/v2\/users\/1"}],"replies":[{"embeddable":true,"href":"http:\/\/labestiadeportiva.com\/lbd\/wp-json\/wp\/v2\/comments?post=35993"}],"version-history":[{"count":3,"href":"http:\/\/labestiadeportiva.com\/lbd\/wp-json\/wp\/v2\/posts\/35993\/revisions"}],"predecessor-version":[{"id":35998,"href":"http:\/\/labestiadeportiva.com\/lbd\/wp-json\/wp\/v2\/posts\/35993\/revisions\/35998"}],"wp:featuredmedia":[{"embeddable":true,"href":"http:\/\/labestiadeportiva.com\/lbd\/wp-json\/wp\/v2\/media\/35994"}],"wp:attachment":[{"href":"http:\/\/labestiadeportiva.com\/lbd\/wp-json\/wp\/v2\/media?parent=35993"}],"wp:term":[{"taxonomy":"category","embeddable":true,"href":"http:\/\/labestiadeportiva.com\/lbd\/wp-json\/wp\/v2\/categories?post=35993"},{"taxonomy":"post_tag","embeddable":true,"href":"http:\/\/labestiadeportiva.com\/lbd\/wp-json\/wp\/v2\/tags?post=35993"}],"curies":[{"name":"wp","href":"https:\/\/api.w.org\/{rel}","templated":true}]}}