{"id":36145,"date":"2020-07-29T11:53:20","date_gmt":"2020-07-29T14:53:20","guid":{"rendered":"http:\/\/labestiadeportiva.com\/lbd\/?p=36145"},"modified":"2020-07-29T11:53:20","modified_gmt":"2020-07-29T14:53:20","slug":"el-sabado-abre-la-montana","status":"publish","type":"post","link":"http:\/\/labestiadeportiva.com\/lbd\/el-sabado-abre-la-montana\/","title":{"rendered":"El s\u00e1bado abre la monta\u00f1a"},"content":{"rendered":"<p><a href=\"http:\/\/labestiadeportiva.com\/lbd\/wp-content\/uploads\/2020\/07\/CERRO-CASTOR-PH-@fotiar.jpg\"><img loading=\"lazy\" src=\"http:\/\/labestiadeportiva.com\/lbd\/wp-content\/uploads\/2020\/07\/CERRO-CASTOR-PH-@fotiar-300x200.jpg\" alt=\"CERRO CASTOR - PH @fotiar\" width=\"300\" height=\"200\" class=\"aligncenter size-medium wp-image-36146\" srcset=\"http:\/\/labestiadeportiva.com\/lbd\/wp-content\/uploads\/2020\/07\/CERRO-CASTOR-PH-@fotiar-300x200.jpg 300w, http:\/\/labestiadeportiva.com\/lbd\/wp-content\/uploads\/2020\/07\/CERRO-CASTOR-PH-@fotiar-1024x683.jpg 1024w\" sizes=\"(max-width: 300px) 100vw, 300px\" \/><\/a><br \/>\nCerro Castor anunci\u00f3 la apertura de su temporada invernal 2020 para el turismo interno. 5 d\u00edas de actividades y variantes en los pases entre las novedades m\u00e1s importantes. Compartimos el comunicado oficial con todos los detalles.<!--more--><\/p>\n<p>Cerro Castor se prepara para recibir a los esquiadores con un protocolo sanitario desarrollado en conjunto con el epidemi\u00f3logo Doctor Juan Alba y el Comit\u00e9 Operativo de Emergencia Provincial (COE). <\/p>\n<p>\u201cNuestra prioridad es la seguridad y el bienestar de nuestros visitantes y personal para que puedan disfrutar de todas las actividades de Cerro Castor\u201d, afirma Juan Carlos B\u00e9gu\u00e9, titular del centro de esqu\u00ed.<\/p>\n<p>Dicho protocolo prev\u00e9 el distanciamiento social de un metro y medio (1,5) en todos los sectores del centro de esqu\u00ed tanto en el interior como en el exterior de las instalaciones, junto con la utilizaci\u00f3n de tapabocas, m\u00e1scaras o buff, la higiene de manos y de superficies, uso de guantes y protecci\u00f3n ocular tanto para el personal como para los esquiadores dentro de las medidas preventivas. <\/p>\n<p>Habr\u00e1 carteler\u00eda informativa en los accesos a edificios con las recomendaciones generales como as\u00ed tambi\u00e9n torres sanitizantes en lugares estrat\u00e9gicos como boleter\u00edas, \u00e1reas de gastronom\u00eda y \u00e1reas de entrega y recepci\u00f3n de equipos. Posterior a la entrega de bastones, esqu\u00edes y cascos, estos mismos ser\u00e1n desinfectados para su nueva utilizaci\u00f3n.<\/p>\n<p>Respecto al ascenso de esquiadores y\/o peatones en las telesillas, se deber\u00e1 subir al 50% de su capacidad, excepto en el caso de grupos familiares o de amigos que podr\u00e1n subir juntos.\u00a0<\/p>\n<p>Se aplicar\u00e1n los protocolos definidos por el COE Provincial establecidos para el uso de las instalaciones sanitarias y \u00e1reas gastron\u00f3micas. Si las condiciones clim\u00e1ticas lo permiten se colocar\u00e1n mesas y sillas en el exterior de los bares habilitados.<\/p>\n<p><a href=\"http:\/\/labestiadeportiva.com\/lbd\/wp-content\/uploads\/2020\/07\/CERRO-CASTOR-PH-@fotiar.png\"><img loading=\"lazy\" src=\"http:\/\/labestiadeportiva.com\/lbd\/wp-content\/uploads\/2020\/07\/CERRO-CASTOR-PH-@fotiar-300x200.png\" alt=\"CERRO CASTOR PH @fotiar\" width=\"300\" height=\"200\" class=\"aligncenter size-medium wp-image-36147\" srcset=\"http:\/\/labestiadeportiva.com\/lbd\/wp-content\/uploads\/2020\/07\/CERRO-CASTOR-PH-@fotiar-300x200.png 300w, http:\/\/labestiadeportiva.com\/lbd\/wp-content\/uploads\/2020\/07\/CERRO-CASTOR-PH-@fotiar-1024x683.png 1024w\" sizes=\"(max-width: 300px) 100vw, 300px\" \/><\/a><\/p>\n<p>Por \u00faltimo, cabe mencionar que las actividades de la Escuela de esqu\u00ed estar\u00e1n suspendidas en consonancia con las disposiciones establecidas para otras actividades acad\u00e9micas e instructivas hasta que las condiciones epidemiol\u00f3gicas as\u00ed lo requieran.<\/p>\n<p>El complejo de esqu\u00ed estar\u00e1 operando cinco (5) d\u00edas a la semana y se habilitar\u00e1 de cumbre a base en forma parcial, teniendo habilitadas las Telesillas Del Bosque, Las Piedras, del Filo y el Telesk\u00ed Los Castores y zona de principiantes. <\/p>\n<p>Las pistas pisadas sumar\u00e1n 14 km esquiables. Se brindar\u00e1n los servicios de estacionamiento, alquiler de equipos de esqu\u00ed alpino, esqu\u00ed de fondo, snowboard y patinaje sobre hielo.<br \/>\nTambi\u00e9n estar\u00e1n habilitadas los circuitos de esqu\u00ed de fondo y la pista de patinaje. Los servicios gastron\u00f3micos habilitados ser\u00e1n: Snowbar, Alpino Sports Bar, 480 y Morada del \u00c1guila \u00c9ste \u00faltimo punto gastron\u00f3mico s\u00f3lo estar\u00e1 abierto los fines de semana y feriados.\u00a0<\/p>\n<p>Pase Flex<\/p>\n<p>Para incentivar a los esquiadores residentes, el centro de esqu\u00ed ofrecer\u00e1 un pase flexible de 10 d\u00edas con una tarifa promocional, para ser utilizado los d\u00edas que elijan y tendr\u00e1 vigencia durante toda la temporada 2020. <\/p>\n<p>Tambi\u00e9n habr\u00e1 un pase flexible de 5 d\u00edas, con las mismas condiciones, que s\u00f3lo podr\u00e1 ser utilizado durante el mes de agosto.<\/p>\n<p>Pase temporada 2020<\/p>\n<p>Para quienes adquirieron el pase temporada 2020, el centro de esqu\u00ed ofrece la posibilidad de postergar su uso para la temporada 2021 sin ninguna penalidad, siempre y cuando no haya sido utilizado ni 1 sola vez durante la temporada 2020. <\/p>\n<p>Aquellos que decidan utilizarlo esta temporada invernal, obtendr\u00e1n un 25% de descuento en la tarifa del pase temporada 2021.<br \/>\n<a href=\"http:\/\/labestiadeportiva.com\/lbd\/wp-content\/uploads\/2020\/07\/CERRO-CASTOR-1-PH-@fotiar.jpg\"><img loading=\"lazy\" src=\"http:\/\/labestiadeportiva.com\/lbd\/wp-content\/uploads\/2020\/07\/CERRO-CASTOR-1-PH-@fotiar-300x182.jpg\" alt=\"CERRO CASTOR 1 - PH @fotiar\" width=\"300\" height=\"182\" class=\"aligncenter size-medium wp-image-36148\" srcset=\"http:\/\/labestiadeportiva.com\/lbd\/wp-content\/uploads\/2020\/07\/CERRO-CASTOR-1-PH-@fotiar-300x182.jpg 300w, http:\/\/labestiadeportiva.com\/lbd\/wp-content\/uploads\/2020\/07\/CERRO-CASTOR-1-PH-@fotiar-1024x620.jpg 1024w, http:\/\/labestiadeportiva.com\/lbd\/wp-content\/uploads\/2020\/07\/CERRO-CASTOR-1-PH-@fotiar.jpg 1199w\" sizes=\"(max-width: 300px) 100vw, 300px\" \/><\/a><\/p>\n<div class='epvc-post-count'><span class='epvc-eye'><\/span>  <span class=\"epvc-count\"> 1.009<\/span><span class='epvc-label'> veces le\u00edda<\/span><\/div>\n<div class=\"jwsharethis\">\nShare this: \n<br \/>\n<a href=\"mailto:?subject=El%20s%C3%A1bado%20abre%20la%20monta%C3%B1a&amp;body=http%3A%2F%2Flabestiadeportiva.com%2Flbd%2Fel-sabado-abre-la-montana%2F\">\n<img src=\"http:\/\/labestiadeportiva.com\/lbd\/wp-content\/plugins\/jw-share-this\/email.png\" alt=\"Share this page via Email\" \/>\n<\/a>\n<a target=\"_blank\" href=\"http:\/\/www.stumbleupon.com\/submit?url=http%3A%2F%2Flabestiadeportiva.com%2Flbd%2Fel-sabado-abre-la-montana%2F&amp;title=El+s%C3%A1bado+abre+la+monta%C3%B1a\">\n<img src=\"http:\/\/labestiadeportiva.com\/lbd\/wp-content\/plugins\/jw-share-this\/su.png\" alt=\"Share this page via Stumble Upon\" \/>\n<\/a>\n<a target=\"_blank\" href=\"http:\/\/digg.com\/submit?url=http%3A%2F%2Flabestiadeportiva.com%2Flbd%2Fel-sabado-abre-la-montana%2F&amp;title=El+s%C3%A1bado+abre+la+monta%C3%B1a\">\n<img src=\"http:\/\/labestiadeportiva.com\/lbd\/wp-content\/plugins\/jw-share-this\/digg.png\" alt=\"Share this page via Digg this\" \/>\n<\/a>\n<a target=\"_blank\" href=\"http:\/\/www.facebook.com\/sharer.php?u=http%3A%2F%2Flabestiadeportiva.com%2Flbd%2Fel-sabado-abre-la-montana%2F&amp;t=El+s%C3%A1bado+abre+la+monta%C3%B1a\">\n<img src=\"http:\/\/labestiadeportiva.com\/lbd\/wp-content\/plugins\/jw-share-this\/fb.png\" alt=\"Share this page via Facebook\" \/>\n<\/a>\n<a target=\"_blank\" href=\"http:\/\/twitter.com\/intent\/tweet?text=I+like+http%3A%2F%2Flabestiadeportiva.com%2Flbd%2Fel-sabado-abre-la-montana%2F&amp;title=El+s%C3%A1bado+abre+la+monta%C3%B1a\">\n<img src=\"http:\/\/labestiadeportiva.com\/lbd\/wp-content\/plugins\/jw-share-this\/twitter.png\" alt=\"Share this page via Twitter\" \/>\n<\/a>\n<\/div>\n","protected":false},"excerpt":{"rendered":"<p>Cerro Castor anunci\u00f3 la apertura de su temporada invernal 2020 para el turismo interno. 5 d\u00edas de actividades y variantes en los pases entre las novedades m\u00e1s importantes. Compartimos el comunicado oficial con todos los detalles. 1.009 veces le\u00edda Share this:<\/p>\n","protected":false},"author":1,"featured_media":36146,"comment_status":"open","ping_status":"open","sticky":false,"template":"","format":"standard","meta":[],"categories":[5,41,29,1,2317],"tags":[905,3924,3660],"_links":{"self":[{"href":"http:\/\/labestiadeportiva.com\/lbd\/wp-json\/wp\/v2\/posts\/36145"}],"collection":[{"href":"http:\/\/labestiadeportiva.com\/lbd\/wp-json\/wp\/v2\/posts"}],"about":[{"href":"http:\/\/labestiadeportiva.com\/lbd\/wp-json\/wp\/v2\/types\/post"}],"author":[{"embeddable":true,"href":"http:\/\/labestiadeportiva.com\/lbd\/wp-json\/wp\/v2\/users\/1"}],"replies":[{"embeddable":true,"href":"http:\/\/labestiadeportiva.com\/lbd\/wp-json\/wp\/v2\/comments?post=36145"}],"version-history":[{"count":1,"href":"http:\/\/labestiadeportiva.com\/lbd\/wp-json\/wp\/v2\/posts\/36145\/revisions"}],"predecessor-version":[{"id":36149,"href":"http:\/\/labestiadeportiva.com\/lbd\/wp-json\/wp\/v2\/posts\/36145\/revisions\/36149"}],"wp:featuredmedia":[{"embeddable":true,"href":"http:\/\/labestiadeportiva.com\/lbd\/wp-json\/wp\/v2\/media\/36146"}],"wp:attachment":[{"href":"http:\/\/labestiadeportiva.com\/lbd\/wp-json\/wp\/v2\/media?parent=36145"}],"wp:term":[{"taxonomy":"category","embeddable":true,"href":"http:\/\/labestiadeportiva.com\/lbd\/wp-json\/wp\/v2\/categories?post=36145"},{"taxonomy":"post_tag","embeddable":true,"href":"http:\/\/labestiadeportiva.com\/lbd\/wp-json\/wp\/v2\/tags?post=36145"}],"curies":[{"name":"wp","href":"https:\/\/api.w.org\/{rel}","templated":true}]}}