{"id":36151,"date":"2020-07-29T16:03:06","date_gmt":"2020-07-29T19:03:06","guid":{"rendered":"http:\/\/labestiadeportiva.com\/lbd\/?p=36151"},"modified":"2020-07-30T13:37:51","modified_gmt":"2020-07-30T16:37:51","slug":"facu-pidio-irse-del-real-oveja-se-queda-en-la-seleccion-hasta-tokio","status":"publish","type":"post","link":"http:\/\/labestiadeportiva.com\/lbd\/facu-pidio-irse-del-real-oveja-se-queda-en-la-seleccion-hasta-tokio\/","title":{"rendered":"\u00abFacu\u00bb pidi\u00f3 irse del Real, \u00abOveja\u00bb se queda en la selecci\u00f3n hasta Tokio"},"content":{"rendered":"<p>Por Agust\u00edn *Colo\u00bb Aguirre (Corresponsal LBD en La Pampa)<\/p>\n<p><a href=\"http:\/\/labestiadeportiva.com\/lbd\/wp-content\/uploads\/2020\/07\/GettyImages-1186169589-768x5122.jpg\"><img loading=\"lazy\" class=\"aligncenter size-medium wp-image-36152\" src=\"http:\/\/labestiadeportiva.com\/lbd\/wp-content\/uploads\/2020\/07\/GettyImages-1186169589-768x5122-300x200.jpg\" alt=\"GettyImages-1186169589-768x512~2\" width=\"300\" height=\"200\" srcset=\"http:\/\/labestiadeportiva.com\/lbd\/wp-content\/uploads\/2020\/07\/GettyImages-1186169589-768x5122-300x200.jpg 300w, http:\/\/labestiadeportiva.com\/lbd\/wp-content\/uploads\/2020\/07\/GettyImages-1186169589-768x5122.jpg 768w\" sizes=\"(max-width: 300px) 100vw, 300px\" \/><\/a><br \/>\nPor la ma\u00f1ana distintas cuentas de twitter se hicieron eco de\u00a0 la noticia\u00a0 que dio Carlos S\u00e1nchez Blas en Onda Madrid, en ella se manifest\u00f3 que el base de la selecci\u00f3n argentina y del Real Madrid Facundo Campazzo le hab\u00eda comunicado a la dirigencia que su idea es jugar en la NBA, la temporada que viene.\u00a0Asimismo Sergio Hern\u00e1ndez seguir\u00e1 al frente del seleccionado nacional hasta la cita ol\u00edmpica de Jap\u00f3n.<!--more--><\/p>\n<p>Hay que recordar que Campazzo tiene contrato vigente con el club \u00abmerengue\u00bb hasta el 2024, como tambi\u00e9n que para irse a la m\u00e1xima liga tiene debe pagar 6 millones de euros de cl\u00e1usula de recisi\u00f3n algo que ning\u00fan equipo de la NBA puede, porque existe un tope de salida de\u00a0750 mil euros; el resto lo tiene que poner el jugador de su bolsillo.<\/p>\n<p>Hablando de que equipos est\u00e1n interesados, el que pica en punta son los Minnesota Timberwolves el equipo donde el primer asiste en Pablo Prigioni y el otro son los Dallas Mavericks, donde juega Doncic, jugador que conoce a Facundo pues han sido compa\u00f1eros.<\/p>\n<p><a href=\"http:\/\/labestiadeportiva.com\/lbd\/wp-content\/uploads\/2020\/07\/oveja-12.jpg\"><img loading=\"lazy\" class=\"aligncenter size-medium wp-image-36153\" src=\"http:\/\/labestiadeportiva.com\/lbd\/wp-content\/uploads\/2020\/07\/oveja-12-300x203.jpg\" alt=\"oveja-1~2\" width=\"300\" height=\"203\" srcset=\"http:\/\/labestiadeportiva.com\/lbd\/wp-content\/uploads\/2020\/07\/oveja-12-300x203.jpg 300w, http:\/\/labestiadeportiva.com\/lbd\/wp-content\/uploads\/2020\/07\/oveja-12.jpg 594w\" sizes=\"(max-width: 300px) 100vw, 300px\" \/><\/a><br \/>\nHern\u00e1ndez sigue hasta Tokio 2021<\/p>\n<p>Otra de las noticias del dia, fue la contuinuidad del DT de la selecci\u00f3n Argentina Sergio Santos Hern\u00e1ndez hasta los Juegos Ol\u00edmpicos del a\u00f1o que viene, algo que ya se sab\u00eda aunque pero faltaba la confirmaci\u00f3n oficial que se dio mediante la CABB.<\/p>\n<p>El presidente Fabi\u00e1n Borro expreso:<\/p>\n<p>\u201cEstamos muy contentos de poder seguir el v\u00ednculo con Sergio y de esta manera cumplir el ciclo ol\u00edmpico\u201d.<\/p>\n<p>Tambi\u00e9n manifest\u00f3 que ya empezaron a trabajar con vista a los Juegos Ol\u00edmpicos de Tokio que hasta el momento se realizar\u00e1n del 25 de Julio al 7 de Agosto del 2021 en el Saitama S\u00faper Arena.<\/p>\n<p>Finalmente otras de las novedades es que a partir de hoy Pepe S\u00e1nchez ser\u00e1 el encargado de las categor\u00edas menores de la CABB y Ricardo Boknich el coordinador del mini b\u00e1squet.<\/p>\n<div class='epvc-post-count'><span class='epvc-eye'><\/span>  <span class=\"epvc-count\"> 1.166<\/span><span class='epvc-label'> veces le\u00edda<\/span><\/div>\n<div class=\"jwsharethis\">\nShare this: \n<br \/>\n<a href=\"mailto:?subject=%C2%ABFacu%C2%BB%20pidi%C3%B3%20irse%20del%20Real%2C%20%C2%ABOveja%C2%BB%20se%20queda%20en%20la%20selecci%C3%B3n%20hasta%20Tokio&amp;body=http%3A%2F%2Flabestiadeportiva.com%2Flbd%2Ffacu-pidio-irse-del-real-oveja-se-queda-en-la-seleccion-hasta-tokio%2F\">\n<img src=\"http:\/\/labestiadeportiva.com\/lbd\/wp-content\/plugins\/jw-share-this\/email.png\" alt=\"Share this page via Email\" \/>\n<\/a>\n<a target=\"_blank\" href=\"http:\/\/www.stumbleupon.com\/submit?url=http%3A%2F%2Flabestiadeportiva.com%2Flbd%2Ffacu-pidio-irse-del-real-oveja-se-queda-en-la-seleccion-hasta-tokio%2F&amp;title=%C2%ABFacu%C2%BB+pidi%C3%B3+irse+del+Real%2C+%C2%ABOveja%C2%BB+se+queda+en+la+selecci%C3%B3n+hasta+Tokio\">\n<img src=\"http:\/\/labestiadeportiva.com\/lbd\/wp-content\/plugins\/jw-share-this\/su.png\" alt=\"Share this page via Stumble Upon\" \/>\n<\/a>\n<a target=\"_blank\" href=\"http:\/\/digg.com\/submit?url=http%3A%2F%2Flabestiadeportiva.com%2Flbd%2Ffacu-pidio-irse-del-real-oveja-se-queda-en-la-seleccion-hasta-tokio%2F&amp;title=%C2%ABFacu%C2%BB+pidi%C3%B3+irse+del+Real%2C+%C2%ABOveja%C2%BB+se+queda+en+la+selecci%C3%B3n+hasta+Tokio\">\n<img src=\"http:\/\/labestiadeportiva.com\/lbd\/wp-content\/plugins\/jw-share-this\/digg.png\" alt=\"Share this page via Digg this\" \/>\n<\/a>\n<a target=\"_blank\" href=\"http:\/\/www.facebook.com\/sharer.php?u=http%3A%2F%2Flabestiadeportiva.com%2Flbd%2Ffacu-pidio-irse-del-real-oveja-se-queda-en-la-seleccion-hasta-tokio%2F&amp;t=%C2%ABFacu%C2%BB+pidi%C3%B3+irse+del+Real%2C+%C2%ABOveja%C2%BB+se+queda+en+la+selecci%C3%B3n+hasta+Tokio\">\n<img src=\"http:\/\/labestiadeportiva.com\/lbd\/wp-content\/plugins\/jw-share-this\/fb.png\" alt=\"Share this page via Facebook\" \/>\n<\/a>\n<a target=\"_blank\" href=\"http:\/\/twitter.com\/intent\/tweet?text=I+like+http%3A%2F%2Flabestiadeportiva.com%2Flbd%2Ffacu-pidio-irse-del-real-oveja-se-queda-en-la-seleccion-hasta-tokio%2F&amp;title=%C2%ABFacu%C2%BB+pidi%C3%B3+irse+del+Real%2C+%C2%ABOveja%C2%BB+se+queda+en+la+selecci%C3%B3n+hasta+Tokio\">\n<img src=\"http:\/\/labestiadeportiva.com\/lbd\/wp-content\/plugins\/jw-share-this\/twitter.png\" alt=\"Share this page via Twitter\" \/>\n<\/a>\n<\/div>\n","protected":false},"excerpt":{"rendered":"<p>Por Agust\u00edn *Colo\u00bb Aguirre (Corresponsal LBD en La Pampa) Por la ma\u00f1ana distintas cuentas de twitter se hicieron eco de\u00a0 la noticia\u00a0 que dio Carlos S\u00e1nchez Blas en Onda Madrid, en ella se manifest\u00f3 que el base de la selecci\u00f3n argentina y del Real Madrid Facundo Campazzo le hab\u00eda comunicado a la dirigencia que su &hellip; <a href=\"http:\/\/labestiadeportiva.com\/lbd\/facu-pidio-irse-del-real-oveja-se-queda-en-la-seleccion-hasta-tokio\/\" class=\"more-link\">Seguir leyendo <span class=\"screen-reader-text\">\u00abFacu\u00bb pidi\u00f3 irse del Real, \u00abOveja\u00bb se queda en la selecci\u00f3n hasta Tokio<\/span> <span class=\"meta-nav\">&rarr;<\/span><\/a><\/p>\n","protected":false},"author":1,"featured_media":36152,"comment_status":"open","ping_status":"open","sticky":false,"template":"","format":"standard","meta":[],"categories":[2432,4,6,1],"tags":[171,4252,311,3660],"_links":{"self":[{"href":"http:\/\/labestiadeportiva.com\/lbd\/wp-json\/wp\/v2\/posts\/36151"}],"collection":[{"href":"http:\/\/labestiadeportiva.com\/lbd\/wp-json\/wp\/v2\/posts"}],"about":[{"href":"http:\/\/labestiadeportiva.com\/lbd\/wp-json\/wp\/v2\/types\/post"}],"author":[{"embeddable":true,"href":"http:\/\/labestiadeportiva.com\/lbd\/wp-json\/wp\/v2\/users\/1"}],"replies":[{"embeddable":true,"href":"http:\/\/labestiadeportiva.com\/lbd\/wp-json\/wp\/v2\/comments?post=36151"}],"version-history":[{"count":3,"href":"http:\/\/labestiadeportiva.com\/lbd\/wp-json\/wp\/v2\/posts\/36151\/revisions"}],"predecessor-version":[{"id":36166,"href":"http:\/\/labestiadeportiva.com\/lbd\/wp-json\/wp\/v2\/posts\/36151\/revisions\/36166"}],"wp:featuredmedia":[{"embeddable":true,"href":"http:\/\/labestiadeportiva.com\/lbd\/wp-json\/wp\/v2\/media\/36152"}],"wp:attachment":[{"href":"http:\/\/labestiadeportiva.com\/lbd\/wp-json\/wp\/v2\/media?parent=36151"}],"wp:term":[{"taxonomy":"category","embeddable":true,"href":"http:\/\/labestiadeportiva.com\/lbd\/wp-json\/wp\/v2\/categories?post=36151"},{"taxonomy":"post_tag","embeddable":true,"href":"http:\/\/labestiadeportiva.com\/lbd\/wp-json\/wp\/v2\/tags?post=36151"}],"curies":[{"name":"wp","href":"https:\/\/api.w.org\/{rel}","templated":true}]}}