{"id":36219,"date":"2020-08-06T19:18:20","date_gmt":"2020-08-06T22:18:20","guid":{"rendered":"http:\/\/labestiadeportiva.com\/lbd\/?p=36219"},"modified":"2020-08-06T19:18:20","modified_gmt":"2020-08-06T22:18:20","slug":"no-nos-quedo-otra-que-volver-a-postergar-la-carrera-audio","status":"publish","type":"post","link":"http:\/\/labestiadeportiva.com\/lbd\/no-nos-quedo-otra-que-volver-a-postergar-la-carrera-audio\/","title":{"rendered":"\u00abNo nos qued\u00f3 otra que volver a postergar la carrera\u00bb (Audio)"},"content":{"rendered":"<p><a href=\"http:\/\/labestiadeportiva.com\/lbd\/wp-content\/uploads\/2020\/08\/Screenshot_20200722-1310202.png\"><img loading=\"lazy\" src=\"http:\/\/labestiadeportiva.com\/lbd\/wp-content\/uploads\/2020\/08\/Screenshot_20200722-1310202-200x300.png\" alt=\"Screenshot_20200722-131020~2\" width=\"200\" height=\"300\" class=\"aligncenter size-medium wp-image-36220\" srcset=\"http:\/\/labestiadeportiva.com\/lbd\/wp-content\/uploads\/2020\/08\/Screenshot_20200722-1310202-200x300.png 200w, http:\/\/labestiadeportiva.com\/lbd\/wp-content\/uploads\/2020\/08\/Screenshot_20200722-1310202.png 472w\" sizes=\"(max-width: 200px) 100vw, 200px\" \/><\/a><br \/>\nLa actual situaci\u00f3n con el Covid 19 en la ciudad de R\u00edo Grande preocupa y complica. Segunda postergaci\u00f3n para la 3\u00b0 edici\u00f3n del Rally de las Estancias y el Petr\u00f3leo. Compartimos la charla con el presidente de APITUR Facundo Peix lograda en la 94.1 FM del del Sur.<!--more--><\/p>\n<p>https:\/\/youtu.be\/LvA9rpnMcq4<\/p>\n<div class='epvc-post-count'><span class='epvc-eye'><\/span>  <span class=\"epvc-count\"> 982<\/span><span class='epvc-label'> veces le\u00edda<\/span><\/div>\n<div class=\"jwsharethis\">\nShare this: \n<br \/>\n<a href=\"mailto:?subject=%C2%ABNo%20nos%20qued%C3%B3%20otra%20que%20volver%20a%20postergar%20la%20carrera%C2%BB%20%28Audio%29&amp;body=http%3A%2F%2Flabestiadeportiva.com%2Flbd%2Fno-nos-quedo-otra-que-volver-a-postergar-la-carrera-audio%2F\">\n<img src=\"http:\/\/labestiadeportiva.com\/lbd\/wp-content\/plugins\/jw-share-this\/email.png\" alt=\"Share this page via Email\" \/>\n<\/a>\n<a target=\"_blank\" href=\"http:\/\/www.stumbleupon.com\/submit?url=http%3A%2F%2Flabestiadeportiva.com%2Flbd%2Fno-nos-quedo-otra-que-volver-a-postergar-la-carrera-audio%2F&amp;title=%C2%ABNo+nos+qued%C3%B3+otra+que+volver+a+postergar+la+carrera%C2%BB+%28Audio%29\">\n<img src=\"http:\/\/labestiadeportiva.com\/lbd\/wp-content\/plugins\/jw-share-this\/su.png\" alt=\"Share this page via Stumble Upon\" \/>\n<\/a>\n<a target=\"_blank\" href=\"http:\/\/digg.com\/submit?url=http%3A%2F%2Flabestiadeportiva.com%2Flbd%2Fno-nos-quedo-otra-que-volver-a-postergar-la-carrera-audio%2F&amp;title=%C2%ABNo+nos+qued%C3%B3+otra+que+volver+a+postergar+la+carrera%C2%BB+%28Audio%29\">\n<img src=\"http:\/\/labestiadeportiva.com\/lbd\/wp-content\/plugins\/jw-share-this\/digg.png\" alt=\"Share this page via Digg this\" \/>\n<\/a>\n<a target=\"_blank\" href=\"http:\/\/www.facebook.com\/sharer.php?u=http%3A%2F%2Flabestiadeportiva.com%2Flbd%2Fno-nos-quedo-otra-que-volver-a-postergar-la-carrera-audio%2F&amp;t=%C2%ABNo+nos+qued%C3%B3+otra+que+volver+a+postergar+la+carrera%C2%BB+%28Audio%29\">\n<img src=\"http:\/\/labestiadeportiva.com\/lbd\/wp-content\/plugins\/jw-share-this\/fb.png\" alt=\"Share this page via Facebook\" \/>\n<\/a>\n<a target=\"_blank\" href=\"http:\/\/twitter.com\/intent\/tweet?text=I+like+http%3A%2F%2Flabestiadeportiva.com%2Flbd%2Fno-nos-quedo-otra-que-volver-a-postergar-la-carrera-audio%2F&amp;title=%C2%ABNo+nos+qued%C3%B3+otra+que+volver+a+postergar+la+carrera%C2%BB+%28Audio%29\">\n<img src=\"http:\/\/labestiadeportiva.com\/lbd\/wp-content\/plugins\/jw-share-this\/twitter.png\" alt=\"Share this page via Twitter\" \/>\n<\/a>\n<\/div>\n","protected":false},"excerpt":{"rendered":"<p>La actual situaci\u00f3n con el Covid 19 en la ciudad de R\u00edo Grande preocupa y complica. Segunda postergaci\u00f3n para la 3\u00b0 edici\u00f3n del Rally de las Estancias y el Petr\u00f3leo. Compartimos la charla con el presidente de APITUR Facundo Peix lograda en la 94.1 FM del del Sur. 982 veces le\u00edda Share this:<\/p>\n","protected":false},"author":1,"featured_media":36220,"comment_status":"open","ping_status":"open","sticky":false,"template":"","format":"standard","meta":[],"categories":[3533,5,60,1,4141],"tags":[2081,86,3660,4142,581],"_links":{"self":[{"href":"http:\/\/labestiadeportiva.com\/lbd\/wp-json\/wp\/v2\/posts\/36219"}],"collection":[{"href":"http:\/\/labestiadeportiva.com\/lbd\/wp-json\/wp\/v2\/posts"}],"about":[{"href":"http:\/\/labestiadeportiva.com\/lbd\/wp-json\/wp\/v2\/types\/post"}],"author":[{"embeddable":true,"href":"http:\/\/labestiadeportiva.com\/lbd\/wp-json\/wp\/v2\/users\/1"}],"replies":[{"embeddable":true,"href":"http:\/\/labestiadeportiva.com\/lbd\/wp-json\/wp\/v2\/comments?post=36219"}],"version-history":[{"count":1,"href":"http:\/\/labestiadeportiva.com\/lbd\/wp-json\/wp\/v2\/posts\/36219\/revisions"}],"predecessor-version":[{"id":36222,"href":"http:\/\/labestiadeportiva.com\/lbd\/wp-json\/wp\/v2\/posts\/36219\/revisions\/36222"}],"wp:featuredmedia":[{"embeddable":true,"href":"http:\/\/labestiadeportiva.com\/lbd\/wp-json\/wp\/v2\/media\/36220"}],"wp:attachment":[{"href":"http:\/\/labestiadeportiva.com\/lbd\/wp-json\/wp\/v2\/media?parent=36219"}],"wp:term":[{"taxonomy":"category","embeddable":true,"href":"http:\/\/labestiadeportiva.com\/lbd\/wp-json\/wp\/v2\/categories?post=36219"},{"taxonomy":"post_tag","embeddable":true,"href":"http:\/\/labestiadeportiva.com\/lbd\/wp-json\/wp\/v2\/tags?post=36219"}],"curies":[{"name":"wp","href":"https:\/\/api.w.org\/{rel}","templated":true}]}}