{"id":36223,"date":"2020-08-06T19:51:48","date_gmt":"2020-08-06T22:51:48","guid":{"rendered":"http:\/\/labestiadeportiva.com\/lbd\/?p=36223"},"modified":"2020-08-06T19:51:48","modified_gmt":"2020-08-06T22:51:48","slug":"nos-capacitamos-con-arbitros-nacionales-de-primera-division-audio","status":"publish","type":"post","link":"http:\/\/labestiadeportiva.com\/lbd\/nos-capacitamos-con-arbitros-nacionales-de-primera-division-audio\/","title":{"rendered":"\u00abNos capacitamos con \u00e1rbitros nacionales de primera divisi\u00f3n\u00bb (Audio)"},"content":{"rendered":"<p><a href=\"http:\/\/labestiadeportiva.com\/lbd\/wp-content\/uploads\/2020\/08\/received_2929141684821152.jpeg\"><img loading=\"lazy\" src=\"http:\/\/labestiadeportiva.com\/lbd\/wp-content\/uploads\/2020\/08\/received_2929141684821152-240x300.jpeg\" alt=\"received_292914168482115~2\" width=\"240\" height=\"300\" class=\"aligncenter size-medium wp-image-36224\" srcset=\"http:\/\/labestiadeportiva.com\/lbd\/wp-content\/uploads\/2020\/08\/received_2929141684821152-240x300.jpeg 240w, http:\/\/labestiadeportiva.com\/lbd\/wp-content\/uploads\/2020\/08\/received_2929141684821152-819x1024.jpeg 819w, http:\/\/labestiadeportiva.com\/lbd\/wp-content\/uploads\/2020\/08\/received_2929141684821152.jpeg 1280w\" sizes=\"(max-width: 240px) 100vw, 240px\" \/><\/a><br \/>\nLa \u00faltima actividad v\u00eda web a cargo del Consejo Federal se realiz\u00f3 el pasado lunes y estuvo a cargo de Sergio Pezzotta. Tambi\u00e9n como disertantes forman parte del staff Gustavo Rossi, Juan Pablo Pompei y Dario Garc\u00eda. En cuanto a nuestros representantes en el curso a Carracedo se sumaron Jonatan Luciague, Dami\u00e1n Dilernia, Mart\u00edn Lobo y Rolando Medrano. Entre los principales temas abordados podemos citar algunas modificaciones reglamentarias, los detalles en la nota con Leandro Carracedo lograda este mi\u00e9rcoles en la 94.1 FM del Sur.<!--more--><\/p>\n<p>https:\/\/youtu.be\/MObtSupmpmA<\/p>\n<div class='epvc-post-count'><span class='epvc-eye'><\/span>  <span class=\"epvc-count\"> 1.157<\/span><span class='epvc-label'> veces le\u00edda<\/span><\/div>\n<div class=\"jwsharethis\">\nShare this: \n<br \/>\n<a href=\"mailto:?subject=%C2%ABNos%20capacitamos%20con%20%C3%A1rbitros%20nacionales%20de%20primera%20divisi%C3%B3n%C2%BB%20%28Audio%29&amp;body=http%3A%2F%2Flabestiadeportiva.com%2Flbd%2Fnos-capacitamos-con-arbitros-nacionales-de-primera-division-audio%2F\">\n<img src=\"http:\/\/labestiadeportiva.com\/lbd\/wp-content\/plugins\/jw-share-this\/email.png\" alt=\"Share this page via Email\" \/>\n<\/a>\n<a target=\"_blank\" href=\"http:\/\/www.stumbleupon.com\/submit?url=http%3A%2F%2Flabestiadeportiva.com%2Flbd%2Fnos-capacitamos-con-arbitros-nacionales-de-primera-division-audio%2F&amp;title=%C2%ABNos+capacitamos+con+%C3%A1rbitros+nacionales+de+primera+divisi%C3%B3n%C2%BB+%28Audio%29\">\n<img src=\"http:\/\/labestiadeportiva.com\/lbd\/wp-content\/plugins\/jw-share-this\/su.png\" alt=\"Share this page via Stumble Upon\" \/>\n<\/a>\n<a target=\"_blank\" href=\"http:\/\/digg.com\/submit?url=http%3A%2F%2Flabestiadeportiva.com%2Flbd%2Fnos-capacitamos-con-arbitros-nacionales-de-primera-division-audio%2F&amp;title=%C2%ABNos+capacitamos+con+%C3%A1rbitros+nacionales+de+primera+divisi%C3%B3n%C2%BB+%28Audio%29\">\n<img src=\"http:\/\/labestiadeportiva.com\/lbd\/wp-content\/plugins\/jw-share-this\/digg.png\" alt=\"Share this page via Digg this\" \/>\n<\/a>\n<a target=\"_blank\" href=\"http:\/\/www.facebook.com\/sharer.php?u=http%3A%2F%2Flabestiadeportiva.com%2Flbd%2Fnos-capacitamos-con-arbitros-nacionales-de-primera-division-audio%2F&amp;t=%C2%ABNos+capacitamos+con+%C3%A1rbitros+nacionales+de+primera+divisi%C3%B3n%C2%BB+%28Audio%29\">\n<img src=\"http:\/\/labestiadeportiva.com\/lbd\/wp-content\/plugins\/jw-share-this\/fb.png\" alt=\"Share this page via Facebook\" \/>\n<\/a>\n<a target=\"_blank\" href=\"http:\/\/twitter.com\/intent\/tweet?text=I+like+http%3A%2F%2Flabestiadeportiva.com%2Flbd%2Fnos-capacitamos-con-arbitros-nacionales-de-primera-division-audio%2F&amp;title=%C2%ABNos+capacitamos+con+%C3%A1rbitros+nacionales+de+primera+divisi%C3%B3n%C2%BB+%28Audio%29\">\n<img src=\"http:\/\/labestiadeportiva.com\/lbd\/wp-content\/plugins\/jw-share-this\/twitter.png\" alt=\"Share this page via Twitter\" \/>\n<\/a>\n<\/div>\n","protected":false},"excerpt":{"rendered":"<p>La \u00faltima actividad v\u00eda web a cargo del Consejo Federal se realiz\u00f3 el pasado lunes y estuvo a cargo de Sergio Pezzotta. Tambi\u00e9n como disertantes forman parte del staff Gustavo Rossi, Juan Pablo Pompei y Dario Garc\u00eda. En cuanto a nuestros representantes en el curso a Carracedo se sumaron Jonatan Luciague, Dami\u00e1n Dilernia, Mart\u00edn Lobo &hellip; <a href=\"http:\/\/labestiadeportiva.com\/lbd\/nos-capacitamos-con-arbitros-nacionales-de-primera-division-audio\/\" class=\"more-link\">Seguir leyendo <span class=\"screen-reader-text\">\u00abNos capacitamos con \u00e1rbitros nacionales de primera divisi\u00f3n\u00bb (Audio)<\/span> <span class=\"meta-nav\">&rarr;<\/span><\/a><\/p>\n","protected":false},"author":1,"featured_media":36224,"comment_status":"open","ping_status":"open","sticky":false,"template":"","format":"standard","meta":[],"categories":[5,6,60,2439,3767,1],"tags":[2756,4258,4838,3660],"_links":{"self":[{"href":"http:\/\/labestiadeportiva.com\/lbd\/wp-json\/wp\/v2\/posts\/36223"}],"collection":[{"href":"http:\/\/labestiadeportiva.com\/lbd\/wp-json\/wp\/v2\/posts"}],"about":[{"href":"http:\/\/labestiadeportiva.com\/lbd\/wp-json\/wp\/v2\/types\/post"}],"author":[{"embeddable":true,"href":"http:\/\/labestiadeportiva.com\/lbd\/wp-json\/wp\/v2\/users\/1"}],"replies":[{"embeddable":true,"href":"http:\/\/labestiadeportiva.com\/lbd\/wp-json\/wp\/v2\/comments?post=36223"}],"version-history":[{"count":1,"href":"http:\/\/labestiadeportiva.com\/lbd\/wp-json\/wp\/v2\/posts\/36223\/revisions"}],"predecessor-version":[{"id":36226,"href":"http:\/\/labestiadeportiva.com\/lbd\/wp-json\/wp\/v2\/posts\/36223\/revisions\/36226"}],"wp:featuredmedia":[{"embeddable":true,"href":"http:\/\/labestiadeportiva.com\/lbd\/wp-json\/wp\/v2\/media\/36224"}],"wp:attachment":[{"href":"http:\/\/labestiadeportiva.com\/lbd\/wp-json\/wp\/v2\/media?parent=36223"}],"wp:term":[{"taxonomy":"category","embeddable":true,"href":"http:\/\/labestiadeportiva.com\/lbd\/wp-json\/wp\/v2\/categories?post=36223"},{"taxonomy":"post_tag","embeddable":true,"href":"http:\/\/labestiadeportiva.com\/lbd\/wp-json\/wp\/v2\/tags?post=36223"}],"curies":[{"name":"wp","href":"https:\/\/api.w.org\/{rel}","templated":true}]}}