{"id":36297,"date":"2020-08-18T22:36:24","date_gmt":"2020-08-19T01:36:24","guid":{"rendered":"http:\/\/labestiadeportiva.com\/lbd\/?p=36297"},"modified":"2020-08-18T22:42:11","modified_gmt":"2020-08-19T01:42:11","slug":"analizamos-la-situacion-pero-con-la-fase-1-un-la-ciudad-era-imposible-audio","status":"publish","type":"post","link":"http:\/\/labestiadeportiva.com\/lbd\/analizamos-la-situacion-pero-con-la-fase-1-un-la-ciudad-era-imposible-audio\/","title":{"rendered":"\u00abAnalizamos la situaci\u00f3n, con la fase 1 en la ciudad era imposible seguir participando\u00bb (Audio)"},"content":{"rendered":"<p><a href=\"http:\/\/labestiadeportiva.com\/lbd\/wp-content\/uploads\/2020\/08\/IMG-20200818-WA0068.jpg\"><img loading=\"lazy\" class=\"aligncenter size-medium wp-image-36298\" src=\"http:\/\/labestiadeportiva.com\/lbd\/wp-content\/uploads\/2020\/08\/IMG-20200818-WA0068-300x200.jpg\" alt=\"IMG-20200818-WA0068\" width=\"300\" height=\"200\" srcset=\"http:\/\/labestiadeportiva.com\/lbd\/wp-content\/uploads\/2020\/08\/IMG-20200818-WA0068-300x200.jpg 300w, http:\/\/labestiadeportiva.com\/lbd\/wp-content\/uploads\/2020\/08\/IMG-20200818-WA0068-1024x682.jpg 1024w, http:\/\/labestiadeportiva.com\/lbd\/wp-content\/uploads\/2020\/08\/IMG-20200818-WA0068.jpg 1280w\" sizes=\"(max-width: 300px) 100vw, 300px\" \/><\/a><br \/>\nEn las \u00faltimas horas Camioneros RG inform\u00f3 oficialmente que no continuar\u00e1 en la presente edici\u00f3n del TRFA de f\u00fatbol. Los detalles a cargo del secretario de la instituci\u00f3n Guillermo Vargas. Compartimos la entrevista lograda este martes en la 94.1 FM del Sur.<!--more--><\/p>\n<p>https:\/\/youtu.be\/-npSqc3EsmQ<\/p>\n<div class='epvc-post-count'><span class='epvc-eye'><\/span>  <span class=\"epvc-count\"> 1.039<\/span><span class='epvc-label'> veces le\u00edda<\/span><\/div>\n<div class=\"jwsharethis\">\nShare this: \n<br \/>\n<a href=\"mailto:?subject=%C2%ABAnalizamos%20la%20situaci%C3%B3n%2C%20con%20la%20fase%201%20en%20la%20ciudad%20era%20imposible%20seguir%20participando%C2%BB%20%28Audio%29&amp;body=http%3A%2F%2Flabestiadeportiva.com%2Flbd%2Fanalizamos-la-situacion-pero-con-la-fase-1-un-la-ciudad-era-imposible-audio%2F\">\n<img src=\"http:\/\/labestiadeportiva.com\/lbd\/wp-content\/plugins\/jw-share-this\/email.png\" alt=\"Share this page via Email\" \/>\n<\/a>\n<a target=\"_blank\" href=\"http:\/\/www.stumbleupon.com\/submit?url=http%3A%2F%2Flabestiadeportiva.com%2Flbd%2Fanalizamos-la-situacion-pero-con-la-fase-1-un-la-ciudad-era-imposible-audio%2F&amp;title=%C2%ABAnalizamos+la+situaci%C3%B3n%2C+con+la+fase+1+en+la+ciudad+era+imposible+seguir+participando%C2%BB+%28Audio%29\">\n<img src=\"http:\/\/labestiadeportiva.com\/lbd\/wp-content\/plugins\/jw-share-this\/su.png\" alt=\"Share this page via Stumble Upon\" \/>\n<\/a>\n<a target=\"_blank\" href=\"http:\/\/digg.com\/submit?url=http%3A%2F%2Flabestiadeportiva.com%2Flbd%2Fanalizamos-la-situacion-pero-con-la-fase-1-un-la-ciudad-era-imposible-audio%2F&amp;title=%C2%ABAnalizamos+la+situaci%C3%B3n%2C+con+la+fase+1+en+la+ciudad+era+imposible+seguir+participando%C2%BB+%28Audio%29\">\n<img src=\"http:\/\/labestiadeportiva.com\/lbd\/wp-content\/plugins\/jw-share-this\/digg.png\" alt=\"Share this page via Digg this\" \/>\n<\/a>\n<a target=\"_blank\" href=\"http:\/\/www.facebook.com\/sharer.php?u=http%3A%2F%2Flabestiadeportiva.com%2Flbd%2Fanalizamos-la-situacion-pero-con-la-fase-1-un-la-ciudad-era-imposible-audio%2F&amp;t=%C2%ABAnalizamos+la+situaci%C3%B3n%2C+con+la+fase+1+en+la+ciudad+era+imposible+seguir+participando%C2%BB+%28Audio%29\">\n<img src=\"http:\/\/labestiadeportiva.com\/lbd\/wp-content\/plugins\/jw-share-this\/fb.png\" alt=\"Share this page via Facebook\" \/>\n<\/a>\n<a target=\"_blank\" href=\"http:\/\/twitter.com\/intent\/tweet?text=I+like+http%3A%2F%2Flabestiadeportiva.com%2Flbd%2Fanalizamos-la-situacion-pero-con-la-fase-1-un-la-ciudad-era-imposible-audio%2F&amp;title=%C2%ABAnalizamos+la+situaci%C3%B3n%2C+con+la+fase+1+en+la+ciudad+era+imposible+seguir+participando%C2%BB+%28Audio%29\">\n<img src=\"http:\/\/labestiadeportiva.com\/lbd\/wp-content\/plugins\/jw-share-this\/twitter.png\" alt=\"Share this page via Twitter\" \/>\n<\/a>\n<\/div>\n","protected":false},"excerpt":{"rendered":"<p>En las \u00faltimas horas Camioneros RG inform\u00f3 oficialmente que no continuar\u00e1 en la presente edici\u00f3n del TRFA de f\u00fatbol. Los detalles a cargo del secretario de la instituci\u00f3n Guillermo Vargas. Compartimos la entrevista lograda este martes en la 94.1 FM del Sur. 1.039 veces le\u00edda Share this:<\/p>\n","protected":false},"author":1,"featured_media":36298,"comment_status":"open","ping_status":"open","sticky":false,"template":"","format":"standard","meta":[],"categories":[5,6,60,3767,1],"tags":[3843,1974,4838,17,4018],"_links":{"self":[{"href":"http:\/\/labestiadeportiva.com\/lbd\/wp-json\/wp\/v2\/posts\/36297"}],"collection":[{"href":"http:\/\/labestiadeportiva.com\/lbd\/wp-json\/wp\/v2\/posts"}],"about":[{"href":"http:\/\/labestiadeportiva.com\/lbd\/wp-json\/wp\/v2\/types\/post"}],"author":[{"embeddable":true,"href":"http:\/\/labestiadeportiva.com\/lbd\/wp-json\/wp\/v2\/users\/1"}],"replies":[{"embeddable":true,"href":"http:\/\/labestiadeportiva.com\/lbd\/wp-json\/wp\/v2\/comments?post=36297"}],"version-history":[{"count":3,"href":"http:\/\/labestiadeportiva.com\/lbd\/wp-json\/wp\/v2\/posts\/36297\/revisions"}],"predecessor-version":[{"id":36302,"href":"http:\/\/labestiadeportiva.com\/lbd\/wp-json\/wp\/v2\/posts\/36297\/revisions\/36302"}],"wp:featuredmedia":[{"embeddable":true,"href":"http:\/\/labestiadeportiva.com\/lbd\/wp-json\/wp\/v2\/media\/36298"}],"wp:attachment":[{"href":"http:\/\/labestiadeportiva.com\/lbd\/wp-json\/wp\/v2\/media?parent=36297"}],"wp:term":[{"taxonomy":"category","embeddable":true,"href":"http:\/\/labestiadeportiva.com\/lbd\/wp-json\/wp\/v2\/categories?post=36297"},{"taxonomy":"post_tag","embeddable":true,"href":"http:\/\/labestiadeportiva.com\/lbd\/wp-json\/wp\/v2\/tags?post=36297"}],"curies":[{"name":"wp","href":"https:\/\/api.w.org\/{rel}","templated":true}]}}