{"id":36303,"date":"2020-08-18T23:18:38","date_gmt":"2020-08-19T02:18:38","guid":{"rendered":"http:\/\/labestiadeportiva.com\/lbd\/?p=36303"},"modified":"2020-08-18T23:18:38","modified_gmt":"2020-08-19T02:18:38","slug":"todavia-no-esta-confirmada-la-baja-igualmente-la-situacion-epidemiologica-no-va-a-permitir-que-participemos-audio","status":"publish","type":"post","link":"http:\/\/labestiadeportiva.com\/lbd\/todavia-no-esta-confirmada-la-baja-igualmente-la-situacion-epidemiologica-no-va-a-permitir-que-participemos-audio\/","title":{"rendered":"\u00abTodav\u00eda no est\u00e1 confirmada la baja, igualmente la situaci\u00f3n epidemiol\u00f3gica no va a permitir que participemos\u00bb (Audio)"},"content":{"rendered":"<p><a href=\"http:\/\/labestiadeportiva.com\/lbd\/wp-content\/uploads\/2020\/08\/IMG-20200818-WA00192.jpg\"><img loading=\"lazy\" src=\"http:\/\/labestiadeportiva.com\/lbd\/wp-content\/uploads\/2020\/08\/IMG-20200818-WA00192-300x295.jpg\" alt=\"IMG-20200818-WA0019~2\" width=\"300\" height=\"295\" class=\"aligncenter size-medium wp-image-36304\" srcset=\"http:\/\/labestiadeportiva.com\/lbd\/wp-content\/uploads\/2020\/08\/IMG-20200818-WA00192-300x295.jpg 300w, http:\/\/labestiadeportiva.com\/lbd\/wp-content\/uploads\/2020\/08\/IMG-20200818-WA00192-60x60.jpg 60w, http:\/\/labestiadeportiva.com\/lbd\/wp-content\/uploads\/2020\/08\/IMG-20200818-WA00192.jpg 488w\" sizes=\"(max-width: 300px) 100vw, 300px\" \/><\/a><br \/>\nProfunda charla con el entrenador del primer equipo de Boxing Club Carlos Pad\u00edn. El conjunto santacruce\u00f1o eval\u00faa los pasos a seguir en el TRFA de f\u00fatbol. Compartimos la entrevista lograda este martes en la 100.1 Radio Provincia.<!--more--><\/p>\n<p>https:\/\/youtu.be\/7JjdiHUysv8<\/p>\n<div class='epvc-post-count'><span class='epvc-eye'><\/span>  <span class=\"epvc-count\"> 1.021<\/span><span class='epvc-label'> veces le\u00edda<\/span><\/div>\n<div class=\"jwsharethis\">\nShare this: \n<br \/>\n<a href=\"mailto:?subject=%C2%ABTodav%C3%ADa%20no%20est%C3%A1%20confirmada%20la%20baja%2C%20igualmente%20la%20situaci%C3%B3n%20epidemiol%C3%B3gica%20no%20va%20a%20permitir%20que%20participemos%C2%BB%20%28Audio%29&amp;body=http%3A%2F%2Flabestiadeportiva.com%2Flbd%2Ftodavia-no-esta-confirmada-la-baja-igualmente-la-situacion-epidemiologica-no-va-a-permitir-que-participemos-audio%2F\">\n<img src=\"http:\/\/labestiadeportiva.com\/lbd\/wp-content\/plugins\/jw-share-this\/email.png\" alt=\"Share this page via Email\" \/>\n<\/a>\n<a target=\"_blank\" href=\"http:\/\/www.stumbleupon.com\/submit?url=http%3A%2F%2Flabestiadeportiva.com%2Flbd%2Ftodavia-no-esta-confirmada-la-baja-igualmente-la-situacion-epidemiologica-no-va-a-permitir-que-participemos-audio%2F&amp;title=%C2%ABTodav%C3%ADa+no+est%C3%A1+confirmada+la+baja%2C+igualmente+la+situaci%C3%B3n+epidemiol%C3%B3gica+no+va+a+permitir+que+participemos%C2%BB+%28Audio%29\">\n<img src=\"http:\/\/labestiadeportiva.com\/lbd\/wp-content\/plugins\/jw-share-this\/su.png\" alt=\"Share this page via Stumble Upon\" \/>\n<\/a>\n<a target=\"_blank\" href=\"http:\/\/digg.com\/submit?url=http%3A%2F%2Flabestiadeportiva.com%2Flbd%2Ftodavia-no-esta-confirmada-la-baja-igualmente-la-situacion-epidemiologica-no-va-a-permitir-que-participemos-audio%2F&amp;title=%C2%ABTodav%C3%ADa+no+est%C3%A1+confirmada+la+baja%2C+igualmente+la+situaci%C3%B3n+epidemiol%C3%B3gica+no+va+a+permitir+que+participemos%C2%BB+%28Audio%29\">\n<img src=\"http:\/\/labestiadeportiva.com\/lbd\/wp-content\/plugins\/jw-share-this\/digg.png\" alt=\"Share this page via Digg this\" \/>\n<\/a>\n<a target=\"_blank\" href=\"http:\/\/www.facebook.com\/sharer.php?u=http%3A%2F%2Flabestiadeportiva.com%2Flbd%2Ftodavia-no-esta-confirmada-la-baja-igualmente-la-situacion-epidemiologica-no-va-a-permitir-que-participemos-audio%2F&amp;t=%C2%ABTodav%C3%ADa+no+est%C3%A1+confirmada+la+baja%2C+igualmente+la+situaci%C3%B3n+epidemiol%C3%B3gica+no+va+a+permitir+que+participemos%C2%BB+%28Audio%29\">\n<img src=\"http:\/\/labestiadeportiva.com\/lbd\/wp-content\/plugins\/jw-share-this\/fb.png\" alt=\"Share this page via Facebook\" \/>\n<\/a>\n<a target=\"_blank\" href=\"http:\/\/twitter.com\/intent\/tweet?text=I+like+http%3A%2F%2Flabestiadeportiva.com%2Flbd%2Ftodavia-no-esta-confirmada-la-baja-igualmente-la-situacion-epidemiologica-no-va-a-permitir-que-participemos-audio%2F&amp;title=%C2%ABTodav%C3%ADa+no+est%C3%A1+confirmada+la+baja%2C+igualmente+la+situaci%C3%B3n+epidemiol%C3%B3gica+no+va+a+permitir+que+participemos%C2%BB+%28Audio%29\">\n<img src=\"http:\/\/labestiadeportiva.com\/lbd\/wp-content\/plugins\/jw-share-this\/twitter.png\" alt=\"Share this page via Twitter\" \/>\n<\/a>\n<\/div>\n","protected":false},"excerpt":{"rendered":"<p>Profunda charla con el entrenador del primer equipo de Boxing Club Carlos Pad\u00edn. El conjunto santacruce\u00f1o eval\u00faa los pasos a seguir en el TRFA de f\u00fatbol. Compartimos la entrevista lograda este martes en la 100.1 Radio Provincia. 1.021 veces le\u00edda Share this:<\/p>\n","protected":false},"author":1,"featured_media":36304,"comment_status":"open","ping_status":"open","sticky":false,"template":"","format":"standard","meta":[],"categories":[6,60,3767,1],"tags":[3843,3806,4838,17,4151],"_links":{"self":[{"href":"http:\/\/labestiadeportiva.com\/lbd\/wp-json\/wp\/v2\/posts\/36303"}],"collection":[{"href":"http:\/\/labestiadeportiva.com\/lbd\/wp-json\/wp\/v2\/posts"}],"about":[{"href":"http:\/\/labestiadeportiva.com\/lbd\/wp-json\/wp\/v2\/types\/post"}],"author":[{"embeddable":true,"href":"http:\/\/labestiadeportiva.com\/lbd\/wp-json\/wp\/v2\/users\/1"}],"replies":[{"embeddable":true,"href":"http:\/\/labestiadeportiva.com\/lbd\/wp-json\/wp\/v2\/comments?post=36303"}],"version-history":[{"count":1,"href":"http:\/\/labestiadeportiva.com\/lbd\/wp-json\/wp\/v2\/posts\/36303\/revisions"}],"predecessor-version":[{"id":36306,"href":"http:\/\/labestiadeportiva.com\/lbd\/wp-json\/wp\/v2\/posts\/36303\/revisions\/36306"}],"wp:featuredmedia":[{"embeddable":true,"href":"http:\/\/labestiadeportiva.com\/lbd\/wp-json\/wp\/v2\/media\/36304"}],"wp:attachment":[{"href":"http:\/\/labestiadeportiva.com\/lbd\/wp-json\/wp\/v2\/media?parent=36303"}],"wp:term":[{"taxonomy":"category","embeddable":true,"href":"http:\/\/labestiadeportiva.com\/lbd\/wp-json\/wp\/v2\/categories?post=36303"},{"taxonomy":"post_tag","embeddable":true,"href":"http:\/\/labestiadeportiva.com\/lbd\/wp-json\/wp\/v2\/tags?post=36303"}],"curies":[{"name":"wp","href":"https:\/\/api.w.org\/{rel}","templated":true}]}}