{"id":36408,"date":"2020-09-02T01:00:49","date_gmt":"2020-09-02T04:00:49","guid":{"rendered":"http:\/\/labestiadeportiva.com\/lbd\/?p=36408"},"modified":"2020-09-02T01:12:20","modified_gmt":"2020-09-02T04:12:20","slug":"va-a-ser-un-rally-sin-publico-pero-es-parte-del-protocolo-que-debemos-mantener-audio","status":"publish","type":"post","link":"http:\/\/labestiadeportiva.com\/lbd\/va-a-ser-un-rally-sin-publico-pero-es-parte-del-protocolo-que-debemos-mantener-audio\/","title":{"rendered":"\u00abVa a ser un rally sin p\u00fablico,  es parte del protocolo que debemos mantener (Audio)"},"content":{"rendered":"<p><a href=\"http:\/\/labestiadeportiva.com\/lbd\/wp-content\/uploads\/2020\/09\/FB_IMG_1599015568424.jpg\"><img loading=\"lazy\" class=\"aligncenter size-medium wp-image-36409\" src=\"http:\/\/labestiadeportiva.com\/lbd\/wp-content\/uploads\/2020\/09\/FB_IMG_1599015568424-300x300.jpg\" alt=\"FB_IMG_1599015568424\" width=\"300\" height=\"300\" srcset=\"http:\/\/labestiadeportiva.com\/lbd\/wp-content\/uploads\/2020\/09\/FB_IMG_1599015568424-300x300.jpg 300w, http:\/\/labestiadeportiva.com\/lbd\/wp-content\/uploads\/2020\/09\/FB_IMG_1599015568424-150x150.jpg 150w, http:\/\/labestiadeportiva.com\/lbd\/wp-content\/uploads\/2020\/09\/FB_IMG_1599015568424-160x160.jpg 160w, http:\/\/labestiadeportiva.com\/lbd\/wp-content\/uploads\/2020\/09\/FB_IMG_1599015568424-320x320.jpg 320w, http:\/\/labestiadeportiva.com\/lbd\/wp-content\/uploads\/2020\/09\/FB_IMG_1599015568424-60x60.jpg 60w, http:\/\/labestiadeportiva.com\/lbd\/wp-content\/uploads\/2020\/09\/FB_IMG_1599015568424.jpg 639w\" sizes=\"(max-width: 300px) 100vw, 300px\" \/><\/a><br \/>\nCuenta regresiva para el inicio del Rally de Puerto Almanza \/ Punta Paran\u00e1 a cargo de APPRU que se pondr\u00e1 en marcha el pr\u00f3ximo viernes. Repaso de hoja de ruta complejo el pasado fin de semana. Verificaciones que arrojaron algunos objetados leves. Los detalles y recomendaciones a cargo de Natalia Echazarreta, integrante de la Comisi\u00f3n Normalizadora. Compartimos la entrevista lograda este martes en la 94.1 FM del Sur.<!--more--><br \/>\nhttps:\/\/youtu.be\/j0qmQ3245Zs<\/p>\n<div class='epvc-post-count'><span class='epvc-eye'><\/span>  <span class=\"epvc-count\"> 1.041<\/span><span class='epvc-label'> veces le\u00edda<\/span><\/div>\n<div class=\"jwsharethis\">\nShare this: \n<br \/>\n<a href=\"mailto:?subject=%C2%ABVa%20a%20ser%20un%20rally%20sin%20p%C3%BAblico%2C%20%20es%20parte%20del%20protocolo%20que%20debemos%20mantener%20%28Audio%29&amp;body=http%3A%2F%2Flabestiadeportiva.com%2Flbd%2Fva-a-ser-un-rally-sin-publico-pero-es-parte-del-protocolo-que-debemos-mantener-audio%2F\">\n<img src=\"http:\/\/labestiadeportiva.com\/lbd\/wp-content\/plugins\/jw-share-this\/email.png\" alt=\"Share this page via Email\" \/>\n<\/a>\n<a target=\"_blank\" href=\"http:\/\/www.stumbleupon.com\/submit?url=http%3A%2F%2Flabestiadeportiva.com%2Flbd%2Fva-a-ser-un-rally-sin-publico-pero-es-parte-del-protocolo-que-debemos-mantener-audio%2F&amp;title=%C2%ABVa+a+ser+un+rally+sin+p%C3%BAblico%2C++es+parte+del+protocolo+que+debemos+mantener+%28Audio%29\">\n<img src=\"http:\/\/labestiadeportiva.com\/lbd\/wp-content\/plugins\/jw-share-this\/su.png\" alt=\"Share this page via Stumble Upon\" \/>\n<\/a>\n<a target=\"_blank\" href=\"http:\/\/digg.com\/submit?url=http%3A%2F%2Flabestiadeportiva.com%2Flbd%2Fva-a-ser-un-rally-sin-publico-pero-es-parte-del-protocolo-que-debemos-mantener-audio%2F&amp;title=%C2%ABVa+a+ser+un+rally+sin+p%C3%BAblico%2C++es+parte+del+protocolo+que+debemos+mantener+%28Audio%29\">\n<img src=\"http:\/\/labestiadeportiva.com\/lbd\/wp-content\/plugins\/jw-share-this\/digg.png\" alt=\"Share this page via Digg this\" \/>\n<\/a>\n<a target=\"_blank\" href=\"http:\/\/www.facebook.com\/sharer.php?u=http%3A%2F%2Flabestiadeportiva.com%2Flbd%2Fva-a-ser-un-rally-sin-publico-pero-es-parte-del-protocolo-que-debemos-mantener-audio%2F&amp;t=%C2%ABVa+a+ser+un+rally+sin+p%C3%BAblico%2C++es+parte+del+protocolo+que+debemos+mantener+%28Audio%29\">\n<img src=\"http:\/\/labestiadeportiva.com\/lbd\/wp-content\/plugins\/jw-share-this\/fb.png\" alt=\"Share this page via Facebook\" \/>\n<\/a>\n<a target=\"_blank\" href=\"http:\/\/twitter.com\/intent\/tweet?text=I+like+http%3A%2F%2Flabestiadeportiva.com%2Flbd%2Fva-a-ser-un-rally-sin-publico-pero-es-parte-del-protocolo-que-debemos-mantener-audio%2F&amp;title=%C2%ABVa+a+ser+un+rally+sin+p%C3%BAblico%2C++es+parte+del+protocolo+que+debemos+mantener+%28Audio%29\">\n<img src=\"http:\/\/labestiadeportiva.com\/lbd\/wp-content\/plugins\/jw-share-this\/twitter.png\" alt=\"Share this page via Twitter\" \/>\n<\/a>\n<\/div>\n","protected":false},"excerpt":{"rendered":"<p>Cuenta regresiva para el inicio del Rally de Puerto Almanza \/ Punta Paran\u00e1 a cargo de APPRU que se pondr\u00e1 en marcha el pr\u00f3ximo viernes. Repaso de hoja de ruta complejo el pasado fin de semana. Verificaciones que arrojaron algunos objetados leves. Los detalles y recomendaciones a cargo de Natalia Echazarreta, integrante de la Comisi\u00f3n &hellip; <a href=\"http:\/\/labestiadeportiva.com\/lbd\/va-a-ser-un-rally-sin-publico-pero-es-parte-del-protocolo-que-debemos-mantener-audio\/\" class=\"more-link\">Seguir leyendo <span class=\"screen-reader-text\">\u00abVa a ser un rally sin p\u00fablico,  es parte del protocolo que debemos mantener (Audio)<\/span> <span class=\"meta-nav\">&rarr;<\/span><\/a><\/p>\n","protected":false},"author":1,"featured_media":36409,"comment_status":"open","ping_status":"open","sticky":false,"template":"","format":"standard","meta":[],"categories":[5,60,1,2366],"tags":[1189,4246,4838,581],"_links":{"self":[{"href":"http:\/\/labestiadeportiva.com\/lbd\/wp-json\/wp\/v2\/posts\/36408"}],"collection":[{"href":"http:\/\/labestiadeportiva.com\/lbd\/wp-json\/wp\/v2\/posts"}],"about":[{"href":"http:\/\/labestiadeportiva.com\/lbd\/wp-json\/wp\/v2\/types\/post"}],"author":[{"embeddable":true,"href":"http:\/\/labestiadeportiva.com\/lbd\/wp-json\/wp\/v2\/users\/1"}],"replies":[{"embeddable":true,"href":"http:\/\/labestiadeportiva.com\/lbd\/wp-json\/wp\/v2\/comments?post=36408"}],"version-history":[{"count":3,"href":"http:\/\/labestiadeportiva.com\/lbd\/wp-json\/wp\/v2\/posts\/36408\/revisions"}],"predecessor-version":[{"id":36413,"href":"http:\/\/labestiadeportiva.com\/lbd\/wp-json\/wp\/v2\/posts\/36408\/revisions\/36413"}],"wp:featuredmedia":[{"embeddable":true,"href":"http:\/\/labestiadeportiva.com\/lbd\/wp-json\/wp\/v2\/media\/36409"}],"wp:attachment":[{"href":"http:\/\/labestiadeportiva.com\/lbd\/wp-json\/wp\/v2\/media?parent=36408"}],"wp:term":[{"taxonomy":"category","embeddable":true,"href":"http:\/\/labestiadeportiva.com\/lbd\/wp-json\/wp\/v2\/categories?post=36408"},{"taxonomy":"post_tag","embeddable":true,"href":"http:\/\/labestiadeportiva.com\/lbd\/wp-json\/wp\/v2\/tags?post=36408"}],"curies":[{"name":"wp","href":"https:\/\/api.w.org\/{rel}","templated":true}]}}