{"id":36473,"date":"2020-09-14T22:45:52","date_gmt":"2020-09-15T01:45:52","guid":{"rendered":"http:\/\/labestiadeportiva.com\/lbd\/?p=36473"},"modified":"2020-09-14T22:50:20","modified_gmt":"2020-09-15T01:50:20","slug":"el-monte-olivia-nos-hizo-combinar-esqui-alpino-escalada-en-hielo-y-roca-un-sueno-cumplido-audio","status":"publish","type":"post","link":"http:\/\/labestiadeportiva.com\/lbd\/el-monte-olivia-nos-hizo-combinar-esqui-alpino-escalada-en-hielo-y-roca-un-sueno-cumplido-audio\/","title":{"rendered":"\u00abEl Monte Olivia nos hizo combinar esqu\u00ed alpino, snowboard, escalada en hielo y roca, fue un sue\u00f1o cumplido\u00bb (Audio)"},"content":{"rendered":"<p><a href=\"http:\/\/labestiadeportiva.com\/lbd\/wp-content\/uploads\/2020\/09\/Screenshot_20200914-2103312.png\"><img loading=\"lazy\" src=\"http:\/\/labestiadeportiva.com\/lbd\/wp-content\/uploads\/2020\/09\/Screenshot_20200914-2103312-227x300.png\" alt=\"Screenshot_20200914-210331~2\" width=\"227\" height=\"300\" class=\"aligncenter size-medium wp-image-36474\" srcset=\"http:\/\/labestiadeportiva.com\/lbd\/wp-content\/uploads\/2020\/09\/Screenshot_20200914-2103312-227x300.png 227w, http:\/\/labestiadeportiva.com\/lbd\/wp-content\/uploads\/2020\/09\/Screenshot_20200914-2103312-776x1024.png 776w, http:\/\/labestiadeportiva.com\/lbd\/wp-content\/uploads\/2020\/09\/Screenshot_20200914-2103312.png 1008w\" sizes=\"(max-width: 227px) 100vw, 227px\" \/><\/a><br \/>\nHace exactamente dos semanas los monta\u00f1istas Sebasti\u00e1n Beltrame y Nahuel Stauch Pancotti hicieron cumbre en el ic\u00f3nico Monte Olivia ushuaiense. Fueron poco m\u00e1s de 8 horas de escalada y un r\u00e1pido descenso en snowboard y esqu\u00edes de monta\u00f1a. Contactamos a Sebasti\u00e1n quien nos dio detalles de la particular experiencia. Compartimos la entrevista lograda este lunes en la 100.1 Radio Provincia.<!--more--><\/p>\n<p>https:\/\/youtu.be\/d2fQpk19Psc<\/p>\n<div class='epvc-post-count'><span class='epvc-eye'><\/span>  <span class=\"epvc-count\"> 1.303<\/span><span class='epvc-label'> veces le\u00edda<\/span><\/div>\n<div class=\"jwsharethis\">\nShare this: \n<br \/>\n<a href=\"mailto:?subject=%C2%ABEl%20Monte%20Olivia%20nos%20hizo%20combinar%20esqu%C3%AD%20alpino%2C%20snowboard%2C%20escalada%20en%20hielo%20y%20roca%2C%20fue%20un%20sue%C3%B1o%20cumplido%C2%BB%20%28Audio%29&amp;body=http%3A%2F%2Flabestiadeportiva.com%2Flbd%2Fel-monte-olivia-nos-hizo-combinar-esqui-alpino-escalada-en-hielo-y-roca-un-sueno-cumplido-audio%2F\">\n<img src=\"http:\/\/labestiadeportiva.com\/lbd\/wp-content\/plugins\/jw-share-this\/email.png\" alt=\"Share this page via Email\" \/>\n<\/a>\n<a target=\"_blank\" href=\"http:\/\/www.stumbleupon.com\/submit?url=http%3A%2F%2Flabestiadeportiva.com%2Flbd%2Fel-monte-olivia-nos-hizo-combinar-esqui-alpino-escalada-en-hielo-y-roca-un-sueno-cumplido-audio%2F&amp;title=%C2%ABEl+Monte+Olivia+nos+hizo+combinar+esqu%C3%AD+alpino%2C+snowboard%2C+escalada+en+hielo+y+roca%2C+fue+un+sue%C3%B1o+cumplido%C2%BB+%28Audio%29\">\n<img src=\"http:\/\/labestiadeportiva.com\/lbd\/wp-content\/plugins\/jw-share-this\/su.png\" alt=\"Share this page via Stumble Upon\" \/>\n<\/a>\n<a target=\"_blank\" href=\"http:\/\/digg.com\/submit?url=http%3A%2F%2Flabestiadeportiva.com%2Flbd%2Fel-monte-olivia-nos-hizo-combinar-esqui-alpino-escalada-en-hielo-y-roca-un-sueno-cumplido-audio%2F&amp;title=%C2%ABEl+Monte+Olivia+nos+hizo+combinar+esqu%C3%AD+alpino%2C+snowboard%2C+escalada+en+hielo+y+roca%2C+fue+un+sue%C3%B1o+cumplido%C2%BB+%28Audio%29\">\n<img src=\"http:\/\/labestiadeportiva.com\/lbd\/wp-content\/plugins\/jw-share-this\/digg.png\" alt=\"Share this page via Digg this\" \/>\n<\/a>\n<a target=\"_blank\" href=\"http:\/\/www.facebook.com\/sharer.php?u=http%3A%2F%2Flabestiadeportiva.com%2Flbd%2Fel-monte-olivia-nos-hizo-combinar-esqui-alpino-escalada-en-hielo-y-roca-un-sueno-cumplido-audio%2F&amp;t=%C2%ABEl+Monte+Olivia+nos+hizo+combinar+esqu%C3%AD+alpino%2C+snowboard%2C+escalada+en+hielo+y+roca%2C+fue+un+sue%C3%B1o+cumplido%C2%BB+%28Audio%29\">\n<img src=\"http:\/\/labestiadeportiva.com\/lbd\/wp-content\/plugins\/jw-share-this\/fb.png\" alt=\"Share this page via Facebook\" \/>\n<\/a>\n<a target=\"_blank\" href=\"http:\/\/twitter.com\/intent\/tweet?text=I+like+http%3A%2F%2Flabestiadeportiva.com%2Flbd%2Fel-monte-olivia-nos-hizo-combinar-esqui-alpino-escalada-en-hielo-y-roca-un-sueno-cumplido-audio%2F&amp;title=%C2%ABEl+Monte+Olivia+nos+hizo+combinar+esqu%C3%AD+alpino%2C+snowboard%2C+escalada+en+hielo+y+roca%2C+fue+un+sue%C3%B1o+cumplido%C2%BB+%28Audio%29\">\n<img src=\"http:\/\/labestiadeportiva.com\/lbd\/wp-content\/plugins\/jw-share-this\/twitter.png\" alt=\"Share this page via Twitter\" \/>\n<\/a>\n<\/div>\n","protected":false},"excerpt":{"rendered":"<p>Hace exactamente dos semanas los monta\u00f1istas Sebasti\u00e1n Beltrame y Nahuel Stauch Pancotti hicieron cumbre en el ic\u00f3nico Monte Olivia ushuaiense. Fueron poco m\u00e1s de 8 horas de escalada y un r\u00e1pido descenso en snowboard y esqu\u00edes de monta\u00f1a. Contactamos a Sebasti\u00e1n quien nos dio detalles de la particular experiencia. Compartimos la entrevista lograda este lunes &hellip; <a href=\"http:\/\/labestiadeportiva.com\/lbd\/el-monte-olivia-nos-hizo-combinar-esqui-alpino-escalada-en-hielo-y-roca-un-sueno-cumplido-audio\/\" class=\"more-link\">Seguir leyendo <span class=\"screen-reader-text\">\u00abEl Monte Olivia nos hizo combinar esqu\u00ed alpino, snowboard, escalada en hielo y roca, fue un sue\u00f1o cumplido\u00bb (Audio)<\/span> <span class=\"meta-nav\">&rarr;<\/span><\/a><\/p>\n","protected":false},"author":1,"featured_media":36474,"comment_status":"open","ping_status":"open","sticky":false,"template":"","format":"standard","meta":[],"categories":[5,60,3944,4284,1,3345],"tags":[4233,4838,4232,3572,358],"_links":{"self":[{"href":"http:\/\/labestiadeportiva.com\/lbd\/wp-json\/wp\/v2\/posts\/36473"}],"collection":[{"href":"http:\/\/labestiadeportiva.com\/lbd\/wp-json\/wp\/v2\/posts"}],"about":[{"href":"http:\/\/labestiadeportiva.com\/lbd\/wp-json\/wp\/v2\/types\/post"}],"author":[{"embeddable":true,"href":"http:\/\/labestiadeportiva.com\/lbd\/wp-json\/wp\/v2\/users\/1"}],"replies":[{"embeddable":true,"href":"http:\/\/labestiadeportiva.com\/lbd\/wp-json\/wp\/v2\/comments?post=36473"}],"version-history":[{"count":2,"href":"http:\/\/labestiadeportiva.com\/lbd\/wp-json\/wp\/v2\/posts\/36473\/revisions"}],"predecessor-version":[{"id":36476,"href":"http:\/\/labestiadeportiva.com\/lbd\/wp-json\/wp\/v2\/posts\/36473\/revisions\/36476"}],"wp:featuredmedia":[{"embeddable":true,"href":"http:\/\/labestiadeportiva.com\/lbd\/wp-json\/wp\/v2\/media\/36474"}],"wp:attachment":[{"href":"http:\/\/labestiadeportiva.com\/lbd\/wp-json\/wp\/v2\/media?parent=36473"}],"wp:term":[{"taxonomy":"category","embeddable":true,"href":"http:\/\/labestiadeportiva.com\/lbd\/wp-json\/wp\/v2\/categories?post=36473"},{"taxonomy":"post_tag","embeddable":true,"href":"http:\/\/labestiadeportiva.com\/lbd\/wp-json\/wp\/v2\/tags?post=36473"}],"curies":[{"name":"wp","href":"https:\/\/api.w.org\/{rel}","templated":true}]}}