{"id":36520,"date":"2020-09-24T16:25:35","date_gmt":"2020-09-24T19:25:35","guid":{"rendered":"http:\/\/labestiadeportiva.com\/lbd\/?p=36520"},"modified":"2020-09-24T22:19:56","modified_gmt":"2020-09-25T01:19:56","slug":"es-una-buena-noticia-para-todos-esquiadores-centros-y-aficionados-audio","status":"publish","type":"post","link":"http:\/\/labestiadeportiva.com\/lbd\/es-una-buena-noticia-para-todos-esquiadores-centros-y-aficionados-audio\/","title":{"rendered":"\u00abEs una buena noticia para todos, esquiadores, Centros Invernales y aficionados\u00bb (Audio)"},"content":{"rendered":"<p><a href=\"http:\/\/labestiadeportiva.com\/lbd\/wp-content\/uploads\/2020\/09\/IMG-20200924-WA00432.jpg\"><img loading=\"lazy\" class=\"aligncenter size-medium wp-image-36521\" src=\"http:\/\/labestiadeportiva.com\/lbd\/wp-content\/uploads\/2020\/09\/IMG-20200924-WA00432-196x300.jpg\" alt=\"IMG-20200924-WA0043~2\" width=\"196\" height=\"300\" srcset=\"http:\/\/labestiadeportiva.com\/lbd\/wp-content\/uploads\/2020\/09\/IMG-20200924-WA00432-196x300.jpg 196w, http:\/\/labestiadeportiva.com\/lbd\/wp-content\/uploads\/2020\/09\/IMG-20200924-WA00432.jpg 622w\" sizes=\"(max-width: 196px) 100vw, 196px\" \/><\/a><\/p>\n<p>Durante la semana desde el Gobierno Provincial se inform\u00f3 que en breve comenzar\u00e1 la obra de ampliaci\u00f3n de la Pista Provincial de Esqu\u00ed de Fondo (PIPEF) que volver\u00e1 a conectar a todos los Centros Invernales del Valle de Tierra Mayor. Desde LBD nos contactamos con el profesor Mart\u00edn Bianchi, referente de la disciplina y parte del staff de INFUETUR, en busca de detalles. Compartimos la entrevista lograda este jueves en la 100.1 Radio Provincia.<!--more--><\/p>\n<p>https:\/\/youtu.be\/I9NoBQkST5g<\/p>\n<div class='epvc-post-count'><span class='epvc-eye'><\/span>  <span class=\"epvc-count\"> 1.074<\/span><span class='epvc-label'> veces le\u00edda<\/span><\/div>\n<div class=\"jwsharethis\">\nShare this: \n<br \/>\n<a href=\"mailto:?subject=%C2%ABEs%20una%20buena%20noticia%20para%20todos%2C%20esquiadores%2C%20Centros%20Invernales%20y%20aficionados%C2%BB%20%28Audio%29&amp;body=http%3A%2F%2Flabestiadeportiva.com%2Flbd%2Fes-una-buena-noticia-para-todos-esquiadores-centros-y-aficionados-audio%2F\">\n<img src=\"http:\/\/labestiadeportiva.com\/lbd\/wp-content\/plugins\/jw-share-this\/email.png\" alt=\"Share this page via Email\" \/>\n<\/a>\n<a target=\"_blank\" href=\"http:\/\/www.stumbleupon.com\/submit?url=http%3A%2F%2Flabestiadeportiva.com%2Flbd%2Fes-una-buena-noticia-para-todos-esquiadores-centros-y-aficionados-audio%2F&amp;title=%C2%ABEs+una+buena+noticia+para+todos%2C+esquiadores%2C+Centros+Invernales+y+aficionados%C2%BB+%28Audio%29\">\n<img src=\"http:\/\/labestiadeportiva.com\/lbd\/wp-content\/plugins\/jw-share-this\/su.png\" alt=\"Share this page via Stumble Upon\" \/>\n<\/a>\n<a target=\"_blank\" href=\"http:\/\/digg.com\/submit?url=http%3A%2F%2Flabestiadeportiva.com%2Flbd%2Fes-una-buena-noticia-para-todos-esquiadores-centros-y-aficionados-audio%2F&amp;title=%C2%ABEs+una+buena+noticia+para+todos%2C+esquiadores%2C+Centros+Invernales+y+aficionados%C2%BB+%28Audio%29\">\n<img src=\"http:\/\/labestiadeportiva.com\/lbd\/wp-content\/plugins\/jw-share-this\/digg.png\" alt=\"Share this page via Digg this\" \/>\n<\/a>\n<a target=\"_blank\" href=\"http:\/\/www.facebook.com\/sharer.php?u=http%3A%2F%2Flabestiadeportiva.com%2Flbd%2Fes-una-buena-noticia-para-todos-esquiadores-centros-y-aficionados-audio%2F&amp;t=%C2%ABEs+una+buena+noticia+para+todos%2C+esquiadores%2C+Centros+Invernales+y+aficionados%C2%BB+%28Audio%29\">\n<img src=\"http:\/\/labestiadeportiva.com\/lbd\/wp-content\/plugins\/jw-share-this\/fb.png\" alt=\"Share this page via Facebook\" \/>\n<\/a>\n<a target=\"_blank\" href=\"http:\/\/twitter.com\/intent\/tweet?text=I+like+http%3A%2F%2Flabestiadeportiva.com%2Flbd%2Fes-una-buena-noticia-para-todos-esquiadores-centros-y-aficionados-audio%2F&amp;title=%C2%ABEs+una+buena+noticia+para+todos%2C+esquiadores%2C+Centros+Invernales+y+aficionados%C2%BB+%28Audio%29\">\n<img src=\"http:\/\/labestiadeportiva.com\/lbd\/wp-content\/plugins\/jw-share-this\/twitter.png\" alt=\"Share this page via Twitter\" \/>\n<\/a>\n<\/div>\n","protected":false},"excerpt":{"rendered":"<p>Durante la semana desde el Gobierno Provincial se inform\u00f3 que en breve comenzar\u00e1 la obra de ampliaci\u00f3n de la Pista Provincial de Esqu\u00ed de Fondo (PIPEF) que volver\u00e1 a conectar a todos los Centros Invernales del Valle de Tierra Mayor. Desde LBD nos contactamos con el profesor Mart\u00edn Bianchi, referente de la disciplina y parte &hellip; <a href=\"http:\/\/labestiadeportiva.com\/lbd\/es-una-buena-noticia-para-todos-esquiadores-centros-y-aficionados-audio\/\" class=\"more-link\">Seguir leyendo <span class=\"screen-reader-text\">\u00abEs una buena noticia para todos, esquiadores, Centros Invernales y aficionados\u00bb (Audio)<\/span> <span class=\"meta-nav\">&rarr;<\/span><\/a><\/p>\n","protected":false},"author":1,"featured_media":36521,"comment_status":"open","ping_status":"open","sticky":false,"template":"","format":"standard","meta":[],"categories":[5,4,6,60,29,1],"tags":[4291,4838,4832,3660,4292],"_links":{"self":[{"href":"http:\/\/labestiadeportiva.com\/lbd\/wp-json\/wp\/v2\/posts\/36520"}],"collection":[{"href":"http:\/\/labestiadeportiva.com\/lbd\/wp-json\/wp\/v2\/posts"}],"about":[{"href":"http:\/\/labestiadeportiva.com\/lbd\/wp-json\/wp\/v2\/types\/post"}],"author":[{"embeddable":true,"href":"http:\/\/labestiadeportiva.com\/lbd\/wp-json\/wp\/v2\/users\/1"}],"replies":[{"embeddable":true,"href":"http:\/\/labestiadeportiva.com\/lbd\/wp-json\/wp\/v2\/comments?post=36520"}],"version-history":[{"count":3,"href":"http:\/\/labestiadeportiva.com\/lbd\/wp-json\/wp\/v2\/posts\/36520\/revisions"}],"predecessor-version":[{"id":36524,"href":"http:\/\/labestiadeportiva.com\/lbd\/wp-json\/wp\/v2\/posts\/36520\/revisions\/36524"}],"wp:featuredmedia":[{"embeddable":true,"href":"http:\/\/labestiadeportiva.com\/lbd\/wp-json\/wp\/v2\/media\/36521"}],"wp:attachment":[{"href":"http:\/\/labestiadeportiva.com\/lbd\/wp-json\/wp\/v2\/media?parent=36520"}],"wp:term":[{"taxonomy":"category","embeddable":true,"href":"http:\/\/labestiadeportiva.com\/lbd\/wp-json\/wp\/v2\/categories?post=36520"},{"taxonomy":"post_tag","embeddable":true,"href":"http:\/\/labestiadeportiva.com\/lbd\/wp-json\/wp\/v2\/tags?post=36520"}],"curies":[{"name":"wp","href":"https:\/\/api.w.org\/{rel}","templated":true}]}}