{"id":36525,"date":"2020-09-26T13:24:22","date_gmt":"2020-09-26T16:24:22","guid":{"rendered":"http:\/\/labestiadeportiva.com\/lbd\/?p=36525"},"modified":"2020-09-26T13:24:22","modified_gmt":"2020-09-26T16:24:22","slug":"la-preventa-1-lanzada-desde-el-20-de-septiembre","status":"publish","type":"post","link":"http:\/\/labestiadeportiva.com\/lbd\/la-preventa-1-lanzada-desde-el-20-de-septiembre\/","title":{"rendered":"La preventa 1 lanzada desde el 20 de septiembre"},"content":{"rendered":"<p><a href=\"http:\/\/labestiadeportiva.com\/lbd\/wp-content\/uploads\/2020\/09\/org_9d8a65d304c32337_1596716830000.jpg\"><img loading=\"lazy\" src=\"http:\/\/labestiadeportiva.com\/lbd\/wp-content\/uploads\/2020\/09\/org_9d8a65d304c32337_1596716830000-300x169.jpg\" alt=\"created by dji camera\" width=\"300\" height=\"169\" class=\"aligncenter size-medium wp-image-36526\" srcset=\"http:\/\/labestiadeportiva.com\/lbd\/wp-content\/uploads\/2020\/09\/org_9d8a65d304c32337_1596716830000-300x169.jpg 300w, http:\/\/labestiadeportiva.com\/lbd\/wp-content\/uploads\/2020\/09\/org_9d8a65d304c32337_1596716830000-1024x576.jpg 1024w\" sizes=\"(max-width: 300px) 100vw, 300px\" \/><\/a><br \/>\nCerro Castor lanz\u00f3 su preventa 1 de pases para la temporada 2021.\u00a0Los residentes de la provincia podr\u00e1n acceder a la compra del pase para el a\u00f1o que viene con descuentos especiales si utilizaron el pase de esta temporada que culmina. Fuente y foto Prensa Cerro Castor.<!--more--><\/p>\n<p>El centro de esqu\u00ed m\u00e1s austral\u00a0 del pa\u00eds, lanz\u00f3 la preventa 1 de su pase temporada 2021 para residentes de Tierra del Fuego. Se puede adquirir desde el 20 de septiembre y podr\u00e1 comenzar a utilizarse durante esta temporada hasta el 27 de septiembre.<\/p>\n<p>Cabe destacar que, los fueguinos que hicieron uso del pase temporada 2020, tendr\u00e1n un 25% de descuento sobre la tarifa para adquirir el pase temporada 2021.<\/p>\n<p>Los residentes podr\u00e1n adquirirlos en las boleter\u00edas de Cerro Castor desde el 20 de septiembre al 27 de septiembre y en Rental Ushuaia (San Mart\u00edn 802) entre el 20 de septiembre al 31 de octubre. <\/p>\n<p>A su vez, podr\u00e1n sacarlos en 6 cuotas sin inter\u00e9s con tarjetas VISA as\u00ed como tambi\u00e9n podr\u00e1n acceder hasta 6 cuotas sin inter\u00e9s y un 5% de reintegro utilizando la Tarjeta Fueguina, tanto VISA como Mastercard.\u00a0\u00a0<\/p>\n<p>En cuanto al precio, los pases podr\u00e1n comprarse de forma individual: $39.500 para adultos y los $27.650 para los menores \u00f3 bien, habr\u00e1 pases de Plan Familiar que se aplicar\u00e1n descuentos seg\u00fan la cantidad de integrantes del grupo.<\/p>\n<p>Para m\u00e1s informaci\u00f3n, se puede visitar la p\u00e1gina web www.cerrocastor.com<\/p>\n<div class='epvc-post-count'><span class='epvc-eye'><\/span>  <span class=\"epvc-count\"> 1.150<\/span><span class='epvc-label'> veces le\u00edda<\/span><\/div>\n<div class=\"jwsharethis\">\nShare this: \n<br \/>\n<a href=\"mailto:?subject=La%20preventa%201%20lanzada%20desde%20el%2020%20de%20septiembre&amp;body=http%3A%2F%2Flabestiadeportiva.com%2Flbd%2Fla-preventa-1-lanzada-desde-el-20-de-septiembre%2F\">\n<img src=\"http:\/\/labestiadeportiva.com\/lbd\/wp-content\/plugins\/jw-share-this\/email.png\" alt=\"Share this page via Email\" \/>\n<\/a>\n<a target=\"_blank\" href=\"http:\/\/www.stumbleupon.com\/submit?url=http%3A%2F%2Flabestiadeportiva.com%2Flbd%2Fla-preventa-1-lanzada-desde-el-20-de-septiembre%2F&amp;title=La+preventa+1+lanzada+desde+el+20+de+septiembre\">\n<img src=\"http:\/\/labestiadeportiva.com\/lbd\/wp-content\/plugins\/jw-share-this\/su.png\" alt=\"Share this page via Stumble Upon\" \/>\n<\/a>\n<a target=\"_blank\" href=\"http:\/\/digg.com\/submit?url=http%3A%2F%2Flabestiadeportiva.com%2Flbd%2Fla-preventa-1-lanzada-desde-el-20-de-septiembre%2F&amp;title=La+preventa+1+lanzada+desde+el+20+de+septiembre\">\n<img src=\"http:\/\/labestiadeportiva.com\/lbd\/wp-content\/plugins\/jw-share-this\/digg.png\" alt=\"Share this page via Digg this\" \/>\n<\/a>\n<a target=\"_blank\" href=\"http:\/\/www.facebook.com\/sharer.php?u=http%3A%2F%2Flabestiadeportiva.com%2Flbd%2Fla-preventa-1-lanzada-desde-el-20-de-septiembre%2F&amp;t=La+preventa+1+lanzada+desde+el+20+de+septiembre\">\n<img src=\"http:\/\/labestiadeportiva.com\/lbd\/wp-content\/plugins\/jw-share-this\/fb.png\" alt=\"Share this page via Facebook\" \/>\n<\/a>\n<a target=\"_blank\" href=\"http:\/\/twitter.com\/intent\/tweet?text=I+like+http%3A%2F%2Flabestiadeportiva.com%2Flbd%2Fla-preventa-1-lanzada-desde-el-20-de-septiembre%2F&amp;title=La+preventa+1+lanzada+desde+el+20+de+septiembre\">\n<img src=\"http:\/\/labestiadeportiva.com\/lbd\/wp-content\/plugins\/jw-share-this\/twitter.png\" alt=\"Share this page via Twitter\" \/>\n<\/a>\n<\/div>\n","protected":false},"excerpt":{"rendered":"<p>Cerro Castor lanz\u00f3 su preventa 1 de pases para la temporada 2021.\u00a0Los residentes de la provincia podr\u00e1n acceder a la compra del pase para el a\u00f1o que viene con descuentos especiales si utilizaron el pase de esta temporada que culmina. Fuente y foto Prensa Cerro Castor. 1.150 veces le\u00edda Share this:<\/p>\n","protected":false},"author":1,"featured_media":36526,"comment_status":"open","ping_status":"open","sticky":false,"template":"","format":"standard","meta":[],"categories":[5,41,3944,1,3345],"tags":[4836,4293,3660,4294],"_links":{"self":[{"href":"http:\/\/labestiadeportiva.com\/lbd\/wp-json\/wp\/v2\/posts\/36525"}],"collection":[{"href":"http:\/\/labestiadeportiva.com\/lbd\/wp-json\/wp\/v2\/posts"}],"about":[{"href":"http:\/\/labestiadeportiva.com\/lbd\/wp-json\/wp\/v2\/types\/post"}],"author":[{"embeddable":true,"href":"http:\/\/labestiadeportiva.com\/lbd\/wp-json\/wp\/v2\/users\/1"}],"replies":[{"embeddable":true,"href":"http:\/\/labestiadeportiva.com\/lbd\/wp-json\/wp\/v2\/comments?post=36525"}],"version-history":[{"count":1,"href":"http:\/\/labestiadeportiva.com\/lbd\/wp-json\/wp\/v2\/posts\/36525\/revisions"}],"predecessor-version":[{"id":36527,"href":"http:\/\/labestiadeportiva.com\/lbd\/wp-json\/wp\/v2\/posts\/36525\/revisions\/36527"}],"wp:featuredmedia":[{"embeddable":true,"href":"http:\/\/labestiadeportiva.com\/lbd\/wp-json\/wp\/v2\/media\/36526"}],"wp:attachment":[{"href":"http:\/\/labestiadeportiva.com\/lbd\/wp-json\/wp\/v2\/media?parent=36525"}],"wp:term":[{"taxonomy":"category","embeddable":true,"href":"http:\/\/labestiadeportiva.com\/lbd\/wp-json\/wp\/v2\/categories?post=36525"},{"taxonomy":"post_tag","embeddable":true,"href":"http:\/\/labestiadeportiva.com\/lbd\/wp-json\/wp\/v2\/tags?post=36525"}],"curies":[{"name":"wp","href":"https:\/\/api.w.org\/{rel}","templated":true}]}}