{"id":36538,"date":"2020-09-28T20:52:11","date_gmt":"2020-09-28T23:52:11","guid":{"rendered":"http:\/\/labestiadeportiva.com\/lbd\/?p=36538"},"modified":"2020-09-28T20:52:11","modified_gmt":"2020-09-28T23:52:11","slug":"nocturna-y-con-protocolo","status":"publish","type":"post","link":"http:\/\/labestiadeportiva.com\/lbd\/nocturna-y-con-protocolo\/","title":{"rendered":"Nocturna y con protocolo"},"content":{"rendered":"<p><a href=\"http:\/\/labestiadeportiva.com\/lbd\/wp-content\/uploads\/2020\/09\/FB_IMG_1601333629617.jpg\"><img loading=\"lazy\" src=\"http:\/\/labestiadeportiva.com\/lbd\/wp-content\/uploads\/2020\/09\/FB_IMG_1601333629617-274x300.jpg\" alt=\"FB_IMG_1601333629617\" width=\"274\" height=\"300\" class=\"aligncenter size-medium wp-image-36539\" srcset=\"http:\/\/labestiadeportiva.com\/lbd\/wp-content\/uploads\/2020\/09\/FB_IMG_1601333629617-274x300.jpg 274w, http:\/\/labestiadeportiva.com\/lbd\/wp-content\/uploads\/2020\/09\/FB_IMG_1601333629617.jpg 622w\" sizes=\"(max-width: 274px) 100vw, 274px\" \/><\/a><br \/>\nEl s\u00e1bado por la tarde noche de la mano del Instituto Municipal de Deportes se realiz\u00f3 la prueba pedestre de 5 y 3 k. La competencia, que tuvo largada y llegada en el Camping Municipal, reuni\u00f3 alrededor de 100 participantes. Maximiliano Guerra domin\u00f3 el segmento m\u00e1s exigente complet\u00e1ndolo en 18&#8217;59\u00bb.<!--more--><\/p>\n<p>Media hora antes de partir, desde las 19.30 horas, se concentraron los atletas. Aclarando que los mismos permanecieron en sus veh\u00edculos para antes de largar salir a realizar la entrada\u00a0 en calor en tandas de 6 a 8 atletas<\/p>\n<p>En cuanto al recorrido ambos comenzaron desde el propio Camping trepada hac\u00eda Ruta 3 para tomar sentido hac\u00eda la ciudad hasta el mirador del Ushuaia Golf d\u00f3nde se retomaba cambiando la direcci\u00f3n hac\u00eda el sur.<\/p>\n<p>El trayecto menor lleg\u00f3 al Campo de Doma mientras que los 5.000 metros alcanzaban el sector del ingreso al Parque Nacional, recordando que ambos finalizaron en el Camping Municipal.<\/p>\n<p>Los organizadores priorizaron el protocolo de los participantes, barbijo obligatorio en todo momento hasta el instante de iniciar la actividad f\u00edsica.<\/p>\n<p>En cuanto a quienes marcaron el camino Maximiliano Guerra fue el m\u00e1s veloz empleando 18 minutos y 59 segundos para completar su recorrido.<\/p>\n<p>El segundo registro fue para la mejor dama, Cindy R\u00edos, qui\u00e9n complet\u00f3 su faena en 22 minutos y 40 segundos. El tercer escal\u00f3n del podio qued\u00f3 en manos de H\u00e9ctor Del Prado con 22 minutos y 51 segundos.<\/p>\n<p>Positiva jornada realizada en un marco total de seguridad en todos los sectores del recorrido.<br \/>\n<a href=\"http:\/\/labestiadeportiva.com\/lbd\/wp-content\/uploads\/2020\/09\/FB_IMG_1601333651030.jpg\"><img loading=\"lazy\" src=\"http:\/\/labestiadeportiva.com\/lbd\/wp-content\/uploads\/2020\/09\/FB_IMG_1601333651030-300x264.jpg\" alt=\"FB_IMG_1601333651030\" width=\"300\" height=\"264\" class=\"aligncenter size-medium wp-image-36540\" srcset=\"http:\/\/labestiadeportiva.com\/lbd\/wp-content\/uploads\/2020\/09\/FB_IMG_1601333651030-300x264.jpg 300w, http:\/\/labestiadeportiva.com\/lbd\/wp-content\/uploads\/2020\/09\/FB_IMG_1601333651030.jpg 622w\" sizes=\"(max-width: 300px) 100vw, 300px\" \/><\/a><\/p>\n<p>Los primeros diez de los 5k<br \/>\n<a href=\"http:\/\/labestiadeportiva.com\/lbd\/wp-content\/uploads\/2020\/09\/IMG-20200928-WA0011.jpg\"><img loading=\"lazy\" src=\"http:\/\/labestiadeportiva.com\/lbd\/wp-content\/uploads\/2020\/09\/IMG-20200928-WA0011-300x141.jpg\" alt=\"IMG-20200928-WA0011\" width=\"300\" height=\"141\" class=\"aligncenter size-medium wp-image-36541\" srcset=\"http:\/\/labestiadeportiva.com\/lbd\/wp-content\/uploads\/2020\/09\/IMG-20200928-WA0011-300x141.jpg 300w, http:\/\/labestiadeportiva.com\/lbd\/wp-content\/uploads\/2020\/09\/IMG-20200928-WA0011-1024x481.jpg 1024w, http:\/\/labestiadeportiva.com\/lbd\/wp-content\/uploads\/2020\/09\/IMG-20200928-WA0011-520x245.jpg 520w, http:\/\/labestiadeportiva.com\/lbd\/wp-content\/uploads\/2020\/09\/IMG-20200928-WA0011-720x340.jpg 720w, http:\/\/labestiadeportiva.com\/lbd\/wp-content\/uploads\/2020\/09\/IMG-20200928-WA0011.jpg 1280w\" sizes=\"(max-width: 300px) 100vw, 300px\" \/><\/a><\/p>\n<div class='epvc-post-count'><span class='epvc-eye'><\/span>  <span class=\"epvc-count\"> 1.013<\/span><span class='epvc-label'> veces le\u00edda<\/span><\/div>\n<div class=\"jwsharethis\">\nShare this: \n<br \/>\n<a href=\"mailto:?subject=Nocturna%20y%20con%20protocolo&amp;body=http%3A%2F%2Flabestiadeportiva.com%2Flbd%2Fnocturna-y-con-protocolo%2F\">\n<img src=\"http:\/\/labestiadeportiva.com\/lbd\/wp-content\/plugins\/jw-share-this\/email.png\" alt=\"Share this page via Email\" \/>\n<\/a>\n<a target=\"_blank\" href=\"http:\/\/www.stumbleupon.com\/submit?url=http%3A%2F%2Flabestiadeportiva.com%2Flbd%2Fnocturna-y-con-protocolo%2F&amp;title=Nocturna+y+con+protocolo\">\n<img src=\"http:\/\/labestiadeportiva.com\/lbd\/wp-content\/plugins\/jw-share-this\/su.png\" alt=\"Share this page via Stumble Upon\" \/>\n<\/a>\n<a target=\"_blank\" href=\"http:\/\/digg.com\/submit?url=http%3A%2F%2Flabestiadeportiva.com%2Flbd%2Fnocturna-y-con-protocolo%2F&amp;title=Nocturna+y+con+protocolo\">\n<img src=\"http:\/\/labestiadeportiva.com\/lbd\/wp-content\/plugins\/jw-share-this\/digg.png\" alt=\"Share this page via Digg this\" \/>\n<\/a>\n<a target=\"_blank\" href=\"http:\/\/www.facebook.com\/sharer.php?u=http%3A%2F%2Flabestiadeportiva.com%2Flbd%2Fnocturna-y-con-protocolo%2F&amp;t=Nocturna+y+con+protocolo\">\n<img src=\"http:\/\/labestiadeportiva.com\/lbd\/wp-content\/plugins\/jw-share-this\/fb.png\" alt=\"Share this page via Facebook\" \/>\n<\/a>\n<a target=\"_blank\" href=\"http:\/\/twitter.com\/intent\/tweet?text=I+like+http%3A%2F%2Flabestiadeportiva.com%2Flbd%2Fnocturna-y-con-protocolo%2F&amp;title=Nocturna+y+con+protocolo\">\n<img src=\"http:\/\/labestiadeportiva.com\/lbd\/wp-content\/plugins\/jw-share-this\/twitter.png\" alt=\"Share this page via Twitter\" \/>\n<\/a>\n<\/div>\n","protected":false},"excerpt":{"rendered":"<p>El s\u00e1bado por la tarde noche de la mano del Instituto Municipal de Deportes se realiz\u00f3 la prueba pedestre de 5 y 3 k. La competencia, que tuvo largada y llegada en el Camping Municipal, reuni\u00f3 alrededor de 100 participantes. Maximiliano Guerra domin\u00f3 el segmento m\u00e1s exigente complet\u00e1ndolo en 18&#8217;59\u00bb. 1.013 veces le\u00edda Share this:<\/p>\n","protected":false},"author":1,"featured_media":36539,"comment_status":"open","ping_status":"open","sticky":false,"template":"","format":"standard","meta":[],"categories":[22,5,2651,1],"tags":[4831,4290,3834,3660],"_links":{"self":[{"href":"http:\/\/labestiadeportiva.com\/lbd\/wp-json\/wp\/v2\/posts\/36538"}],"collection":[{"href":"http:\/\/labestiadeportiva.com\/lbd\/wp-json\/wp\/v2\/posts"}],"about":[{"href":"http:\/\/labestiadeportiva.com\/lbd\/wp-json\/wp\/v2\/types\/post"}],"author":[{"embeddable":true,"href":"http:\/\/labestiadeportiva.com\/lbd\/wp-json\/wp\/v2\/users\/1"}],"replies":[{"embeddable":true,"href":"http:\/\/labestiadeportiva.com\/lbd\/wp-json\/wp\/v2\/comments?post=36538"}],"version-history":[{"count":1,"href":"http:\/\/labestiadeportiva.com\/lbd\/wp-json\/wp\/v2\/posts\/36538\/revisions"}],"predecessor-version":[{"id":36542,"href":"http:\/\/labestiadeportiva.com\/lbd\/wp-json\/wp\/v2\/posts\/36538\/revisions\/36542"}],"wp:featuredmedia":[{"embeddable":true,"href":"http:\/\/labestiadeportiva.com\/lbd\/wp-json\/wp\/v2\/media\/36539"}],"wp:attachment":[{"href":"http:\/\/labestiadeportiva.com\/lbd\/wp-json\/wp\/v2\/media?parent=36538"}],"wp:term":[{"taxonomy":"category","embeddable":true,"href":"http:\/\/labestiadeportiva.com\/lbd\/wp-json\/wp\/v2\/categories?post=36538"},{"taxonomy":"post_tag","embeddable":true,"href":"http:\/\/labestiadeportiva.com\/lbd\/wp-json\/wp\/v2\/tags?post=36538"}],"curies":[{"name":"wp","href":"https:\/\/api.w.org\/{rel}","templated":true}]}}