{"id":3660,"date":"2013-03-24T04:56:56","date_gmt":"2013-03-24T04:56:56","guid":{"rendered":"http:\/\/labestiadeportiva.com\/lbd\/?p=3660"},"modified":"2013-03-24T05:08:21","modified_gmt":"2013-03-24T05:08:21","slug":"mejor-imposible","status":"publish","type":"post","link":"http:\/\/labestiadeportiva.com\/lbd\/mejor-imposible\/","title":{"rendered":"Mejor imposible"},"content":{"rendered":"<p><a href=\"http:\/\/labestiadeportiva.com\/lbd\/wp-content\/uploads\/2013\/03\/paleta.jpg.jpg\"><img loading=\"lazy\" class=\"alignleft size-full wp-image-3667\" title=\"paleta.jpg\" src=\"http:\/\/labestiadeportiva.com\/lbd\/wp-content\/uploads\/2013\/03\/paleta.jpg.jpg\" alt=\"\" width=\"274\" height=\"218\" \/><\/a>El piloto nacido en Ushuaia, Lucas Garro, tuvo un magn\u00edfico s\u00e1bado en el \u201cRoberto Mouras\u201d tras quedarse con la Pole Position y la Serie m\u00e1s veloz lo que le posibilita partir desde la primera ubicaci\u00f3n de la grilla en la carrera definitoria de ma\u00f1ana. Fuente y Foto Prensa Lucas Garro.<!--morePara leer Click Aqu\u00ed--><\/p>\n<p>El domingo 24 de Marzo se estar\u00e1 desarrollando la final de la segunda fecha del Turismo Pista Clase 2 sobre el trazado largo sin chicana del aut\u00f3dromo \u201cRoberto Mouras\u201d de La Plata donde Lucas Garro, piloto de Ushuaia, Tierra del Fuego, estar\u00e1 compitiendo con el Fiat Uno N\u00b0 8 que es atendido por Dacal Racing tras ganar en el inicio del a\u00f1o en Mar de Aj\u00f3.<\/p>\n<p>Si bien se llev\u00f3 a cabo una sesi\u00f3n de ensayos durante la ma\u00f1ana el piso mojado no permiti\u00f3 poner a punto el auto, pero el rendimiento no merm\u00f3 respecto a lo anticipado el viernes. En la clasificaci\u00f3n el \u00a0\u00a0\u00a0\u00a0\u00a0\u00a0\u00a0\u00a0\u00a0\u00a0\u00a0\u00a0 hombre que gan\u00f3 en Mar de Aj\u00f3 demostr\u00f3 que tiene un auto para pelear bien arriba. Clav\u00f3 el mejor registro con 1m43s019 superando por 0s259 a Luis Bessone, su escolta.<\/p>\n<p>A la hora de la serie la performance fue superlativa. Desde la largada mantuvo la diferencia con su perseguidor inmediato y se encamin\u00f3 a la bandera a cuadros adjudic\u00e1ndose el crono m\u00e1s r\u00e1pido lo que le otorg\u00f3 autom\u00e1ticamente la posici\u00f3n de privilegio para la final.<\/p>\n<p>En comunicaci\u00f3n directa con Radio Pop tras bajarse del auto, expres\u00f3: <span style=\"color: #0000ff;\">\u00abPor suerte pudimos hacer una serie r\u00e1pida. Trat\u00e9 de que no entre el Palio en la succi\u00f3n para mantener la diferencia y el ritmo\u00bb.<\/span><\/p>\n<p>La actividad de ma\u00f1ana comenzar\u00e1 desde las 09:10 horas a 15 vueltas o 35 minutos de duraci\u00f3n con transmisi\u00f3n en vivo y en directo por TyC Sports.<\/p>\n<div class='epvc-post-count'><span class='epvc-eye'><\/span>  <span class=\"epvc-count\"> 1.145<\/span><span class='epvc-label'> veces le\u00edda<\/span><\/div>\n<div class=\"jwsharethis\">\nShare this: \n<br \/>\n<a href=\"mailto:?subject=Mejor%20imposible&amp;body=http%3A%2F%2Flabestiadeportiva.com%2Flbd%2Fmejor-imposible%2F\">\n<img src=\"http:\/\/labestiadeportiva.com\/lbd\/wp-content\/plugins\/jw-share-this\/email.png\" alt=\"Share this page via Email\" \/>\n<\/a>\n<a target=\"_blank\" href=\"http:\/\/www.stumbleupon.com\/submit?url=http%3A%2F%2Flabestiadeportiva.com%2Flbd%2Fmejor-imposible%2F&amp;title=Mejor+imposible\">\n<img src=\"http:\/\/labestiadeportiva.com\/lbd\/wp-content\/plugins\/jw-share-this\/su.png\" alt=\"Share this page via Stumble Upon\" \/>\n<\/a>\n<a target=\"_blank\" href=\"http:\/\/digg.com\/submit?url=http%3A%2F%2Flabestiadeportiva.com%2Flbd%2Fmejor-imposible%2F&amp;title=Mejor+imposible\">\n<img src=\"http:\/\/labestiadeportiva.com\/lbd\/wp-content\/plugins\/jw-share-this\/digg.png\" alt=\"Share this page via Digg this\" \/>\n<\/a>\n<a target=\"_blank\" href=\"http:\/\/www.facebook.com\/sharer.php?u=http%3A%2F%2Flabestiadeportiva.com%2Flbd%2Fmejor-imposible%2F&amp;t=Mejor+imposible\">\n<img src=\"http:\/\/labestiadeportiva.com\/lbd\/wp-content\/plugins\/jw-share-this\/fb.png\" alt=\"Share this page via Facebook\" \/>\n<\/a>\n<a target=\"_blank\" href=\"http:\/\/twitter.com\/intent\/tweet?text=I+like+http%3A%2F%2Flabestiadeportiva.com%2Flbd%2Fmejor-imposible%2F&amp;title=Mejor+imposible\">\n<img src=\"http:\/\/labestiadeportiva.com\/lbd\/wp-content\/plugins\/jw-share-this\/twitter.png\" alt=\"Share this page via Twitter\" \/>\n<\/a>\n<\/div>\n","protected":false},"excerpt":{"rendered":"<p>El piloto nacido en Ushuaia, Lucas Garro, tuvo un magn\u00edfico s\u00e1bado en el \u201cRoberto Mouras\u201d tras quedarse con la Pole Position y la Serie m\u00e1s veloz lo que le posibilita partir desde la primera ubicaci\u00f3n de la grilla en la carrera definitoria de ma\u00f1ana. Fuente y Foto Prensa Lucas Garro. 1.145 veces le\u00edda Share this:<\/p>\n","protected":false},"author":1,"featured_media":3667,"comment_status":"open","ping_status":"open","sticky":false,"template":"","format":"standard","meta":[],"categories":[5,6,1],"tags":[524,151,525],"_links":{"self":[{"href":"http:\/\/labestiadeportiva.com\/lbd\/wp-json\/wp\/v2\/posts\/3660"}],"collection":[{"href":"http:\/\/labestiadeportiva.com\/lbd\/wp-json\/wp\/v2\/posts"}],"about":[{"href":"http:\/\/labestiadeportiva.com\/lbd\/wp-json\/wp\/v2\/types\/post"}],"author":[{"embeddable":true,"href":"http:\/\/labestiadeportiva.com\/lbd\/wp-json\/wp\/v2\/users\/1"}],"replies":[{"embeddable":true,"href":"http:\/\/labestiadeportiva.com\/lbd\/wp-json\/wp\/v2\/comments?post=3660"}],"version-history":[{"count":5,"href":"http:\/\/labestiadeportiva.com\/lbd\/wp-json\/wp\/v2\/posts\/3660\/revisions"}],"predecessor-version":[{"id":3669,"href":"http:\/\/labestiadeportiva.com\/lbd\/wp-json\/wp\/v2\/posts\/3660\/revisions\/3669"}],"wp:featuredmedia":[{"embeddable":true,"href":"http:\/\/labestiadeportiva.com\/lbd\/wp-json\/wp\/v2\/media\/3667"}],"wp:attachment":[{"href":"http:\/\/labestiadeportiva.com\/lbd\/wp-json\/wp\/v2\/media?parent=3660"}],"wp:term":[{"taxonomy":"category","embeddable":true,"href":"http:\/\/labestiadeportiva.com\/lbd\/wp-json\/wp\/v2\/categories?post=3660"},{"taxonomy":"post_tag","embeddable":true,"href":"http:\/\/labestiadeportiva.com\/lbd\/wp-json\/wp\/v2\/tags?post=3660"}],"curies":[{"name":"wp","href":"https:\/\/api.w.org\/{rel}","templated":true}]}}