{"id":36614,"date":"2020-10-11T21:05:27","date_gmt":"2020-10-12T00:05:27","guid":{"rendered":"http:\/\/labestiadeportiva.com\/lbd\/?p=36614"},"modified":"2020-10-11T21:05:27","modified_gmt":"2020-10-12T00:05:27","slug":"hamilton-de-record","status":"publish","type":"post","link":"http:\/\/labestiadeportiva.com\/lbd\/hamilton-de-record\/","title":{"rendered":"Hamilton de r\u00e9cord"},"content":{"rendered":"<p>Por Daniel Campos (Corresponsal LBD en Palma de Mallorca, Espa\u00f1a)<\/p>\n<p><a href=\"http:\/\/labestiadeportiva.com\/lbd\/wp-content\/uploads\/2020\/10\/GPOEUVAV57RM2UFCVQSBED2E5E.jpg\"><img loading=\"lazy\" src=\"http:\/\/labestiadeportiva.com\/lbd\/wp-content\/uploads\/2020\/10\/GPOEUVAV57RM2UFCVQSBED2E5E-300x169.jpg\" alt=\"GPOEUVAV57RM2UFCVQSBED2E5E\" width=\"300\" height=\"169\" class=\"aligncenter size-medium wp-image-36615\" srcset=\"http:\/\/labestiadeportiva.com\/lbd\/wp-content\/uploads\/2020\/10\/GPOEUVAV57RM2UFCVQSBED2E5E-300x169.jpg 300w, http:\/\/labestiadeportiva.com\/lbd\/wp-content\/uploads\/2020\/10\/GPOEUVAV57RM2UFCVQSBED2E5E.jpg 768w\" sizes=\"(max-width: 300px) 100vw, 300px\" \/><\/a><br \/>\nLewis Hamilton venci\u00f3 en el Gran Premio de Eifel disputado en el circuito de Nurburgring con Mercedes Benz. Adem\u00e1s de afianzarse en el liderato del mundial, igual\u00f3 el record de noventa y una victorias de Michael Schumacher. <!--more--><\/p>\n<p>En un fin de semana donde las condiciones meteorol\u00f3gicas obligaron a suspender los libres del viernes, el s\u00e1bado en clasificaci\u00f3n, Bottas, le arrebat\u00f3 en el \u00faltimo instante la pole a su compa\u00f1ero de equipo. <\/p>\n<p>El holand\u00e9s Max Verstappen, con Red Bull, en la misma jornada le plant\u00f3 cara a los dos autos alemanes y a punto estuvo de quedarse con el primer puesto en la parrilla de salida. <\/p>\n<p>El domingo, la prueba se larg\u00f3 con buen tiempo y con un 30 % de amenaza de lluvia, que al final no apareci\u00f3 por Nurburgring. Los sem\u00e1foros se apagaron y los dos Mercedes emparejados se marcharon en punta hasta la curva 1, all\u00ed el pulso lo gan\u00f3 el finland\u00e9s, dejando atr\u00e1s a Hamilton. <\/p>\n<p>Luego le siguieron Verstappen y Leclerc, que con el Ferrari aguantaba como pod\u00eda el embate del Renault de Ricciardo. M\u00e1s tarde el australiano dar\u00eda cuenta del monegasco en las siguientes vueltas alcanzando el cuarto puesto. <\/p>\n<p>En tanto, realizaci\u00f3n de carrera avisaba que se esperaba lluvia en cinco minutos, pero la lluvia no se har\u00eda presente en toda la carrera. <\/p>\n<p>En la vuelta 13, Bottas marchaba en punta, pero en la curva 1 se pas\u00f3 de frenada sigui\u00f3 por fuera y Hamilton se puso primero. Mientras tanto, en el fondo del pelot\u00f3n, Vettel sufr\u00eda con su Ferrari mientras Russell, en un intento de adelantarle, se toc\u00f3 con Raikkonen. <\/p>\n<p>Pinchazo para el de Williams y sanci\u00f3n para el finland\u00e9s de Alfa Romeo. Un posterior toque entre Albon y  Gasly dej\u00f3 restos de fibra de carbono y el Virtual Safety Car \u201capareci\u00f3\u201d en pista. <\/p>\n<p>Ese fue el momento que  Hamilton y Verstappen aprovecharon para hacer su primera parada en boxes. Tras relanzarse la prueba, Bottas con el Mercedes n\u00famero 77 abandonaba por problemas en la unidad de potencia. <\/p>\n<p>Mientras, Hamilton se manten\u00eda al frente de la carrera seguido por Verstappen y Ricciardo, Leclerc luchaba con P\u00e9rez que con su Racing Point ten\u00eda mejor velocidad punta. <\/p>\n<p>La carrera sigui\u00f3 su curso y en la vuelta 44, el motor del McLaren de Norris, dijo basta y lo dej\u00f3 tirado en un sector del trazado sin escapatoria.  El auto de seguridad entr\u00f3 en pista. <\/p>\n<p>Todo se neutraliz\u00f3 y en la 49 se relanz\u00f3 con Hamilton, Verstappen y Ricciardo en puestos de podio. Sin cambios sustanciales, el final lleg\u00f3 tras 60 giros y la bandera ajedrezada cayo al paso del hombre r\u00e9cord de Mercedes Benz. <\/p>\n<p>En dos semanas m\u00e1s, la F-1 desembarca en territorio luso para la disputa del Gran Premio de Portugal.   <\/p>\n<p><a href=\"http:\/\/labestiadeportiva.com\/lbd\/wp-content\/uploads\/2020\/10\/Lewis-Hamilton-31.jpg\"><img loading=\"lazy\" src=\"http:\/\/labestiadeportiva.com\/lbd\/wp-content\/uploads\/2020\/10\/Lewis-Hamilton-31-300x188.jpg\" alt=\"2020 Eifel GP\" width=\"300\" height=\"188\" class=\"aligncenter size-medium wp-image-36618\" srcset=\"http:\/\/labestiadeportiva.com\/lbd\/wp-content\/uploads\/2020\/10\/Lewis-Hamilton-31-300x188.jpg 300w, http:\/\/labestiadeportiva.com\/lbd\/wp-content\/uploads\/2020\/10\/Lewis-Hamilton-31-1024x640.jpg 1024w, http:\/\/labestiadeportiva.com\/lbd\/wp-content\/uploads\/2020\/10\/Lewis-Hamilton-31.jpg 1200w\" sizes=\"(max-width: 300px) 100vw, 300px\" \/><\/a><br \/>\nAs\u00ed llegaron:<br \/>\n1\u00ba L. Hamilton-Mercedes Benz en 1:35:40,641<br \/>\n2\u00ba M. Verstappen-Red Bull a 4,47<br \/>\n3\u00ba D. Ricciardo-Renault a 14,613<\/p>\n<p>El Mundial de Pilotos<br \/>\n1\u00ba L. Hamilton (GB) 230 pts.<br \/>\n2\u00ba V. Bottas (FIN) 161 pts.<br \/>\n3\u00ba M. Verstappen (HOL) 147 pts.<\/p>\n<p>El Mundial de constructores<br \/>\n1\u00ba Mercedes Benz 391 pts.<br \/>\n2\u00ba Red Bull 211 pts.<br \/>\n3\u00ba Racing Point 120 pts.<\/p>\n<p>La pr\u00f3xima competencia: GP de Portugal, el 25 de Octubre, en Portimao.<\/p>\n<div class='epvc-post-count'><span class='epvc-eye'><\/span>  <span class=\"epvc-count\"> 1.231<\/span><span class='epvc-label'> veces le\u00edda<\/span><\/div>\n<div class=\"jwsharethis\">\nShare this: \n<br \/>\n<a href=\"mailto:?subject=Hamilton%20de%20r%C3%A9cord&amp;body=http%3A%2F%2Flabestiadeportiva.com%2Flbd%2Fhamilton-de-record%2F\">\n<img src=\"http:\/\/labestiadeportiva.com\/lbd\/wp-content\/plugins\/jw-share-this\/email.png\" alt=\"Share this page via Email\" \/>\n<\/a>\n<a target=\"_blank\" href=\"http:\/\/www.stumbleupon.com\/submit?url=http%3A%2F%2Flabestiadeportiva.com%2Flbd%2Fhamilton-de-record%2F&amp;title=Hamilton+de+r%C3%A9cord\">\n<img src=\"http:\/\/labestiadeportiva.com\/lbd\/wp-content\/plugins\/jw-share-this\/su.png\" alt=\"Share this page via Stumble Upon\" \/>\n<\/a>\n<a target=\"_blank\" href=\"http:\/\/digg.com\/submit?url=http%3A%2F%2Flabestiadeportiva.com%2Flbd%2Fhamilton-de-record%2F&amp;title=Hamilton+de+r%C3%A9cord\">\n<img src=\"http:\/\/labestiadeportiva.com\/lbd\/wp-content\/plugins\/jw-share-this\/digg.png\" alt=\"Share this page via Digg this\" \/>\n<\/a>\n<a target=\"_blank\" href=\"http:\/\/www.facebook.com\/sharer.php?u=http%3A%2F%2Flabestiadeportiva.com%2Flbd%2Fhamilton-de-record%2F&amp;t=Hamilton+de+r%C3%A9cord\">\n<img src=\"http:\/\/labestiadeportiva.com\/lbd\/wp-content\/plugins\/jw-share-this\/fb.png\" alt=\"Share this page via Facebook\" \/>\n<\/a>\n<a target=\"_blank\" href=\"http:\/\/twitter.com\/intent\/tweet?text=I+like+http%3A%2F%2Flabestiadeportiva.com%2Flbd%2Fhamilton-de-record%2F&amp;title=Hamilton+de+r%C3%A9cord\">\n<img src=\"http:\/\/labestiadeportiva.com\/lbd\/wp-content\/plugins\/jw-share-this\/twitter.png\" alt=\"Share this page via Twitter\" \/>\n<\/a>\n<\/div>\n","protected":false},"excerpt":{"rendered":"<p>Por Daniel Campos (Corresponsal LBD en Palma de Mallorca, Espa\u00f1a) Lewis Hamilton venci\u00f3 en el Gran Premio de Eifel disputado en el circuito de Nurburgring con Mercedes Benz. Adem\u00e1s de afianzarse en el liderato del mundial, igual\u00f3 el record de noventa y una victorias de Michael Schumacher. 1.231 veces le\u00edda Share this:<\/p>\n","protected":false},"author":1,"featured_media":36619,"comment_status":"open","ping_status":"open","sticky":false,"template":"","format":"standard","meta":[],"categories":[2176,4,3534,1],"tags":[86,4303,3660],"_links":{"self":[{"href":"http:\/\/labestiadeportiva.com\/lbd\/wp-json\/wp\/v2\/posts\/36614"}],"collection":[{"href":"http:\/\/labestiadeportiva.com\/lbd\/wp-json\/wp\/v2\/posts"}],"about":[{"href":"http:\/\/labestiadeportiva.com\/lbd\/wp-json\/wp\/v2\/types\/post"}],"author":[{"embeddable":true,"href":"http:\/\/labestiadeportiva.com\/lbd\/wp-json\/wp\/v2\/users\/1"}],"replies":[{"embeddable":true,"href":"http:\/\/labestiadeportiva.com\/lbd\/wp-json\/wp\/v2\/comments?post=36614"}],"version-history":[{"count":1,"href":"http:\/\/labestiadeportiva.com\/lbd\/wp-json\/wp\/v2\/posts\/36614\/revisions"}],"predecessor-version":[{"id":36620,"href":"http:\/\/labestiadeportiva.com\/lbd\/wp-json\/wp\/v2\/posts\/36614\/revisions\/36620"}],"wp:featuredmedia":[{"embeddable":true,"href":"http:\/\/labestiadeportiva.com\/lbd\/wp-json\/wp\/v2\/media\/36619"}],"wp:attachment":[{"href":"http:\/\/labestiadeportiva.com\/lbd\/wp-json\/wp\/v2\/media?parent=36614"}],"wp:term":[{"taxonomy":"category","embeddable":true,"href":"http:\/\/labestiadeportiva.com\/lbd\/wp-json\/wp\/v2\/categories?post=36614"},{"taxonomy":"post_tag","embeddable":true,"href":"http:\/\/labestiadeportiva.com\/lbd\/wp-json\/wp\/v2\/tags?post=36614"}],"curies":[{"name":"wp","href":"https:\/\/api.w.org\/{rel}","templated":true}]}}