{"id":36639,"date":"2020-10-15T11:15:23","date_gmt":"2020-10-15T14:15:23","guid":{"rendered":"http:\/\/labestiadeportiva.com\/lbd\/?p=36639"},"modified":"2020-10-15T11:21:35","modified_gmt":"2020-10-15T14:21:35","slug":"asamblea-general-extraordinaria","status":"publish","type":"post","link":"http:\/\/labestiadeportiva.com\/lbd\/asamblea-general-extraordinaria\/","title":{"rendered":"Asamblea General Ordinaria"},"content":{"rendered":"<p><a href=\"http:\/\/labestiadeportiva.com\/lbd\/wp-content\/uploads\/2020\/10\/FB_IMG_1602767744727.jpg\"><img loading=\"lazy\" src=\"http:\/\/labestiadeportiva.com\/lbd\/wp-content\/uploads\/2020\/10\/FB_IMG_1602767744727-300x300.jpg\" alt=\"FB_IMG_1602767744727\" width=\"300\" height=\"300\" class=\"aligncenter size-medium wp-image-36640\" srcset=\"http:\/\/labestiadeportiva.com\/lbd\/wp-content\/uploads\/2020\/10\/FB_IMG_1602767744727-300x300.jpg 300w, http:\/\/labestiadeportiva.com\/lbd\/wp-content\/uploads\/2020\/10\/FB_IMG_1602767744727-150x150.jpg 150w, http:\/\/labestiadeportiva.com\/lbd\/wp-content\/uploads\/2020\/10\/FB_IMG_1602767744727-1024x1024.jpg 1024w, http:\/\/labestiadeportiva.com\/lbd\/wp-content\/uploads\/2020\/10\/FB_IMG_1602767744727-160x160.jpg 160w, http:\/\/labestiadeportiva.com\/lbd\/wp-content\/uploads\/2020\/10\/FB_IMG_1602767744727-320x320.jpg 320w, http:\/\/labestiadeportiva.com\/lbd\/wp-content\/uploads\/2020\/10\/FB_IMG_1602767744727-60x60.jpg 60w, http:\/\/labestiadeportiva.com\/lbd\/wp-content\/uploads\/2020\/10\/FB_IMG_1602767744727.jpg 1080w\" sizes=\"(max-width: 300px) 100vw, 300px\" \/><\/a><br \/>\nDesde APITUR se llam\u00f3 a reuni\u00f3n para el viernes 30 de Octubre. La condici\u00f3n de extempor\u00e1nea obedece a qu\u00e9 la actual Comisi\u00f3n recibi\u00f3 de los \u00f3rganos de contralor el balance e inventario 2019, que la actual situaci\u00f3n con la Pandemia atras\u00f3 por varios meses. Asimismo se llamar\u00e1 a elecci\u00f3n de autoridades. El actual Presidente, Facundo Peix, expres\u00f3 la intenci\u00f3n de continuar al frente de la instituci\u00f3n.  <!--more--><\/p>\n<p>Hasta donde LBD pudo averiguar APITUR recibi\u00f3 balance e inventario de la gesti\u00f3n 2019.<\/p>\n<p>La asamblea estaba prevista originalmente para el mes de marzo, momento de la aparici\u00f3n del Covid 19 en nuestro pa\u00eds.<\/p>\n<p>A partir de all\u00ed las actuaciones administrativas se paralizaron por un buen tiempo en Contador y Colegio de Ciencias Econ\u00f3micas.<\/p>\n<p>En cuanto a la estructura de la Asamblea que vendr\u00e1 tendr\u00e1 una primera parte donde se tratar\u00e1 memoria descriptiva, balance, inventario e informe del \u00f3rgano de fiscalizaci\u00f3n del ejercicio 2019 y luego de eso se pasar\u00e1 a la elecci\u00f3n de autoridades.<\/p>\n<p>Sobre esto \u00faltimo pudimos establecer un breve contacto con Peix, actual presidente, quien hizo p\u00fablica su intenci\u00f3n de renovar mandato por dos a\u00f1os m\u00e1s. <\/p>\n<div class='epvc-post-count'><span class='epvc-eye'><\/span>  <span class=\"epvc-count\"> 1.014<\/span><span class='epvc-label'> veces le\u00edda<\/span><\/div>\n<div class=\"jwsharethis\">\nShare this: \n<br \/>\n<a href=\"mailto:?subject=Asamblea%20General%20Ordinaria&amp;body=http%3A%2F%2Flabestiadeportiva.com%2Flbd%2Fasamblea-general-extraordinaria%2F\">\n<img src=\"http:\/\/labestiadeportiva.com\/lbd\/wp-content\/plugins\/jw-share-this\/email.png\" alt=\"Share this page via Email\" \/>\n<\/a>\n<a target=\"_blank\" href=\"http:\/\/www.stumbleupon.com\/submit?url=http%3A%2F%2Flabestiadeportiva.com%2Flbd%2Fasamblea-general-extraordinaria%2F&amp;title=Asamblea+General+Ordinaria\">\n<img src=\"http:\/\/labestiadeportiva.com\/lbd\/wp-content\/plugins\/jw-share-this\/su.png\" alt=\"Share this page via Stumble Upon\" \/>\n<\/a>\n<a target=\"_blank\" href=\"http:\/\/digg.com\/submit?url=http%3A%2F%2Flabestiadeportiva.com%2Flbd%2Fasamblea-general-extraordinaria%2F&amp;title=Asamblea+General+Ordinaria\">\n<img src=\"http:\/\/labestiadeportiva.com\/lbd\/wp-content\/plugins\/jw-share-this\/digg.png\" alt=\"Share this page via Digg this\" \/>\n<\/a>\n<a target=\"_blank\" href=\"http:\/\/www.facebook.com\/sharer.php?u=http%3A%2F%2Flabestiadeportiva.com%2Flbd%2Fasamblea-general-extraordinaria%2F&amp;t=Asamblea+General+Ordinaria\">\n<img src=\"http:\/\/labestiadeportiva.com\/lbd\/wp-content\/plugins\/jw-share-this\/fb.png\" alt=\"Share this page via Facebook\" \/>\n<\/a>\n<a target=\"_blank\" href=\"http:\/\/twitter.com\/intent\/tweet?text=I+like+http%3A%2F%2Flabestiadeportiva.com%2Flbd%2Fasamblea-general-extraordinaria%2F&amp;title=Asamblea+General+Ordinaria\">\n<img src=\"http:\/\/labestiadeportiva.com\/lbd\/wp-content\/plugins\/jw-share-this\/twitter.png\" alt=\"Share this page via Twitter\" \/>\n<\/a>\n<\/div>\n","protected":false},"excerpt":{"rendered":"<p>Desde APITUR se llam\u00f3 a reuni\u00f3n para el viernes 30 de Octubre. La condici\u00f3n de extempor\u00e1nea obedece a qu\u00e9 la actual Comisi\u00f3n recibi\u00f3 de los \u00f3rganos de contralor el balance e inventario 2019, que la actual situaci\u00f3n con la Pandemia atras\u00f3 por varios meses. Asimismo se llamar\u00e1 a elecci\u00f3n de autoridades. El actual Presidente, Facundo &hellip; <a href=\"http:\/\/labestiadeportiva.com\/lbd\/asamblea-general-extraordinaria\/\" class=\"more-link\">Seguir leyendo <span class=\"screen-reader-text\">Asamblea General Ordinaria<\/span> <span class=\"meta-nav\">&rarr;<\/span><\/a><\/p>\n","protected":false},"author":1,"featured_media":36640,"comment_status":"open","ping_status":"open","sticky":false,"template":"","format":"standard","meta":[],"categories":[5,1,4141],"tags":[4307,86,3660,4306],"_links":{"self":[{"href":"http:\/\/labestiadeportiva.com\/lbd\/wp-json\/wp\/v2\/posts\/36639"}],"collection":[{"href":"http:\/\/labestiadeportiva.com\/lbd\/wp-json\/wp\/v2\/posts"}],"about":[{"href":"http:\/\/labestiadeportiva.com\/lbd\/wp-json\/wp\/v2\/types\/post"}],"author":[{"embeddable":true,"href":"http:\/\/labestiadeportiva.com\/lbd\/wp-json\/wp\/v2\/users\/1"}],"replies":[{"embeddable":true,"href":"http:\/\/labestiadeportiva.com\/lbd\/wp-json\/wp\/v2\/comments?post=36639"}],"version-history":[{"count":2,"href":"http:\/\/labestiadeportiva.com\/lbd\/wp-json\/wp\/v2\/posts\/36639\/revisions"}],"predecessor-version":[{"id":36642,"href":"http:\/\/labestiadeportiva.com\/lbd\/wp-json\/wp\/v2\/posts\/36639\/revisions\/36642"}],"wp:featuredmedia":[{"embeddable":true,"href":"http:\/\/labestiadeportiva.com\/lbd\/wp-json\/wp\/v2\/media\/36640"}],"wp:attachment":[{"href":"http:\/\/labestiadeportiva.com\/lbd\/wp-json\/wp\/v2\/media?parent=36639"}],"wp:term":[{"taxonomy":"category","embeddable":true,"href":"http:\/\/labestiadeportiva.com\/lbd\/wp-json\/wp\/v2\/categories?post=36639"},{"taxonomy":"post_tag","embeddable":true,"href":"http:\/\/labestiadeportiva.com\/lbd\/wp-json\/wp\/v2\/tags?post=36639"}],"curies":[{"name":"wp","href":"https:\/\/api.w.org\/{rel}","templated":true}]}}