{"id":3673,"date":"2013-03-25T02:43:03","date_gmt":"2013-03-25T02:43:03","guid":{"rendered":"http:\/\/labestiadeportiva.com\/lbd\/?p=3673"},"modified":"2013-03-25T12:52:49","modified_gmt":"2013-03-25T12:52:49","slug":"doble-o-nada-2","status":"publish","type":"post","link":"http:\/\/labestiadeportiva.com\/lbd\/doble-o-nada-2\/","title":{"rendered":"Doble o nada"},"content":{"rendered":"<p><a href=\"http:\/\/labestiadeportiva.com\/lbd\/wp-content\/uploads\/2013\/03\/paleton.jpg.jpg\"><img loading=\"lazy\" class=\"alignleft size-medium wp-image-3674\" title=\"paleton.jpg\" src=\"http:\/\/labestiadeportiva.com\/lbd\/wp-content\/uploads\/2013\/03\/paleton.jpg-300x265.jpg\" alt=\"\" width=\"300\" height=\"265\" srcset=\"http:\/\/labestiadeportiva.com\/lbd\/wp-content\/uploads\/2013\/03\/paleton.jpg-300x265.jpg 300w, http:\/\/labestiadeportiva.com\/lbd\/wp-content\/uploads\/2013\/03\/paleton.jpg.jpg 543w\" sizes=\"(max-width: 300px) 100vw, 300px\" \/><\/a>El ganador de Mar de Aj\u00f3, Lucas Garro, volvi\u00f3 a dejar en claro que tiene potencial para\u00a0 ir en busca del campeonato y se qued\u00f3 con la segunda final del a\u00f1o en La Plata con una maniobra excelente en el \u00faltimo giro. De esta forma se subi\u00f3 a lo m\u00e1s alto del podio y mira a todos desde arriba. Fuente y Foto Prensa Lucas Garro.<!--morePara leer Click Aqu\u00ed--><\/p>\n<p>Hoy domingo se llev\u00f3 a cabo la final de la segunda fecha del Turismo Pista Clase 2 sobre el trazado largo sin chicana del aut\u00f3dromo \u201cRoberto Mouras\u201d de La Plata \u00a0\u00a0\u00a0\u00a0\u00a0\u00a0\u00a0\u00a0 donde Lucas Garro, piloto de Ushuaia, Tierra del Fuego, estuvo compitiendo con el Fiat Uno N\u00b0 8 que es atendido por Dacal Racing.<\/p>\n<p>Gracias a la excelente performance de ayer, donde hab\u00eda obtenido clasificaci\u00f3n y serie m\u00e1s r\u00e1pida, el piloto fueguino contaba con la posici\u00f3n de privilegio de cara a la competencia definitiva. Si bien la caracter\u00edstica principal estuvo marcada por el Auto de Seguridad que hizo su aparici\u00f3n en tres oportunidades y oblig\u00f3 a replantear las diferencias m\u00e1s de una vez, el nacido en Ushuaia pudo dar cuenta de Di Bella en la vuelta final para quedarse con un triunfo con tintes \u00e9picos.<\/p>\n<p>En comunicaci\u00f3n directa, expres\u00f3: \u201cMe jug\u00f3 una mala pasada el lastre en el relanzamiento y despu\u00e9s me \u00a0\u00a0\u00a0\u00a0\u00a0\u00a0 dediqu\u00e9 a medirlo y a correrlo hasta que encontr\u00e9 el lugar que m\u00e1s me favorec\u00eda. Gracias a Di Bella que me respet\u00f3 se dio una linda maniobra y nos subimos los dos al podio\u00bb.<\/p>\n<p>La pr\u00f3xima fecha se llevar\u00e1 a cabo entre los d\u00edas 26, 27 y 28 de Abril en el aut\u00f3dromo \u201cParque Ciudad de R\u00edo Cuarto\u201d, en la localidad que lleva el mismo nombre, C\u00f3rdoba.<\/p>\n<p>Lucas Garro y equipo a sus sponsors: Carbess, Club Laserre, Concesionario LASAC, Constru Sec, Con Vial Fue SA, Cosmos, Dismar, El Diario del Fin del Mundo, Insumos Industriales, Polirrubro Fede, Promat SRL, PVC Dise\u00f1o, Sky Glass y Tierra Fueguina SRL. Asimismo, a toda la gente de \u00a0\u00a0\u00a0\u00a0\u00a0 Tierra del Fuego, familia, amigos y a Dacal Racing por el auto que entrega en pista.<\/p>\n<div class='epvc-post-count'><span class='epvc-eye'><\/span>  <span class=\"epvc-count\"> 1.136<\/span><span class='epvc-label'> veces le\u00edda<\/span><\/div>\n<div class=\"jwsharethis\">\nShare this: \n<br \/>\n<a href=\"mailto:?subject=Doble%20o%20nada&amp;body=http%3A%2F%2Flabestiadeportiva.com%2Flbd%2Fdoble-o-nada-2%2F\">\n<img src=\"http:\/\/labestiadeportiva.com\/lbd\/wp-content\/plugins\/jw-share-this\/email.png\" alt=\"Share this page via Email\" \/>\n<\/a>\n<a target=\"_blank\" href=\"http:\/\/www.stumbleupon.com\/submit?url=http%3A%2F%2Flabestiadeportiva.com%2Flbd%2Fdoble-o-nada-2%2F&amp;title=Doble+o+nada\">\n<img src=\"http:\/\/labestiadeportiva.com\/lbd\/wp-content\/plugins\/jw-share-this\/su.png\" alt=\"Share this page via Stumble Upon\" \/>\n<\/a>\n<a target=\"_blank\" href=\"http:\/\/digg.com\/submit?url=http%3A%2F%2Flabestiadeportiva.com%2Flbd%2Fdoble-o-nada-2%2F&amp;title=Doble+o+nada\">\n<img src=\"http:\/\/labestiadeportiva.com\/lbd\/wp-content\/plugins\/jw-share-this\/digg.png\" alt=\"Share this page via Digg this\" \/>\n<\/a>\n<a target=\"_blank\" href=\"http:\/\/www.facebook.com\/sharer.php?u=http%3A%2F%2Flabestiadeportiva.com%2Flbd%2Fdoble-o-nada-2%2F&amp;t=Doble+o+nada\">\n<img src=\"http:\/\/labestiadeportiva.com\/lbd\/wp-content\/plugins\/jw-share-this\/fb.png\" alt=\"Share this page via Facebook\" \/>\n<\/a>\n<a target=\"_blank\" href=\"http:\/\/twitter.com\/intent\/tweet?text=I+like+http%3A%2F%2Flabestiadeportiva.com%2Flbd%2Fdoble-o-nada-2%2F&amp;title=Doble+o+nada\">\n<img src=\"http:\/\/labestiadeportiva.com\/lbd\/wp-content\/plugins\/jw-share-this\/twitter.png\" alt=\"Share this page via Twitter\" \/>\n<\/a>\n<\/div>\n","protected":false},"excerpt":{"rendered":"<p>El ganador de Mar de Aj\u00f3, Lucas Garro, volvi\u00f3 a dejar en claro que tiene potencial para\u00a0 ir en busca del campeonato y se qued\u00f3 con la segunda final del a\u00f1o en La Plata con una maniobra excelente en el \u00faltimo giro. De esta forma se subi\u00f3 a lo m\u00e1s alto del podio y mira &hellip; <a href=\"http:\/\/labestiadeportiva.com\/lbd\/doble-o-nada-2\/\" class=\"more-link\">Seguir leyendo <span class=\"screen-reader-text\">Doble o nada<\/span> <span class=\"meta-nav\">&rarr;<\/span><\/a><\/p>\n","protected":false},"author":1,"featured_media":3674,"comment_status":"open","ping_status":"open","sticky":false,"template":"","format":"standard","meta":[],"categories":[5,6,1],"tags":[524,151,525],"_links":{"self":[{"href":"http:\/\/labestiadeportiva.com\/lbd\/wp-json\/wp\/v2\/posts\/3673"}],"collection":[{"href":"http:\/\/labestiadeportiva.com\/lbd\/wp-json\/wp\/v2\/posts"}],"about":[{"href":"http:\/\/labestiadeportiva.com\/lbd\/wp-json\/wp\/v2\/types\/post"}],"author":[{"embeddable":true,"href":"http:\/\/labestiadeportiva.com\/lbd\/wp-json\/wp\/v2\/users\/1"}],"replies":[{"embeddable":true,"href":"http:\/\/labestiadeportiva.com\/lbd\/wp-json\/wp\/v2\/comments?post=3673"}],"version-history":[{"count":3,"href":"http:\/\/labestiadeportiva.com\/lbd\/wp-json\/wp\/v2\/posts\/3673\/revisions"}],"predecessor-version":[{"id":3676,"href":"http:\/\/labestiadeportiva.com\/lbd\/wp-json\/wp\/v2\/posts\/3673\/revisions\/3676"}],"wp:featuredmedia":[{"embeddable":true,"href":"http:\/\/labestiadeportiva.com\/lbd\/wp-json\/wp\/v2\/media\/3674"}],"wp:attachment":[{"href":"http:\/\/labestiadeportiva.com\/lbd\/wp-json\/wp\/v2\/media?parent=3673"}],"wp:term":[{"taxonomy":"category","embeddable":true,"href":"http:\/\/labestiadeportiva.com\/lbd\/wp-json\/wp\/v2\/categories?post=3673"},{"taxonomy":"post_tag","embeddable":true,"href":"http:\/\/labestiadeportiva.com\/lbd\/wp-json\/wp\/v2\/tags?post=3673"}],"curies":[{"name":"wp","href":"https:\/\/api.w.org\/{rel}","templated":true}]}}