{"id":36743,"date":"2020-11-02T20:41:21","date_gmt":"2020-11-02T23:41:21","guid":{"rendered":"http:\/\/labestiadeportiva.com\/lbd\/?p=36743"},"modified":"2020-11-02T20:41:22","modified_gmt":"2020-11-02T23:41:22","slug":"una-nueva-categoria-ve-la-luz","status":"publish","type":"post","link":"http:\/\/labestiadeportiva.com\/lbd\/una-nueva-categoria-ve-la-luz\/","title":{"rendered":"Una nueva categor\u00eda ve la luz"},"content":{"rendered":"<p>Por Daniel Campos (Corresponsal LBD en Palma de Mallorca, Espa\u00f1a)<\/p>\n<p><a href=\"http:\/\/labestiadeportiva.com\/lbd\/wp-content\/uploads\/2020\/11\/nicorosberg_xtreme.jpg\"><img loading=\"lazy\" src=\"http:\/\/labestiadeportiva.com\/lbd\/wp-content\/uploads\/2020\/11\/nicorosberg_xtreme-300x214.jpg\" alt=\"nicorosberg_xtreme\" width=\"300\" height=\"214\" class=\"aligncenter size-medium wp-image-36744\" srcset=\"http:\/\/labestiadeportiva.com\/lbd\/wp-content\/uploads\/2020\/11\/nicorosberg_xtreme-300x214.jpg 300w, http:\/\/labestiadeportiva.com\/lbd\/wp-content\/uploads\/2020\/11\/nicorosberg_xtreme.jpg 960w\" sizes=\"(max-width: 300px) 100vw, 300px\" \/><\/a><br \/>\nTierra del Fuego ser\u00e1 sede de la \u00faltima fecha de la primera temporada de la Extreme E. As\u00ed lo anunci\u00f3 Alejandro Agag, fundador y CEO de Extreme E, la nueva categor\u00eda del deporte motor el\u00e9ctrico, el pasado d\u00eda 27 de octubre, en Londres. <!--more--><\/p>\n<p>Este empresario espa\u00f1ol, afincado hace varios a\u00f1os en la islas brit\u00e1nicas, tambi\u00e9n es el responsable de la otra categor\u00eda de autos el\u00e9ctricos, la F\u00f3rmula E. <\/p>\n<p>En la \u00faltima etapa del Dakar 2020 disputada en Arabia Saudita, se present\u00f3 la primera versi\u00f3n del veh\u00edculo, un SUV el\u00e9ctrico Odyssey 21 que rod\u00f3 en el desierto a los mandos del piloto de rally norteamericano Ken Block. <\/p>\n<p>Las impresiones fueron muy buenas y poco a poco la nueva categor\u00eda fue tomando forma. Debido a la grave crisis sanitaria mundial, los trabajos de preparaci\u00f3n y desarrollo se fueron demorando, e inclusive esa fue una de las razones por la cual la sede de Tierra del Fuego, Argentina, fue la nueva elecci\u00f3n de los organizadores. <\/p>\n<p>Este primer torneo ten\u00eda previsto correr en la \u00faltima doble jornada del mes de diciembre en Nepal. Pero el COVID-19 y problemas log\u00edsticos obligaron a buscar una nueva alternativa. <\/p>\n<p><a href=\"http:\/\/labestiadeportiva.com\/lbd\/wp-content\/uploads\/2020\/11\/alejandro-agag-extreme.jpg\"><img loading=\"lazy\" src=\"http:\/\/labestiadeportiva.com\/lbd\/wp-content\/uploads\/2020\/11\/alejandro-agag-extreme-300x169.jpg\" alt=\"alejandro-agag-extreme\" width=\"300\" height=\"169\" class=\"aligncenter size-medium wp-image-36745\" srcset=\"http:\/\/labestiadeportiva.com\/lbd\/wp-content\/uploads\/2020\/11\/alejandro-agag-extreme-300x169.jpg 300w, http:\/\/labestiadeportiva.com\/lbd\/wp-content\/uploads\/2020\/11\/alejandro-agag-extreme.jpg 855w\" sizes=\"(max-width: 300px) 100vw, 300px\" \/><\/a><br \/>\nEn lo que se refiere a este nuevo campeonato el\u00e9ctrico, los creadores no s\u00f3lo apuntan a lo estrictamente deportivo sino que adem\u00e1s quieren que \u00e9ste sirva para que toda la gente que sigue las carreras tome conciencia del grave da\u00f1o que est\u00e1 provocando al medio ambiente y tratar de ayudar a revertir esa situaci\u00f3n. <\/p>\n<p>Por eso se ha insistido en minimizar el impacto que puedan tener sobre el terreno al realizarse estas carreras. Se trata de un campeonato breve, con apenas cinco pruebas que se desarrollaran sobre cinco ecosistemas diferentes. <\/p>\n<p>Desierto, oc\u00e9ano, \u00e1rtico, amazonas y glacial. Durante un fin de semana los equipos tomar\u00e1n parte de una carrera en un escenario cuya \u00e1rea no supere los 10 kil\u00f3metros cuadrados, se evitar\u00e1 modificar o adaptar el terreno para que el impacto ambiental sea m\u00ednimo. <\/p>\n<p>Cada equipo estar\u00e1 formado por un hombre y una mujer que se turnar\u00e1n en la conducci\u00f3n de los SUV Odyssey 21. Entre los equipos que tomar\u00e1n parte de esta nueva iniciativa, el brit\u00e1nico Lewis Hamilton y el alem\u00e1n Nico Rosberg, ya cuentan con sus propios equipos de Extreme-E. <\/p>\n<p>Otras de las caracter\u00edsticas de esta nueva especialidad, es que ser\u00e1 sin p\u00fablico presente en la zona de carrera. Se podr\u00e1 seguir las pruebas por televisi\u00f3n en directo o a trav\u00e9s de redes sociales. <\/p>\n<p>Otro de los temas que importa a los organizadores es la log\u00edstica, y para esta ocasi\u00f3n han pensado en centralizar todo en un barco que oficiar\u00e1 las veces de garaje, paddock , centro de prensa, laboratorio de investigaci\u00f3n y alojamiento. <\/p>\n<p>Se trata de un buque de carga, el RMS Santa Helena, que cubr\u00eda el servicio entre Ciudad del Cabo y Santa Helena y que, tras salir de servicio en febrero de 2018, fue reacondicionado totalmente para su nueva funci\u00f3n. <\/p>\n<p>Ahora toca hablar de los veh\u00edculos que tomar\u00e1n parte en esta nueva categor\u00eda. Se trata de un buggy construido sobre un chasis tubular de aleaci\u00f3n de acero, fabricado por la empresa Spark Racing Technology, con sede en Tigeny, Francia. <\/p>\n<p>El paquete de bater\u00edas ha sido desarrollado por el Grupo McLaren, empresa propiedad del actual equipo de F-1. Estos autos est\u00e1n calzados con neum\u00e1ticos Continental. <\/p>\n<p>El motor entrega una potencia m\u00e1xima de 400 kW lo que equivale a unos 545 CV, con un par motor de 920 Nm, lo que le permite acelerar de 0 a 100 km\/h en 4,5 segundos con un peso total de 1650 kgs.<br \/>\n<a href=\"http:\/\/labestiadeportiva.com\/lbd\/wp-content\/uploads\/2020\/11\/St-Helena-Electric-Odyssey.jpg\"><img loading=\"lazy\" src=\"http:\/\/labestiadeportiva.com\/lbd\/wp-content\/uploads\/2020\/11\/St-Helena-Electric-Odyssey-300x200.jpg\" alt=\"St-Helena-Electric-Odyssey\" width=\"300\" height=\"200\" class=\"aligncenter size-medium wp-image-36746\" srcset=\"http:\/\/labestiadeportiva.com\/lbd\/wp-content\/uploads\/2020\/11\/St-Helena-Electric-Odyssey-300x200.jpg 300w, http:\/\/labestiadeportiva.com\/lbd\/wp-content\/uploads\/2020\/11\/St-Helena-Electric-Odyssey.jpg 1024w\" sizes=\"(max-width: 300px) 100vw, 300px\" \/><\/a><\/p>\n<p>Calendario de la Extreme \u2013E<\/p>\n<p>Al \u2013Aula- Arabia Saudita del 20  al 21 marzo de 2021.<\/p>\n<p>Dakar-Senegal del 29 al 30 de mayo de 2021.<\/p>\n<p>Kangerlussusaq-Groenlandia del 28 al 29 de agosto de 2021.<\/p>\n<p>Amazonas-Brasil del 23 al 24 de octubre de 2021<\/p>\n<p>Patagonia-Tierra del Fuego del 11 al 12 de diciembre de 2021.<\/p>\n<div class='epvc-post-count'><span class='epvc-eye'><\/span>  <span class=\"epvc-count\"> 989<\/span><span class='epvc-label'> veces le\u00edda<\/span><\/div>\n<div class=\"jwsharethis\">\nShare this: \n<br \/>\n<a href=\"mailto:?subject=Una%20nueva%20categor%C3%ADa%20ve%20la%20luz&amp;body=http%3A%2F%2Flabestiadeportiva.com%2Flbd%2Funa-nueva-categoria-ve-la-luz%2F\">\n<img src=\"http:\/\/labestiadeportiva.com\/lbd\/wp-content\/plugins\/jw-share-this\/email.png\" alt=\"Share this page via Email\" \/>\n<\/a>\n<a target=\"_blank\" href=\"http:\/\/www.stumbleupon.com\/submit?url=http%3A%2F%2Flabestiadeportiva.com%2Flbd%2Funa-nueva-categoria-ve-la-luz%2F&amp;title=Una+nueva+categor%C3%ADa+ve+la+luz\">\n<img src=\"http:\/\/labestiadeportiva.com\/lbd\/wp-content\/plugins\/jw-share-this\/su.png\" alt=\"Share this page via Stumble Upon\" \/>\n<\/a>\n<a target=\"_blank\" href=\"http:\/\/digg.com\/submit?url=http%3A%2F%2Flabestiadeportiva.com%2Flbd%2Funa-nueva-categoria-ve-la-luz%2F&amp;title=Una+nueva+categor%C3%ADa+ve+la+luz\">\n<img src=\"http:\/\/labestiadeportiva.com\/lbd\/wp-content\/plugins\/jw-share-this\/digg.png\" alt=\"Share this page via Digg this\" \/>\n<\/a>\n<a target=\"_blank\" href=\"http:\/\/www.facebook.com\/sharer.php?u=http%3A%2F%2Flabestiadeportiva.com%2Flbd%2Funa-nueva-categoria-ve-la-luz%2F&amp;t=Una+nueva+categor%C3%ADa+ve+la+luz\">\n<img src=\"http:\/\/labestiadeportiva.com\/lbd\/wp-content\/plugins\/jw-share-this\/fb.png\" alt=\"Share this page via Facebook\" \/>\n<\/a>\n<a target=\"_blank\" href=\"http:\/\/twitter.com\/intent\/tweet?text=I+like+http%3A%2F%2Flabestiadeportiva.com%2Flbd%2Funa-nueva-categoria-ve-la-luz%2F&amp;title=Una+nueva+categor%C3%ADa+ve+la+luz\">\n<img src=\"http:\/\/labestiadeportiva.com\/lbd\/wp-content\/plugins\/jw-share-this\/twitter.png\" alt=\"Share this page via Twitter\" \/>\n<\/a>\n<\/div>\n","protected":false},"excerpt":{"rendered":"<p>Por Daniel Campos (Corresponsal LBD en Palma de Mallorca, Espa\u00f1a) Tierra del Fuego ser\u00e1 sede de la \u00faltima fecha de la primera temporada de la Extreme E. As\u00ed lo anunci\u00f3 Alejandro Agag, fundador y CEO de Extreme E, la nueva categor\u00eda del deporte motor el\u00e9ctrico, el pasado d\u00eda 27 de octubre, en Londres. 989 veces &hellip; <a href=\"http:\/\/labestiadeportiva.com\/lbd\/una-nueva-categoria-ve-la-luz\/\" class=\"more-link\">Seguir leyendo <span class=\"screen-reader-text\">Una nueva categor\u00eda ve la luz<\/span> <span class=\"meta-nav\">&rarr;<\/span><\/a><\/p>\n","protected":false},"author":1,"featured_media":36744,"comment_status":"open","ping_status":"open","sticky":false,"template":"","format":"standard","meta":[],"categories":[2176,4,4330,1],"tags":[154,4331,3660],"_links":{"self":[{"href":"http:\/\/labestiadeportiva.com\/lbd\/wp-json\/wp\/v2\/posts\/36743"}],"collection":[{"href":"http:\/\/labestiadeportiva.com\/lbd\/wp-json\/wp\/v2\/posts"}],"about":[{"href":"http:\/\/labestiadeportiva.com\/lbd\/wp-json\/wp\/v2\/types\/post"}],"author":[{"embeddable":true,"href":"http:\/\/labestiadeportiva.com\/lbd\/wp-json\/wp\/v2\/users\/1"}],"replies":[{"embeddable":true,"href":"http:\/\/labestiadeportiva.com\/lbd\/wp-json\/wp\/v2\/comments?post=36743"}],"version-history":[{"count":1,"href":"http:\/\/labestiadeportiva.com\/lbd\/wp-json\/wp\/v2\/posts\/36743\/revisions"}],"predecessor-version":[{"id":36747,"href":"http:\/\/labestiadeportiva.com\/lbd\/wp-json\/wp\/v2\/posts\/36743\/revisions\/36747"}],"wp:featuredmedia":[{"embeddable":true,"href":"http:\/\/labestiadeportiva.com\/lbd\/wp-json\/wp\/v2\/media\/36744"}],"wp:attachment":[{"href":"http:\/\/labestiadeportiva.com\/lbd\/wp-json\/wp\/v2\/media?parent=36743"}],"wp:term":[{"taxonomy":"category","embeddable":true,"href":"http:\/\/labestiadeportiva.com\/lbd\/wp-json\/wp\/v2\/categories?post=36743"},{"taxonomy":"post_tag","embeddable":true,"href":"http:\/\/labestiadeportiva.com\/lbd\/wp-json\/wp\/v2\/tags?post=36743"}],"curies":[{"name":"wp","href":"https:\/\/api.w.org\/{rel}","templated":true}]}}