{"id":3692,"date":"2013-03-25T17:29:20","date_gmt":"2013-03-25T17:29:20","guid":{"rendered":"http:\/\/labestiadeportiva.com\/lbd\/?p=3692"},"modified":"2013-03-25T17:29:20","modified_gmt":"2013-03-25T17:29:20","slug":"prueba-superada","status":"publish","type":"post","link":"http:\/\/labestiadeportiva.com\/lbd\/prueba-superada\/","title":{"rendered":"Prueba superada"},"content":{"rendered":"<p><a href=\"http:\/\/labestiadeportiva.com\/lbd\/wp-content\/uploads\/2013\/03\/MG_2075.jpg\"><img loading=\"lazy\" class=\"alignleft size-medium wp-image-3693\" title=\"_MG_2075\" src=\"http:\/\/labestiadeportiva.com\/lbd\/wp-content\/uploads\/2013\/03\/MG_2075-300x231.jpg\" alt=\"\" width=\"300\" height=\"231\" srcset=\"http:\/\/labestiadeportiva.com\/lbd\/wp-content\/uploads\/2013\/03\/MG_2075-300x231.jpg 300w, http:\/\/labestiadeportiva.com\/lbd\/wp-content\/uploads\/2013\/03\/MG_2075.jpg 621w\" sizes=\"(max-width: 300px) 100vw, 300px\" \/><\/a>El pasado domingo se realiz\u00f3 la 1\u00b0 edici\u00f3n del Short Track \u201cShimano\u201d, carrera de bicicletas de mountain bike en el shopping \u201cPaseo del Fuego\u201d. El cordob\u00e9s Daniel Facchin se impuso en elite mientras que el local Cristian Cuello lo hizo en el segmento promocional. 23 corredores presentes, impecable organizaci\u00f3n de Ushuaia Extremo en conjunto con ACME.<!--morePara leer Click Aqu\u00ed--><\/p>\n<p>Sin ninguna duda la novedosa prueba de ciclismo fue una de las actividades que se destac\u00f3 en el fin de semana. Todo comenz\u00f3 a partir de las 8.30 de la ma\u00f1ana con la concentraci\u00f3n de los participantes.<\/p>\n<p>El impactante trazado diagramado en el primer piso del paseo de compras y sector del estacionamiento tuvo una extensi\u00f3n de alrededor de 1.800 metros. Dentro de las caracter\u00edsticas de la carrera podemos contar que dentro del shopping el recorrido presentaba obst\u00e1culos artificiales como ruedas de tractores, palets, escaleras, troncos entre las principales.<\/p>\n<p><a href=\"http:\/\/labestiadeportiva.com\/lbd\/wp-content\/uploads\/2013\/03\/MG_2044.jpg\"><img loading=\"lazy\" class=\"aligncenter size-medium wp-image-3695\" title=\"_MG_2044\" src=\"http:\/\/labestiadeportiva.com\/lbd\/wp-content\/uploads\/2013\/03\/MG_2044-300x282.jpg\" alt=\"\" width=\"300\" height=\"282\" srcset=\"http:\/\/labestiadeportiva.com\/lbd\/wp-content\/uploads\/2013\/03\/MG_2044-300x282.jpg 300w, http:\/\/labestiadeportiva.com\/lbd\/wp-content\/uploads\/2013\/03\/MG_2044.jpg 510w\" sizes=\"(max-width: 300px) 100vw, 300px\" \/><\/a>Cabe aclarar que en el sector bajo techo los ciclistas deb\u00edan mantener su posici\u00f3n hasta salir al estacionamiento donde si estaba permitido el sobrepaso.<\/p>\n<p>Se efectuaron diferentes mangas clasificatorias, de cuatro participantes, hasta llegar a las semifinales y final de cada categor\u00eda.<\/p>\n<p>El ganador del principal segmento fue Gabriel Facchin, oriundo de C\u00f3rdoba capital, seguido por el riograndense Juan C\u00e1rdenas. El tercer escal\u00f3n del podio fue para el barilochense, radicado en Ushuiaia,\u00a0 Dar\u00edo Guzm\u00e1n.<\/p>\n<p><a href=\"http:\/\/labestiadeportiva.com\/lbd\/wp-content\/uploads\/2013\/03\/MG_2027.jpg\"><img loading=\"lazy\" class=\"aligncenter size-medium wp-image-3696\" title=\"_MG_2027\" src=\"http:\/\/labestiadeportiva.com\/lbd\/wp-content\/uploads\/2013\/03\/MG_2027-300x222.jpg\" alt=\"\" width=\"300\" height=\"222\" srcset=\"http:\/\/labestiadeportiva.com\/lbd\/wp-content\/uploads\/2013\/03\/MG_2027-300x222.jpg 300w, http:\/\/labestiadeportiva.com\/lbd\/wp-content\/uploads\/2013\/03\/MG_2027.jpg 640w\" sizes=\"(max-width: 300px) 100vw, 300px\" \/><\/a>En promocionales la victoria\u00a0 qued\u00f3 en manos de Cristian Cuello escoltado por Joaqu\u00edn Burgos mientras que tercero finaliz\u00f3 Lucas Carrera.<\/p>\n<p>Pasado largamente el mediod\u00eda en el primer piso del shopping se realiz\u00f3 la entrega de premios que sirvi\u00f3 para clausurar m\u00e1s de 4 horas de acci\u00f3n y entretenimiento donde est\u00e1 la m\u00fasica estuvo presente .<\/p>\n<p>Organizadores, participantes, prensa y p\u00fablico mostraron su satisfacci\u00f3n por lo vivido, la gente de Ushuaia Extremo y ACME a cargo de la organizaci\u00f3n del evento augur\u00f3\u00a0\u00a0 que el \u201cShort Track Shimano\u201d se quedar\u00e1 entre nosotros, esperemos que as\u00ed sea.<\/p>\n<p><a href=\"http:\/\/labestiadeportiva.com\/lbd\/wp-content\/uploads\/2013\/03\/MG_2042.jpg\"><img loading=\"lazy\" class=\"aligncenter size-medium wp-image-3697\" title=\"_MG_2042\" src=\"http:\/\/labestiadeportiva.com\/lbd\/wp-content\/uploads\/2013\/03\/MG_2042-292x300.jpg\" alt=\"\" width=\"292\" height=\"300\" srcset=\"http:\/\/labestiadeportiva.com\/lbd\/wp-content\/uploads\/2013\/03\/MG_2042-292x300.jpg 292w, http:\/\/labestiadeportiva.com\/lbd\/wp-content\/uploads\/2013\/03\/MG_2042.jpg 480w\" sizes=\"(max-width: 292px) 100vw, 292px\" \/><\/a><span style=\"color: #0000ff;\">Posiciones Finales<\/span><\/p>\n<p>Elite<br \/>\n<span style=\"color: #ff0000;\">1\u00b0 Gabriel Facchin<\/span><br \/>\n2\u00b0 Juan Cardenas<br \/>\n3\u00b0 Dar\u00edo Guzm\u00e1n<br \/>\n4\u00b0 Fernando Lezcano<\/p>\n<p>Promocional<br \/>\n<span style=\"color: #ff0000;\">1\u00b0 Cristian Cuello<\/span><br \/>\n2\u00b0 Joaqu\u00edn Burgos<br \/>\n3\u00b0 Lucas Carrera<br \/>\n4\u00b0 Mat\u00edas Zuluaga<\/p>\n<p><a href=\"http:\/\/labestiadeportiva.com\/lbd\/wp-content\/uploads\/2013\/03\/MG_2060.jpg\"><img loading=\"lazy\" class=\"aligncenter size-medium wp-image-3698\" title=\"_MG_2060\" src=\"http:\/\/labestiadeportiva.com\/lbd\/wp-content\/uploads\/2013\/03\/MG_2060-300x200.jpg\" alt=\"\" width=\"300\" height=\"200\" srcset=\"http:\/\/labestiadeportiva.com\/lbd\/wp-content\/uploads\/2013\/03\/MG_2060-300x200.jpg 300w, http:\/\/labestiadeportiva.com\/lbd\/wp-content\/uploads\/2013\/03\/MG_2060.jpg 640w\" sizes=\"(max-width: 300px) 100vw, 300px\" \/><\/a><\/p>\n<div class='epvc-post-count'><span class='epvc-eye'><\/span>  <span class=\"epvc-count\"> 1.116<\/span><span class='epvc-label'> veces le\u00edda<\/span><\/div>\n<div class=\"jwsharethis\">\nShare this: \n<br \/>\n<a href=\"mailto:?subject=Prueba%20superada&amp;body=http%3A%2F%2Flabestiadeportiva.com%2Flbd%2Fprueba-superada%2F\">\n<img src=\"http:\/\/labestiadeportiva.com\/lbd\/wp-content\/plugins\/jw-share-this\/email.png\" alt=\"Share this page via Email\" \/>\n<\/a>\n<a target=\"_blank\" href=\"http:\/\/www.stumbleupon.com\/submit?url=http%3A%2F%2Flabestiadeportiva.com%2Flbd%2Fprueba-superada%2F&amp;title=Prueba+superada\">\n<img src=\"http:\/\/labestiadeportiva.com\/lbd\/wp-content\/plugins\/jw-share-this\/su.png\" alt=\"Share this page via Stumble Upon\" \/>\n<\/a>\n<a target=\"_blank\" href=\"http:\/\/digg.com\/submit?url=http%3A%2F%2Flabestiadeportiva.com%2Flbd%2Fprueba-superada%2F&amp;title=Prueba+superada\">\n<img src=\"http:\/\/labestiadeportiva.com\/lbd\/wp-content\/plugins\/jw-share-this\/digg.png\" alt=\"Share this page via Digg this\" \/>\n<\/a>\n<a target=\"_blank\" href=\"http:\/\/www.facebook.com\/sharer.php?u=http%3A%2F%2Flabestiadeportiva.com%2Flbd%2Fprueba-superada%2F&amp;t=Prueba+superada\">\n<img src=\"http:\/\/labestiadeportiva.com\/lbd\/wp-content\/plugins\/jw-share-this\/fb.png\" alt=\"Share this page via Facebook\" \/>\n<\/a>\n<a target=\"_blank\" href=\"http:\/\/twitter.com\/intent\/tweet?text=I+like+http%3A%2F%2Flabestiadeportiva.com%2Flbd%2Fprueba-superada%2F&amp;title=Prueba+superada\">\n<img src=\"http:\/\/labestiadeportiva.com\/lbd\/wp-content\/plugins\/jw-share-this\/twitter.png\" alt=\"Share this page via Twitter\" \/>\n<\/a>\n<\/div>\n","protected":false},"excerpt":{"rendered":"<p>El pasado domingo se realiz\u00f3 la 1\u00b0 edici\u00f3n del Short Track \u201cShimano\u201d, carrera de bicicletas de mountain bike en el shopping \u201cPaseo del Fuego\u201d. El cordob\u00e9s Daniel Facchin se impuso en elite mientras que el local Cristian Cuello lo hizo en el segmento promocional. 23 corredores presentes, impecable organizaci\u00f3n de Ushuaia Extremo en conjunto con &hellip; <a href=\"http:\/\/labestiadeportiva.com\/lbd\/prueba-superada\/\" class=\"more-link\">Seguir leyendo <span class=\"screen-reader-text\">Prueba superada<\/span> <span class=\"meta-nav\">&rarr;<\/span><\/a><\/p>\n","protected":false},"author":1,"featured_media":3693,"comment_status":"open","ping_status":"open","sticky":false,"template":"","format":"standard","meta":[],"categories":[5,6,1],"tags":[529,21,530],"_links":{"self":[{"href":"http:\/\/labestiadeportiva.com\/lbd\/wp-json\/wp\/v2\/posts\/3692"}],"collection":[{"href":"http:\/\/labestiadeportiva.com\/lbd\/wp-json\/wp\/v2\/posts"}],"about":[{"href":"http:\/\/labestiadeportiva.com\/lbd\/wp-json\/wp\/v2\/types\/post"}],"author":[{"embeddable":true,"href":"http:\/\/labestiadeportiva.com\/lbd\/wp-json\/wp\/v2\/users\/1"}],"replies":[{"embeddable":true,"href":"http:\/\/labestiadeportiva.com\/lbd\/wp-json\/wp\/v2\/comments?post=3692"}],"version-history":[{"count":2,"href":"http:\/\/labestiadeportiva.com\/lbd\/wp-json\/wp\/v2\/posts\/3692\/revisions"}],"predecessor-version":[{"id":3700,"href":"http:\/\/labestiadeportiva.com\/lbd\/wp-json\/wp\/v2\/posts\/3692\/revisions\/3700"}],"wp:featuredmedia":[{"embeddable":true,"href":"http:\/\/labestiadeportiva.com\/lbd\/wp-json\/wp\/v2\/media\/3693"}],"wp:attachment":[{"href":"http:\/\/labestiadeportiva.com\/lbd\/wp-json\/wp\/v2\/media?parent=3692"}],"wp:term":[{"taxonomy":"category","embeddable":true,"href":"http:\/\/labestiadeportiva.com\/lbd\/wp-json\/wp\/v2\/categories?post=3692"},{"taxonomy":"post_tag","embeddable":true,"href":"http:\/\/labestiadeportiva.com\/lbd\/wp-json\/wp\/v2\/tags?post=3692"}],"curies":[{"name":"wp","href":"https:\/\/api.w.org\/{rel}","templated":true}]}}