{"id":36945,"date":"2020-12-01T10:57:42","date_gmt":"2020-12-01T13:57:42","guid":{"rendered":"http:\/\/labestiadeportiva.com\/lbd\/?p=36945"},"modified":"2020-12-01T11:11:29","modified_gmt":"2020-12-01T14:11:29","slug":"avanza-la-copa-del-diego","status":"publish","type":"post","link":"http:\/\/labestiadeportiva.com\/lbd\/avanza-la-copa-del-diego\/","title":{"rendered":"Avanza la Copa del \u00abDiego\u00bb"},"content":{"rendered":"<p>Por Javier Nicol\u00e1s Baroli (Corresponsal LBD en R\u00edo Gallegos)<\/p>\n<p><a href=\"http:\/\/labestiadeportiva.com\/lbd\/wp-content\/uploads\/2020\/12\/IMG-20201201-WA0007.jpg\"><img loading=\"lazy\" src=\"http:\/\/labestiadeportiva.com\/lbd\/wp-content\/uploads\/2020\/12\/IMG-20201201-WA0007-300x169.jpg\" alt=\"IMG-20201201-WA0007\" width=\"300\" height=\"169\" class=\"aligncenter size-medium wp-image-36946\" srcset=\"http:\/\/labestiadeportiva.com\/lbd\/wp-content\/uploads\/2020\/12\/IMG-20201201-WA0007-300x169.jpg 300w, http:\/\/labestiadeportiva.com\/lbd\/wp-content\/uploads\/2020\/12\/IMG-20201201-WA0007.jpg 420w\" sizes=\"(max-width: 300px) 100vw, 300px\" \/><\/a><br \/>\nEn una fecha en donde lo m\u00e1s significativo fueron los homenajes al diez, se conocieron los clasificados para la fase campeonato y la fase complementaci\u00f3n de la Copa de la Liga Profesional ahora Diego Armando Maradona.<!--more--><\/p>\n<p>Homenajes en todas las canchas. Lagrimas, abrazos, goles y un mito que se acrecienta segundo a segundo. En medio de tanto dolor, la pelota rod\u00f3 una vez m\u00e1s y no se manch\u00f3. <\/p>\n<p>Con partidos deslucidos, finaliz\u00f3 la fase inicial del certamen dejando a los siguientes clasificados: Atl\u00e9tico Tucum\u00e1n, Uni\u00f3n de Santa Fe, Col\u00f3n, Independiente, River, Banfield, Boca, Talleres, San Lorenzo, Argentinos, Hurac\u00e1n y Gimnasia. <\/p>\n<p>De esta manera se conocer\u00e1 en las pr\u00f3ximas horas fechas y horarios de la competencia. El saldo sigue deudor. Salvo la experiencia y el buen juego de River y Boca, la sorpresa de Talleres o Atl\u00e9tico Tucum\u00e1n, la juventud de Lan\u00fas o Hurac\u00e1n, la primera parte del certamen fue deslucida y por momentos aburrida. El deseo y la obligaci\u00f3n de que mejore es inminente e imperioso.<\/p>\n<p><a href=\"http:\/\/labestiadeportiva.com\/lbd\/wp-content\/uploads\/2020\/12\/Screenshot_20201201-1103572.png\"><img loading=\"lazy\" src=\"http:\/\/labestiadeportiva.com\/lbd\/wp-content\/uploads\/2020\/12\/Screenshot_20201201-1103572-181x300.png\" alt=\"Screenshot_20201201-110357~2\" width=\"181\" height=\"300\" class=\"aligncenter size-medium wp-image-36949\" srcset=\"http:\/\/labestiadeportiva.com\/lbd\/wp-content\/uploads\/2020\/12\/Screenshot_20201201-1103572-181x300.png 181w, http:\/\/labestiadeportiva.com\/lbd\/wp-content\/uploads\/2020\/12\/Screenshot_20201201-1103572-618x1024.png 618w, http:\/\/labestiadeportiva.com\/lbd\/wp-content\/uploads\/2020\/12\/Screenshot_20201201-1103572.png 742w\" sizes=\"(max-width: 181px) 100vw, 181px\" \/><\/a><br \/>\n<a href=\"http:\/\/labestiadeportiva.com\/lbd\/wp-content\/uploads\/2020\/12\/Screenshot_20201201-1105022.png\"><img loading=\"lazy\" src=\"http:\/\/labestiadeportiva.com\/lbd\/wp-content\/uploads\/2020\/12\/Screenshot_20201201-1105022-205x300.png\" alt=\"Screenshot_20201201-110502~2\" width=\"205\" height=\"300\" class=\"aligncenter size-medium wp-image-36950\" srcset=\"http:\/\/labestiadeportiva.com\/lbd\/wp-content\/uploads\/2020\/12\/Screenshot_20201201-1105022-205x300.png 205w, http:\/\/labestiadeportiva.com\/lbd\/wp-content\/uploads\/2020\/12\/Screenshot_20201201-1105022-701x1024.png 701w, http:\/\/labestiadeportiva.com\/lbd\/wp-content\/uploads\/2020\/12\/Screenshot_20201201-1105022.png 727w\" sizes=\"(max-width: 205px) 100vw, 205px\" \/><\/a><br \/>\n<a href=\"http:\/\/labestiadeportiva.com\/lbd\/wp-content\/uploads\/2020\/12\/Screenshot_20201201-1105552.png\"><img loading=\"lazy\" src=\"http:\/\/labestiadeportiva.com\/lbd\/wp-content\/uploads\/2020\/12\/Screenshot_20201201-1105552-208x300.png\" alt=\"Screenshot_20201201-110555~2\" width=\"208\" height=\"300\" class=\"aligncenter size-medium wp-image-36951\" srcset=\"http:\/\/labestiadeportiva.com\/lbd\/wp-content\/uploads\/2020\/12\/Screenshot_20201201-1105552-208x300.png 208w, http:\/\/labestiadeportiva.com\/lbd\/wp-content\/uploads\/2020\/12\/Screenshot_20201201-1105552-709x1024.png 709w, http:\/\/labestiadeportiva.com\/lbd\/wp-content\/uploads\/2020\/12\/Screenshot_20201201-1105552.png 721w\" sizes=\"(max-width: 208px) 100vw, 208px\" \/><\/a><br \/>\n<a href=\"http:\/\/labestiadeportiva.com\/lbd\/wp-content\/uploads\/2020\/12\/Screenshot_20201201-1106412.png\"><img loading=\"lazy\" src=\"http:\/\/labestiadeportiva.com\/lbd\/wp-content\/uploads\/2020\/12\/Screenshot_20201201-1106412-206x300.png\" alt=\"Screenshot_20201201-110641~2\" width=\"206\" height=\"300\" class=\"aligncenter size-medium wp-image-36952\" srcset=\"http:\/\/labestiadeportiva.com\/lbd\/wp-content\/uploads\/2020\/12\/Screenshot_20201201-1106412-206x300.png 206w, http:\/\/labestiadeportiva.com\/lbd\/wp-content\/uploads\/2020\/12\/Screenshot_20201201-1106412-703x1024.png 703w, http:\/\/labestiadeportiva.com\/lbd\/wp-content\/uploads\/2020\/12\/Screenshot_20201201-1106412.png 717w\" sizes=\"(max-width: 206px) 100vw, 206px\" \/><\/a><\/p>\n<div class='epvc-post-count'><span class='epvc-eye'><\/span>  <span class=\"epvc-count\"> 1.131<\/span><span class='epvc-label'> veces le\u00edda<\/span><\/div>\n<div class=\"jwsharethis\">\nShare this: \n<br \/>\n<a href=\"mailto:?subject=Avanza%20la%20Copa%20del%20%C2%ABDiego%C2%BB&amp;body=http%3A%2F%2Flabestiadeportiva.com%2Flbd%2Favanza-la-copa-del-diego%2F\">\n<img src=\"http:\/\/labestiadeportiva.com\/lbd\/wp-content\/plugins\/jw-share-this\/email.png\" alt=\"Share this page via Email\" \/>\n<\/a>\n<a target=\"_blank\" href=\"http:\/\/www.stumbleupon.com\/submit?url=http%3A%2F%2Flabestiadeportiva.com%2Flbd%2Favanza-la-copa-del-diego%2F&amp;title=Avanza+la+Copa+del+%C2%ABDiego%C2%BB\">\n<img src=\"http:\/\/labestiadeportiva.com\/lbd\/wp-content\/plugins\/jw-share-this\/su.png\" alt=\"Share this page via Stumble Upon\" \/>\n<\/a>\n<a target=\"_blank\" href=\"http:\/\/digg.com\/submit?url=http%3A%2F%2Flabestiadeportiva.com%2Flbd%2Favanza-la-copa-del-diego%2F&amp;title=Avanza+la+Copa+del+%C2%ABDiego%C2%BB\">\n<img src=\"http:\/\/labestiadeportiva.com\/lbd\/wp-content\/plugins\/jw-share-this\/digg.png\" alt=\"Share this page via Digg this\" \/>\n<\/a>\n<a target=\"_blank\" href=\"http:\/\/www.facebook.com\/sharer.php?u=http%3A%2F%2Flabestiadeportiva.com%2Flbd%2Favanza-la-copa-del-diego%2F&amp;t=Avanza+la+Copa+del+%C2%ABDiego%C2%BB\">\n<img src=\"http:\/\/labestiadeportiva.com\/lbd\/wp-content\/plugins\/jw-share-this\/fb.png\" alt=\"Share this page via Facebook\" \/>\n<\/a>\n<a target=\"_blank\" href=\"http:\/\/twitter.com\/intent\/tweet?text=I+like+http%3A%2F%2Flabestiadeportiva.com%2Flbd%2Favanza-la-copa-del-diego%2F&amp;title=Avanza+la+Copa+del+%C2%ABDiego%C2%BB\">\n<img src=\"http:\/\/labestiadeportiva.com\/lbd\/wp-content\/plugins\/jw-share-this\/twitter.png\" alt=\"Share this page via Twitter\" \/>\n<\/a>\n<\/div>\n","protected":false},"excerpt":{"rendered":"<p>Por Javier Nicol\u00e1s Baroli (Corresponsal LBD en R\u00edo Gallegos) En una fecha en donde lo m\u00e1s significativo fueron los homenajes al diez, se conocieron los clasificados para la fase campeonato y la fase complementaci\u00f3n de la Copa de la Liga Profesional ahora Diego Armando Maradona. 1.131 veces le\u00edda Share this:<\/p>\n","protected":false},"author":1,"featured_media":36946,"comment_status":"open","ping_status":"open","sticky":false,"template":"","format":"standard","meta":[],"categories":[4359,6,1],"tags":[85,4360,17],"_links":{"self":[{"href":"http:\/\/labestiadeportiva.com\/lbd\/wp-json\/wp\/v2\/posts\/36945"}],"collection":[{"href":"http:\/\/labestiadeportiva.com\/lbd\/wp-json\/wp\/v2\/posts"}],"about":[{"href":"http:\/\/labestiadeportiva.com\/lbd\/wp-json\/wp\/v2\/types\/post"}],"author":[{"embeddable":true,"href":"http:\/\/labestiadeportiva.com\/lbd\/wp-json\/wp\/v2\/users\/1"}],"replies":[{"embeddable":true,"href":"http:\/\/labestiadeportiva.com\/lbd\/wp-json\/wp\/v2\/comments?post=36945"}],"version-history":[{"count":3,"href":"http:\/\/labestiadeportiva.com\/lbd\/wp-json\/wp\/v2\/posts\/36945\/revisions"}],"predecessor-version":[{"id":36953,"href":"http:\/\/labestiadeportiva.com\/lbd\/wp-json\/wp\/v2\/posts\/36945\/revisions\/36953"}],"wp:featuredmedia":[{"embeddable":true,"href":"http:\/\/labestiadeportiva.com\/lbd\/wp-json\/wp\/v2\/media\/36946"}],"wp:attachment":[{"href":"http:\/\/labestiadeportiva.com\/lbd\/wp-json\/wp\/v2\/media?parent=36945"}],"wp:term":[{"taxonomy":"category","embeddable":true,"href":"http:\/\/labestiadeportiva.com\/lbd\/wp-json\/wp\/v2\/categories?post=36945"},{"taxonomy":"post_tag","embeddable":true,"href":"http:\/\/labestiadeportiva.com\/lbd\/wp-json\/wp\/v2\/tags?post=36945"}],"curies":[{"name":"wp","href":"https:\/\/api.w.org\/{rel}","templated":true}]}}