{"id":36954,"date":"2020-12-01T16:54:08","date_gmt":"2020-12-01T19:54:08","guid":{"rendered":"http:\/\/labestiadeportiva.com\/lbd\/?p=36954"},"modified":"2020-12-01T17:44:29","modified_gmt":"2020-12-01T20:44:29","slug":"inminente-regreso-al-juego-en-las-disciplinas-de-conjunto-y-novedades-en-los-deportes-de-combate-audio","status":"publish","type":"post","link":"http:\/\/labestiadeportiva.com\/lbd\/inminente-regreso-al-juego-en-las-disciplinas-de-conjunto-y-novedades-en-los-deportes-de-combate-audio\/","title":{"rendered":"Inminente regreso al juego en las disciplinas de conjunto y novedades para los deportes de combate (Audio)"},"content":{"rendered":"<p><a href=\"http:\/\/labestiadeportiva.com\/lbd\/wp-content\/uploads\/2020\/12\/IMG-20200820-WA01032-300x2311.jpg\"><img loading=\"lazy\" src=\"http:\/\/labestiadeportiva.com\/lbd\/wp-content\/uploads\/2020\/12\/IMG-20200820-WA01032-300x2311-300x231.jpg\" alt=\"IMG-20200820-WA01032-300x231\" width=\"300\" height=\"231\" class=\"aligncenter size-medium wp-image-36956\" \/><\/a>As\u00ed lo expres\u00f3 el Secretario de Deportes y Juventud Provincial Carlos Turd\u00f3. Podr\u00eda confirmarse antes del fin de semana.<\/p>\n<p>Compartimos la entrevista lograda este martes en la 100.1 Radio Provincia.<!--more--><\/p>\n<p>https:\/\/youtu.be\/HCuHNUAW5hM<\/p>\n<div class='epvc-post-count'><span class='epvc-eye'><\/span>  <span class=\"epvc-count\"> 1.186<\/span><span class='epvc-label'> veces le\u00edda<\/span><\/div>\n<div class=\"jwsharethis\">\nShare this: \n<br \/>\n<a href=\"mailto:?subject=Inminente%20regreso%20al%20juego%20en%20las%20disciplinas%20de%20conjunto%20y%20novedades%20para%20los%20deportes%20de%20combate%20%28Audio%29&amp;body=http%3A%2F%2Flabestiadeportiva.com%2Flbd%2Finminente-regreso-al-juego-en-las-disciplinas-de-conjunto-y-novedades-en-los-deportes-de-combate-audio%2F\">\n<img src=\"http:\/\/labestiadeportiva.com\/lbd\/wp-content\/plugins\/jw-share-this\/email.png\" alt=\"Share this page via Email\" \/>\n<\/a>\n<a target=\"_blank\" href=\"http:\/\/www.stumbleupon.com\/submit?url=http%3A%2F%2Flabestiadeportiva.com%2Flbd%2Finminente-regreso-al-juego-en-las-disciplinas-de-conjunto-y-novedades-en-los-deportes-de-combate-audio%2F&amp;title=Inminente+regreso+al+juego+en+las+disciplinas+de+conjunto+y+novedades+para+los+deportes+de+combate+%28Audio%29\">\n<img src=\"http:\/\/labestiadeportiva.com\/lbd\/wp-content\/plugins\/jw-share-this\/su.png\" alt=\"Share this page via Stumble Upon\" \/>\n<\/a>\n<a target=\"_blank\" href=\"http:\/\/digg.com\/submit?url=http%3A%2F%2Flabestiadeportiva.com%2Flbd%2Finminente-regreso-al-juego-en-las-disciplinas-de-conjunto-y-novedades-en-los-deportes-de-combate-audio%2F&amp;title=Inminente+regreso+al+juego+en+las+disciplinas+de+conjunto+y+novedades+para+los+deportes+de+combate+%28Audio%29\">\n<img src=\"http:\/\/labestiadeportiva.com\/lbd\/wp-content\/plugins\/jw-share-this\/digg.png\" alt=\"Share this page via Digg this\" \/>\n<\/a>\n<a target=\"_blank\" href=\"http:\/\/www.facebook.com\/sharer.php?u=http%3A%2F%2Flabestiadeportiva.com%2Flbd%2Finminente-regreso-al-juego-en-las-disciplinas-de-conjunto-y-novedades-en-los-deportes-de-combate-audio%2F&amp;t=Inminente+regreso+al+juego+en+las+disciplinas+de+conjunto+y+novedades+para+los+deportes+de+combate+%28Audio%29\">\n<img src=\"http:\/\/labestiadeportiva.com\/lbd\/wp-content\/plugins\/jw-share-this\/fb.png\" alt=\"Share this page via Facebook\" \/>\n<\/a>\n<a target=\"_blank\" href=\"http:\/\/twitter.com\/intent\/tweet?text=I+like+http%3A%2F%2Flabestiadeportiva.com%2Flbd%2Finminente-regreso-al-juego-en-las-disciplinas-de-conjunto-y-novedades-en-los-deportes-de-combate-audio%2F&amp;title=Inminente+regreso+al+juego+en+las+disciplinas+de+conjunto+y+novedades+para+los+deportes+de+combate+%28Audio%29\">\n<img src=\"http:\/\/labestiadeportiva.com\/lbd\/wp-content\/plugins\/jw-share-this\/twitter.png\" alt=\"Share this page via Twitter\" \/>\n<\/a>\n<\/div>\n","protected":false},"excerpt":{"rendered":"<p>As\u00ed lo expres\u00f3 el Secretario de Deportes y Juventud Provincial Carlos Turd\u00f3. Podr\u00eda confirmarse antes del fin de semana. Compartimos la entrevista lograda este martes en la 100.1 Radio Provincia. 1.186 veces le\u00edda Share this:<\/p>\n","protected":false},"author":1,"featured_media":36955,"comment_status":"open","ping_status":"open","sticky":false,"template":"","format":"standard","meta":[],"categories":[5,60,1,3555],"tags":[4838,3660,612,4112],"_links":{"self":[{"href":"http:\/\/labestiadeportiva.com\/lbd\/wp-json\/wp\/v2\/posts\/36954"}],"collection":[{"href":"http:\/\/labestiadeportiva.com\/lbd\/wp-json\/wp\/v2\/posts"}],"about":[{"href":"http:\/\/labestiadeportiva.com\/lbd\/wp-json\/wp\/v2\/types\/post"}],"author":[{"embeddable":true,"href":"http:\/\/labestiadeportiva.com\/lbd\/wp-json\/wp\/v2\/users\/1"}],"replies":[{"embeddable":true,"href":"http:\/\/labestiadeportiva.com\/lbd\/wp-json\/wp\/v2\/comments?post=36954"}],"version-history":[{"count":2,"href":"http:\/\/labestiadeportiva.com\/lbd\/wp-json\/wp\/v2\/posts\/36954\/revisions"}],"predecessor-version":[{"id":36958,"href":"http:\/\/labestiadeportiva.com\/lbd\/wp-json\/wp\/v2\/posts\/36954\/revisions\/36958"}],"wp:featuredmedia":[{"embeddable":true,"href":"http:\/\/labestiadeportiva.com\/lbd\/wp-json\/wp\/v2\/media\/36955"}],"wp:attachment":[{"href":"http:\/\/labestiadeportiva.com\/lbd\/wp-json\/wp\/v2\/media?parent=36954"}],"wp:term":[{"taxonomy":"category","embeddable":true,"href":"http:\/\/labestiadeportiva.com\/lbd\/wp-json\/wp\/v2\/categories?post=36954"},{"taxonomy":"post_tag","embeddable":true,"href":"http:\/\/labestiadeportiva.com\/lbd\/wp-json\/wp\/v2\/tags?post=36954"}],"curies":[{"name":"wp","href":"https:\/\/api.w.org\/{rel}","templated":true}]}}