{"id":37022,"date":"2020-12-09T23:55:27","date_gmt":"2020-12-10T02:55:27","guid":{"rendered":"http:\/\/labestiadeportiva.com\/lbd\/?p=37022"},"modified":"2020-12-10T00:01:35","modified_gmt":"2020-12-10T03:01:35","slug":"arranca-barrilete-cosmico","status":"publish","type":"post","link":"http:\/\/labestiadeportiva.com\/lbd\/arranca-barrilete-cosmico\/","title":{"rendered":"Arranca \u00abBarrilete C\u00f3smico\u00bb"},"content":{"rendered":"<p><a href=\"http:\/\/labestiadeportiva.com\/lbd\/wp-content\/uploads\/2020\/12\/IMG-20201209-WA0064.jpg\"><img loading=\"lazy\" class=\"aligncenter size-medium wp-image-37026\" src=\"http:\/\/labestiadeportiva.com\/lbd\/wp-content\/uploads\/2020\/12\/IMG-20201209-WA0064-240x300.jpg\" alt=\"IMG-20201209-WA0064\" width=\"240\" height=\"300\" srcset=\"http:\/\/labestiadeportiva.com\/lbd\/wp-content\/uploads\/2020\/12\/IMG-20201209-WA0064-240x300.jpg 240w, http:\/\/labestiadeportiva.com\/lbd\/wp-content\/uploads\/2020\/12\/IMG-20201209-WA0064-819x1024.jpg 819w, http:\/\/labestiadeportiva.com\/lbd\/wp-content\/uploads\/2020\/12\/IMG-20201209-WA0064.jpg 1024w\" sizes=\"(max-width: 240px) 100vw, 240px\" \/><\/a>De la mano del IMD se pondr\u00e1 en marcha este jueves el torneo de f\u00fatbol infantil en homenaje al 10.<\/p>\n<p>Se extender\u00e1 hasta el domingo 20 de diciembre. M\u00e1s de 600 inscriptos enrolados en 51 equipos.<\/p>\n<p>Desde LBD, los detalles.<\/p>\n<p><!--more--><\/p>\n<p>Competir\u00e1n 4 categor\u00edas, sub 7, sub 9, sub 11 y sub 13 con conjuntos masculinos femeninos y mixtos.<\/p>\n<p>Los m\u00e1s peque\u00f1os se presentar\u00e1n en los playones de Monte Gallinero, La Cantera, \u00abChoconcito\u00bb, karek\u00e9n y Hern\u00e1n Schulz.<\/p>\n<p>El sub 11 actuar\u00e1 en la cancha de c\u00e9sped natural Oscar \u00abCocol\u00bb G\u00f3mez mientras que el segmento mayor lo har\u00e1 en el sint\u00e9tico \u00abHugo Lumbreras\u00bb<\/p>\n<p>En cuanto al primer d\u00eda de juego se iniciar\u00e1 a las 15.45 horas con 12 partidos, cuatro por play\u00f3n, sub 7 en Karek\u00e9n mientras que el sub 9 tendr\u00e1 dos escenarios Monte Gallinero y La Cantera.<\/p>\n<p>Los m\u00e1s grandecitos iniciar\u00e1n la Copa el d\u00eda viernes. Desde la organizaci\u00f3n se inform\u00f3 que s\u00e1bado y domingo se realizar\u00e1 doble fecha para todos.<\/p>\n<p><a href=\"http:\/\/labestiadeportiva.com\/lbd\/wp-content\/uploads\/2020\/12\/Screenshot_20201209-2343033.png\"><img loading=\"lazy\" class=\"aligncenter size-medium wp-image-37023\" src=\"http:\/\/labestiadeportiva.com\/lbd\/wp-content\/uploads\/2020\/12\/Screenshot_20201209-2343033-300x53.png\" alt=\"Screenshot_20201209-234303~3\" width=\"300\" height=\"53\" srcset=\"http:\/\/labestiadeportiva.com\/lbd\/wp-content\/uploads\/2020\/12\/Screenshot_20201209-2343033-300x53.png 300w, http:\/\/labestiadeportiva.com\/lbd\/wp-content\/uploads\/2020\/12\/Screenshot_20201209-2343033.png 868w\" sizes=\"(max-width: 300px) 100vw, 300px\" \/><\/a><\/p>\n<p><a href=\"http:\/\/labestiadeportiva.com\/lbd\/wp-content\/uploads\/2020\/12\/Screenshot_20201209-2330252.png\"><img loading=\"lazy\" class=\"aligncenter size-medium wp-image-37024\" src=\"http:\/\/labestiadeportiva.com\/lbd\/wp-content\/uploads\/2020\/12\/Screenshot_20201209-2330252-300x68.png\" alt=\"Screenshot_20201209-233025~2\" width=\"300\" height=\"68\" srcset=\"http:\/\/labestiadeportiva.com\/lbd\/wp-content\/uploads\/2020\/12\/Screenshot_20201209-2330252-300x68.png 300w, http:\/\/labestiadeportiva.com\/lbd\/wp-content\/uploads\/2020\/12\/Screenshot_20201209-2330252-1024x232.png 1024w, http:\/\/labestiadeportiva.com\/lbd\/wp-content\/uploads\/2020\/12\/Screenshot_20201209-2330252.png 1080w\" sizes=\"(max-width: 300px) 100vw, 300px\" \/><\/a><\/p>\n<p><a href=\"http:\/\/labestiadeportiva.com\/lbd\/wp-content\/uploads\/2020\/12\/Screenshot_20201209-2343032.png\"><img loading=\"lazy\" class=\"aligncenter size-medium wp-image-37025\" src=\"http:\/\/labestiadeportiva.com\/lbd\/wp-content\/uploads\/2020\/12\/Screenshot_20201209-2343032-300x180.png\" alt=\"Screenshot_20201209-234303~2\" width=\"300\" height=\"180\" srcset=\"http:\/\/labestiadeportiva.com\/lbd\/wp-content\/uploads\/2020\/12\/Screenshot_20201209-2343032-300x180.png 300w, http:\/\/labestiadeportiva.com\/lbd\/wp-content\/uploads\/2020\/12\/Screenshot_20201209-2343032.png 849w\" sizes=\"(max-width: 300px) 100vw, 300px\" \/><\/a><\/p>\n<div class='epvc-post-count'><span class='epvc-eye'><\/span>  <span class=\"epvc-count\"> 1.103<\/span><span class='epvc-label'> veces le\u00edda<\/span><\/div>\n<div class=\"jwsharethis\">\nShare this: \n<br \/>\n<a href=\"mailto:?subject=Arranca%20%C2%ABBarrilete%20C%C3%B3smico%C2%BB&amp;body=http%3A%2F%2Flabestiadeportiva.com%2Flbd%2Farranca-barrilete-cosmico%2F\">\n<img src=\"http:\/\/labestiadeportiva.com\/lbd\/wp-content\/plugins\/jw-share-this\/email.png\" alt=\"Share this page via Email\" \/>\n<\/a>\n<a target=\"_blank\" href=\"http:\/\/www.stumbleupon.com\/submit?url=http%3A%2F%2Flabestiadeportiva.com%2Flbd%2Farranca-barrilete-cosmico%2F&amp;title=Arranca+%C2%ABBarrilete+C%C3%B3smico%C2%BB\">\n<img src=\"http:\/\/labestiadeportiva.com\/lbd\/wp-content\/plugins\/jw-share-this\/su.png\" alt=\"Share this page via Stumble Upon\" \/>\n<\/a>\n<a target=\"_blank\" href=\"http:\/\/digg.com\/submit?url=http%3A%2F%2Flabestiadeportiva.com%2Flbd%2Farranca-barrilete-cosmico%2F&amp;title=Arranca+%C2%ABBarrilete+C%C3%B3smico%C2%BB\">\n<img src=\"http:\/\/labestiadeportiva.com\/lbd\/wp-content\/plugins\/jw-share-this\/digg.png\" alt=\"Share this page via Digg this\" \/>\n<\/a>\n<a target=\"_blank\" href=\"http:\/\/www.facebook.com\/sharer.php?u=http%3A%2F%2Flabestiadeportiva.com%2Flbd%2Farranca-barrilete-cosmico%2F&amp;t=Arranca+%C2%ABBarrilete+C%C3%B3smico%C2%BB\">\n<img src=\"http:\/\/labestiadeportiva.com\/lbd\/wp-content\/plugins\/jw-share-this\/fb.png\" alt=\"Share this page via Facebook\" \/>\n<\/a>\n<a target=\"_blank\" href=\"http:\/\/twitter.com\/intent\/tweet?text=I+like+http%3A%2F%2Flabestiadeportiva.com%2Flbd%2Farranca-barrilete-cosmico%2F&amp;title=Arranca+%C2%ABBarrilete+C%C3%B3smico%C2%BB\">\n<img src=\"http:\/\/labestiadeportiva.com\/lbd\/wp-content\/plugins\/jw-share-this\/twitter.png\" alt=\"Share this page via Twitter\" \/>\n<\/a>\n<\/div>\n","protected":false},"excerpt":{"rendered":"<p>De la mano del IMD se pondr\u00e1 en marcha este jueves el torneo de f\u00fatbol infantil en homenaje al 10. Se extender\u00e1 hasta el domingo 20 de diciembre. M\u00e1s de 600 inscriptos enrolados en 51 equipos. Desde LBD, los detalles. 1.103 veces le\u00edda Share this:<\/p>\n","protected":false},"author":1,"featured_media":37026,"comment_status":"open","ping_status":"open","sticky":false,"template":"","format":"standard","meta":[],"categories":[5,4370,2651,1],"tags":[4372,4371,3834,3660],"_links":{"self":[{"href":"http:\/\/labestiadeportiva.com\/lbd\/wp-json\/wp\/v2\/posts\/37022"}],"collection":[{"href":"http:\/\/labestiadeportiva.com\/lbd\/wp-json\/wp\/v2\/posts"}],"about":[{"href":"http:\/\/labestiadeportiva.com\/lbd\/wp-json\/wp\/v2\/types\/post"}],"author":[{"embeddable":true,"href":"http:\/\/labestiadeportiva.com\/lbd\/wp-json\/wp\/v2\/users\/1"}],"replies":[{"embeddable":true,"href":"http:\/\/labestiadeportiva.com\/lbd\/wp-json\/wp\/v2\/comments?post=37022"}],"version-history":[{"count":3,"href":"http:\/\/labestiadeportiva.com\/lbd\/wp-json\/wp\/v2\/posts\/37022\/revisions"}],"predecessor-version":[{"id":37029,"href":"http:\/\/labestiadeportiva.com\/lbd\/wp-json\/wp\/v2\/posts\/37022\/revisions\/37029"}],"wp:featuredmedia":[{"embeddable":true,"href":"http:\/\/labestiadeportiva.com\/lbd\/wp-json\/wp\/v2\/media\/37026"}],"wp:attachment":[{"href":"http:\/\/labestiadeportiva.com\/lbd\/wp-json\/wp\/v2\/media?parent=37022"}],"wp:term":[{"taxonomy":"category","embeddable":true,"href":"http:\/\/labestiadeportiva.com\/lbd\/wp-json\/wp\/v2\/categories?post=37022"},{"taxonomy":"post_tag","embeddable":true,"href":"http:\/\/labestiadeportiva.com\/lbd\/wp-json\/wp\/v2\/tags?post=37022"}],"curies":[{"name":"wp","href":"https:\/\/api.w.org\/{rel}","templated":true}]}}