{"id":37031,"date":"2020-12-10T10:59:50","date_gmt":"2020-12-10T13:59:50","guid":{"rendered":"http:\/\/labestiadeportiva.com\/lbd\/?p=37031"},"modified":"2020-12-10T11:02:39","modified_gmt":"2020-12-10T14:02:39","slug":"boca-a-cuartos-2","status":"publish","type":"post","link":"http:\/\/labestiadeportiva.com\/lbd\/boca-a-cuartos-2\/","title":{"rendered":"Boca a Cuartos"},"content":{"rendered":"<p>Por Javier Nicol\u00e1s Baroli (Corresponsal LBD en R\u00edo Gallegos)<\/p>\n<p><a href=\"http:\/\/labestiadeportiva.com\/lbd\/wp-content\/uploads\/2020\/12\/IMG-20201210-WA0019.jpg\"><img loading=\"lazy\" src=\"http:\/\/labestiadeportiva.com\/lbd\/wp-content\/uploads\/2020\/12\/IMG-20201210-WA0019-300x300.jpg\" alt=\"IMG-20201210-WA0019\" width=\"300\" height=\"300\" class=\"aligncenter size-medium wp-image-37032\" srcset=\"http:\/\/labestiadeportiva.com\/lbd\/wp-content\/uploads\/2020\/12\/IMG-20201210-WA0019-300x300.jpg 300w, http:\/\/labestiadeportiva.com\/lbd\/wp-content\/uploads\/2020\/12\/IMG-20201210-WA0019-150x150.jpg 150w, http:\/\/labestiadeportiva.com\/lbd\/wp-content\/uploads\/2020\/12\/IMG-20201210-WA0019-160x160.jpg 160w, http:\/\/labestiadeportiva.com\/lbd\/wp-content\/uploads\/2020\/12\/IMG-20201210-WA0019-320x320.jpg 320w, http:\/\/labestiadeportiva.com\/lbd\/wp-content\/uploads\/2020\/12\/IMG-20201210-WA0019-60x60.jpg 60w, http:\/\/labestiadeportiva.com\/lbd\/wp-content\/uploads\/2020\/12\/IMG-20201210-WA0019.jpg 340w\" sizes=\"(max-width: 300px) 100vw, 300px\" \/><\/a><br \/>\nSin sobrarle nada y siendo superado los 90 minutos, por penales, el \u00abXeneize\u00bb se meti\u00f3 en los cuartos de final de la Copa Libertadores tras superar a \u00cdnter de Porto Alegre.<!--more--><\/p>\n<p>Boca pas\u00f3 a cuartos pero no sin antes sufrir en los penales y jugar tal vez su peor partido del certamen.<\/p>\n<p>Inter lo super\u00f3 desde principio a fin y hasta mereci\u00f3 ganar durante el tiempo reglamentario. Pero como pasa en este deporte, carente de l\u00f3gica, muchas veces los que menos merecen el triunfo son quienes se lo llevan y as\u00ed fue en el m\u00edtico Alberto J. Armando.<\/p>\n<p>Fueron los de Porto Alegre quienes durante el tiempo regular lograron ponerse arriba en el marcador con gol de Fabra en contra, pero antes hab\u00edan tenido no menos de cuatro situaciones claras de gol, que incluyo un remate en el palo, para sentenciar la llave. <\/p>\n<p>Pero la m\u00edstica copera de Boca pudo m\u00e1s que esta situaci\u00f3n y meti\u00f3 a los dirigidos por Russo en cuartos en donde se ver\u00e1 las caras con el Racing de Beccacece y compa\u00f1\u00eda en lo que promete ser una serie apasionante.<\/p>\n<p>La misma comenzar\u00e1 la semana pr\u00f3xima el 16 de diciembre a las 21:30 horas en el \u00abCilindro\u00bb de Avellaneda y se definir\u00e1 siete d\u00edas despu\u00e9s, el 23 de diciembre a la misma hora en la \u00abBombonera\u00bb.<\/p>\n<div class='epvc-post-count'><span class='epvc-eye'><\/span>  <span class=\"epvc-count\"> 1.007<\/span><span class='epvc-label'> veces le\u00edda<\/span><\/div>\n<div class=\"jwsharethis\">\nShare this: \n<br \/>\n<a href=\"mailto:?subject=Boca%20a%20Cuartos&amp;body=http%3A%2F%2Flabestiadeportiva.com%2Flbd%2Fboca-a-cuartos-2%2F\">\n<img src=\"http:\/\/labestiadeportiva.com\/lbd\/wp-content\/plugins\/jw-share-this\/email.png\" alt=\"Share this page via Email\" \/>\n<\/a>\n<a target=\"_blank\" href=\"http:\/\/www.stumbleupon.com\/submit?url=http%3A%2F%2Flabestiadeportiva.com%2Flbd%2Fboca-a-cuartos-2%2F&amp;title=Boca+a+Cuartos\">\n<img src=\"http:\/\/labestiadeportiva.com\/lbd\/wp-content\/plugins\/jw-share-this\/su.png\" alt=\"Share this page via Stumble Upon\" \/>\n<\/a>\n<a target=\"_blank\" href=\"http:\/\/digg.com\/submit?url=http%3A%2F%2Flabestiadeportiva.com%2Flbd%2Fboca-a-cuartos-2%2F&amp;title=Boca+a+Cuartos\">\n<img src=\"http:\/\/labestiadeportiva.com\/lbd\/wp-content\/plugins\/jw-share-this\/digg.png\" alt=\"Share this page via Digg this\" \/>\n<\/a>\n<a target=\"_blank\" href=\"http:\/\/www.facebook.com\/sharer.php?u=http%3A%2F%2Flabestiadeportiva.com%2Flbd%2Fboca-a-cuartos-2%2F&amp;t=Boca+a+Cuartos\">\n<img src=\"http:\/\/labestiadeportiva.com\/lbd\/wp-content\/plugins\/jw-share-this\/fb.png\" alt=\"Share this page via Facebook\" \/>\n<\/a>\n<a target=\"_blank\" href=\"http:\/\/twitter.com\/intent\/tweet?text=I+like+http%3A%2F%2Flabestiadeportiva.com%2Flbd%2Fboca-a-cuartos-2%2F&amp;title=Boca+a+Cuartos\">\n<img src=\"http:\/\/labestiadeportiva.com\/lbd\/wp-content\/plugins\/jw-share-this\/twitter.png\" alt=\"Share this page via Twitter\" \/>\n<\/a>\n<\/div>\n","protected":false},"excerpt":{"rendered":"<p>Por Javier Nicol\u00e1s Baroli (Corresponsal LBD en R\u00edo Gallegos) Sin sobrarle nada y siendo superado los 90 minutos, por penales, el \u00abXeneize\u00bb se meti\u00f3 en los cuartos de final de la Copa Libertadores tras superar a \u00cdnter de Porto Alegre. 1.007 veces le\u00edda Share this:<\/p>\n","protected":false},"author":1,"featured_media":37032,"comment_status":"open","ping_status":"open","sticky":false,"template":"","format":"standard","meta":[],"categories":[4311,4,14,1],"tags":[4373,465,4830],"_links":{"self":[{"href":"http:\/\/labestiadeportiva.com\/lbd\/wp-json\/wp\/v2\/posts\/37031"}],"collection":[{"href":"http:\/\/labestiadeportiva.com\/lbd\/wp-json\/wp\/v2\/posts"}],"about":[{"href":"http:\/\/labestiadeportiva.com\/lbd\/wp-json\/wp\/v2\/types\/post"}],"author":[{"embeddable":true,"href":"http:\/\/labestiadeportiva.com\/lbd\/wp-json\/wp\/v2\/users\/1"}],"replies":[{"embeddable":true,"href":"http:\/\/labestiadeportiva.com\/lbd\/wp-json\/wp\/v2\/comments?post=37031"}],"version-history":[{"count":2,"href":"http:\/\/labestiadeportiva.com\/lbd\/wp-json\/wp\/v2\/posts\/37031\/revisions"}],"predecessor-version":[{"id":37034,"href":"http:\/\/labestiadeportiva.com\/lbd\/wp-json\/wp\/v2\/posts\/37031\/revisions\/37034"}],"wp:featuredmedia":[{"embeddable":true,"href":"http:\/\/labestiadeportiva.com\/lbd\/wp-json\/wp\/v2\/media\/37032"}],"wp:attachment":[{"href":"http:\/\/labestiadeportiva.com\/lbd\/wp-json\/wp\/v2\/media?parent=37031"}],"wp:term":[{"taxonomy":"category","embeddable":true,"href":"http:\/\/labestiadeportiva.com\/lbd\/wp-json\/wp\/v2\/categories?post=37031"},{"taxonomy":"post_tag","embeddable":true,"href":"http:\/\/labestiadeportiva.com\/lbd\/wp-json\/wp\/v2\/tags?post=37031"}],"curies":[{"name":"wp","href":"https:\/\/api.w.org\/{rel}","templated":true}]}}