{"id":37224,"date":"2021-01-03T20:31:35","date_gmt":"2021-01-03T23:31:35","guid":{"rendered":"http:\/\/labestiadeportiva.com\/lbd\/?p=37224"},"modified":"2021-01-03T20:31:35","modified_gmt":"2021-01-03T23:31:35","slug":"sainz-se-pone-lider-en-autos","status":"publish","type":"post","link":"http:\/\/labestiadeportiva.com\/lbd\/sainz-se-pone-lider-en-autos\/","title":{"rendered":"Sainz se pone l\u00edder en autos"},"content":{"rendered":"<p>Por Daniel Campos ( (Corresponsal LBD en Palma de Mallorca, Espa\u00f1a)<\/p>\n<p><a href=\"http:\/\/labestiadeportiva.com\/lbd\/wp-content\/uploads\/2021\/01\/300-heli.jpg\"><img loading=\"lazy\" src=\"http:\/\/labestiadeportiva.com\/lbd\/wp-content\/uploads\/2021\/01\/300-heli-300x169.jpg\" alt=\"300+heli\" width=\"300\" height=\"169\" class=\"aligncenter size-medium wp-image-37225\" srcset=\"http:\/\/labestiadeportiva.com\/lbd\/wp-content\/uploads\/2021\/01\/300-heli-300x169.jpg 300w, http:\/\/labestiadeportiva.com\/lbd\/wp-content\/uploads\/2021\/01\/300-heli.jpg 990w\" sizes=\"(max-width: 300px) 100vw, 300px\" \/><\/a><br \/>\nA pesar de los primeros contratiempos en la etapa Pr\u00f3logo, el piloto espa\u00f1ol Carlos Sainz se impuso en la primera etapa de la 43\u00aa edici\u00f3n del Dakar, a bordo del Mini X-Raid, con la asistencia como navegante del catal\u00e1n, Lucas Cruz. <!--more--><\/p>\n<p>De esta manera, el madrile\u00f1o se pone al frente de la clasificaci\u00f3n general de la prueba. En una primera etapa, muy peleada, el hombre del equipo Mini luch\u00f3 kil\u00f3metros a kil\u00f3metro con su compa\u00f1ero de escuadra Peterhansel, a pesar de salir muy atr\u00e1s, en Jeddah. <\/p>\n<p>Parti\u00f3 en el lugar vig\u00e9simo octavo, y el auto n\u00famero 300 puso rumbo a Bisha, pisando fuerte el acelerador. Un pinchazo en el primer tercio del tramo y un fallo en la navegaci\u00f3n, le permiti\u00f3 a Peterhansel adelantar a Sainz, pero, poco a poco, la diferencia de m\u00e1s de tres minutos fue descontada por el ganador de la edici\u00f3n pasada, hasta quedarse con la primera etapa. <\/p>\n<p>Al \u2013Attiyah con Toyota, no pudo  aprovechar la ventaja de salir primero, y sufri\u00f3 m\u00e1s de la cuenta, con problemas en la navegaci\u00f3n, acabando a m\u00e1s de doce minutos por detr\u00e1s del ganador de la jornada. <\/p>\n<p>En motos tambi\u00e9n hubo sorpresas, Toby Price con KTM apost\u00f3 fuerte desde el principio en plantarle cara a los hombres de Honda, y se impuso en la etapa, encabezando as\u00ed la general en dos ruedas. <\/p>\n<p>Uno que imit\u00f3 la estrategia del representante de la casa austr\u00edaca fue Kevin Benavides quien defendi\u00f3 el honor de la firma japonesa, y acab\u00f3 segundo a escaso medio minuto del australiano. <\/p>\n<p>Siempre en motos, la representaci\u00f3n argentina realiz\u00f3 un papel destacado y lleg\u00f3 a Bisha tras sortear caminos r\u00e1pidos con mucha piedra. Franco Caimi con Yamaha, termin\u00f3 en s\u00e9ptimo lugar y la novena plaza fue para Luciano Benavides con Husqvarna. <\/p>\n<p>Siguiendo con la motos, esta vez los quads, el franc\u00e9s Giroud se qued\u00f3 con la etapa y es l\u00edder de la prueba. En este apartado los argentinos Nicol\u00e1s Caviglaso y Manuel Andujar acabaron cuarto y quinto respectivamente, en tanto Santiago Hansen lleg\u00f3 en und\u00e9cimo lugar y Tobias Carrizo decimocuarto. <\/p>\n<p>En la categor\u00eda SSV, el ganador de etapa fue la dupla formada por el norteamericano Austin Jones y el brasile\u00f1o Gustavo Gugelmin, a bordo de un Monster Energy Can \u2013Am. <\/p>\n<p>Reci\u00e9n en el puesto 15\u00ba encontramos al argentino Ricardo Adrian Torlaschi, como copiloto del ecuatoriano Sebastian Guayasamin, piloto de un Xtremeplus Polaris oficial, mientras tanto otro navegante nacional es Juan Silva que acompa\u00f1a al espa\u00f1ol Gael Queralt en un FN Speed Team. <\/p>\n<p>Para cerrar este informe de hoy, en camiones, el Kamaz n\u00famero 507 de Sotnikov-Akhmadeev-Akhmetzianov, venci\u00f3 en la primera etapa y comanda la general. <\/p>\n<p>Ma\u00f1ana se disputar\u00e1 la segunda etapa entre Bisha y Wadi Ad-Dawasir, ser\u00e1n 685 kilometros en total con 457 kil\u00f3metros de tramo especial. Llegan las dunas del desierto abierto y fuera de pista. <\/p>\n<div class='epvc-post-count'><span class='epvc-eye'><\/span>  <span class=\"epvc-count\"> 946<\/span><span class='epvc-label'> veces le\u00edda<\/span><\/div>\n<div class=\"jwsharethis\">\nShare this: \n<br \/>\n<a href=\"mailto:?subject=Sainz%20se%20pone%20l%C3%ADder%20en%20autos&amp;body=http%3A%2F%2Flabestiadeportiva.com%2Flbd%2Fsainz-se-pone-lider-en-autos%2F\">\n<img src=\"http:\/\/labestiadeportiva.com\/lbd\/wp-content\/plugins\/jw-share-this\/email.png\" alt=\"Share this page via Email\" \/>\n<\/a>\n<a target=\"_blank\" href=\"http:\/\/www.stumbleupon.com\/submit?url=http%3A%2F%2Flabestiadeportiva.com%2Flbd%2Fsainz-se-pone-lider-en-autos%2F&amp;title=Sainz+se+pone+l%C3%ADder+en+autos\">\n<img src=\"http:\/\/labestiadeportiva.com\/lbd\/wp-content\/plugins\/jw-share-this\/su.png\" alt=\"Share this page via Stumble Upon\" \/>\n<\/a>\n<a target=\"_blank\" href=\"http:\/\/digg.com\/submit?url=http%3A%2F%2Flabestiadeportiva.com%2Flbd%2Fsainz-se-pone-lider-en-autos%2F&amp;title=Sainz+se+pone+l%C3%ADder+en+autos\">\n<img src=\"http:\/\/labestiadeportiva.com\/lbd\/wp-content\/plugins\/jw-share-this\/digg.png\" alt=\"Share this page via Digg this\" \/>\n<\/a>\n<a target=\"_blank\" href=\"http:\/\/www.facebook.com\/sharer.php?u=http%3A%2F%2Flabestiadeportiva.com%2Flbd%2Fsainz-se-pone-lider-en-autos%2F&amp;t=Sainz+se+pone+l%C3%ADder+en+autos\">\n<img src=\"http:\/\/labestiadeportiva.com\/lbd\/wp-content\/plugins\/jw-share-this\/fb.png\" alt=\"Share this page via Facebook\" \/>\n<\/a>\n<a target=\"_blank\" href=\"http:\/\/twitter.com\/intent\/tweet?text=I+like+http%3A%2F%2Flabestiadeportiva.com%2Flbd%2Fsainz-se-pone-lider-en-autos%2F&amp;title=Sainz+se+pone+l%C3%ADder+en+autos\">\n<img src=\"http:\/\/labestiadeportiva.com\/lbd\/wp-content\/plugins\/jw-share-this\/twitter.png\" alt=\"Share this page via Twitter\" \/>\n<\/a>\n<\/div>\n","protected":false},"excerpt":{"rendered":"<p>Por Daniel Campos ( (Corresponsal LBD en Palma de Mallorca, Espa\u00f1a) A pesar de los primeros contratiempos en la etapa Pr\u00f3logo, el piloto espa\u00f1ol Carlos Sainz se impuso en la primera etapa de la 43\u00aa edici\u00f3n del Dakar, a bordo del Mini X-Raid, con la asistencia como navegante del catal\u00e1n, Lucas Cruz. 946 veces le\u00edda &hellip; <a href=\"http:\/\/labestiadeportiva.com\/lbd\/sainz-se-pone-lider-en-autos\/\" class=\"more-link\">Seguir leyendo <span class=\"screen-reader-text\">Sainz se pone l\u00edder en autos<\/span> <span class=\"meta-nav\">&rarr;<\/span><\/a><\/p>\n","protected":false},"author":1,"featured_media":37225,"comment_status":"open","ping_status":"open","sticky":false,"template":"","format":"standard","meta":[],"categories":[2176,4394,4,1],"tags":[86,4395,3442,3660],"_links":{"self":[{"href":"http:\/\/labestiadeportiva.com\/lbd\/wp-json\/wp\/v2\/posts\/37224"}],"collection":[{"href":"http:\/\/labestiadeportiva.com\/lbd\/wp-json\/wp\/v2\/posts"}],"about":[{"href":"http:\/\/labestiadeportiva.com\/lbd\/wp-json\/wp\/v2\/types\/post"}],"author":[{"embeddable":true,"href":"http:\/\/labestiadeportiva.com\/lbd\/wp-json\/wp\/v2\/users\/1"}],"replies":[{"embeddable":true,"href":"http:\/\/labestiadeportiva.com\/lbd\/wp-json\/wp\/v2\/comments?post=37224"}],"version-history":[{"count":1,"href":"http:\/\/labestiadeportiva.com\/lbd\/wp-json\/wp\/v2\/posts\/37224\/revisions"}],"predecessor-version":[{"id":37226,"href":"http:\/\/labestiadeportiva.com\/lbd\/wp-json\/wp\/v2\/posts\/37224\/revisions\/37226"}],"wp:featuredmedia":[{"embeddable":true,"href":"http:\/\/labestiadeportiva.com\/lbd\/wp-json\/wp\/v2\/media\/37225"}],"wp:attachment":[{"href":"http:\/\/labestiadeportiva.com\/lbd\/wp-json\/wp\/v2\/media?parent=37224"}],"wp:term":[{"taxonomy":"category","embeddable":true,"href":"http:\/\/labestiadeportiva.com\/lbd\/wp-json\/wp\/v2\/categories?post=37224"},{"taxonomy":"post_tag","embeddable":true,"href":"http:\/\/labestiadeportiva.com\/lbd\/wp-json\/wp\/v2\/tags?post=37224"}],"curies":[{"name":"wp","href":"https:\/\/api.w.org\/{rel}","templated":true}]}}