{"id":37275,"date":"2021-01-07T16:52:55","date_gmt":"2021-01-07T19:52:55","guid":{"rendered":"http:\/\/labestiadeportiva.com\/lbd\/?p=37275"},"modified":"2021-01-07T16:52:55","modified_gmt":"2021-01-07T19:52:55","slug":"el-imd-abre-inscripciones-para-las-escuelas-de-temporada","status":"publish","type":"post","link":"http:\/\/labestiadeportiva.com\/lbd\/el-imd-abre-inscripciones-para-las-escuelas-de-temporada\/","title":{"rendered":"El IMD abre inscripciones para las Escuelas de Temporada"},"content":{"rendered":"<p><a href=\"http:\/\/labestiadeportiva.com\/lbd\/wp-content\/uploads\/2021\/01\/Screenshot_20210107-1636122.png\"><img loading=\"lazy\" class=\"aligncenter size-medium wp-image-37276\" src=\"http:\/\/labestiadeportiva.com\/lbd\/wp-content\/uploads\/2021\/01\/Screenshot_20210107-1636122-204x300.png\" alt=\"Screenshot_20210107-163612~2\" width=\"204\" height=\"300\" srcset=\"http:\/\/labestiadeportiva.com\/lbd\/wp-content\/uploads\/2021\/01\/Screenshot_20210107-1636122-204x300.png 204w, http:\/\/labestiadeportiva.com\/lbd\/wp-content\/uploads\/2021\/01\/Screenshot_20210107-1636122-697x1024.png 697w, http:\/\/labestiadeportiva.com\/lbd\/wp-content\/uploads\/2021\/01\/Screenshot_20210107-1636122.png 1005w\" sizes=\"(max-width: 204px) 100vw, 204px\" \/><\/a>Ser\u00e1 en forma virtual desde este lunes 11 a las 14 horas. La propuesta ser\u00e1 amplia para ni\u00f1os y jovenes. Cupos limitados seg\u00fan espacio f\u00edsico. Las acciones comenzar\u00e1n el lunes 18. Desde LBD, los detalles.<!--more--><\/p>\n<p>Las inscripciones se llevar\u00e1n a cabo a trav\u00e9s de la p\u00e1gina de Facebook del IMD, https:\/\/www.facebook.com\/Instituto-Municipal-de-Deportes-Ushuaia-<\/p>\n<p>Podr\u00e1n anotarse en Kayak, Pat\u00edn en l\u00ednea, Trail running, Mountain Bike, Atletismo, Taekwondo, B\u00e1squet Femenino, Futsal Femenino, Futsal Masculino, Beach V\u00f3ley mixto, V\u00f3ley mixto, V\u00f3ley Femenino, Gimnasia art\u00edstica y deportiva, y Fit Boxing.<\/p>\n<p>Las actividades se desarrollan respetando el protocolo sanitario vigente, siendo obligatorio el uso de tapabocas, alcohol en gel.<\/p>\n<p>Asimismo en caso de tener s\u00edntomas, los padres o adultos responsables deber\u00e1n comunicarlo, a pesar de haber obtenido la vacante.<\/p>\n<div class='epvc-post-count'><span class='epvc-eye'><\/span>  <span class=\"epvc-count\"> 1.027<\/span><span class='epvc-label'> veces le\u00edda<\/span><\/div>\n<div class=\"jwsharethis\">\nShare this: \n<br \/>\n<a href=\"mailto:?subject=El%20IMD%20abre%20inscripciones%20para%20las%20Escuelas%20de%20Temporada&amp;body=http%3A%2F%2Flabestiadeportiva.com%2Flbd%2Fel-imd-abre-inscripciones-para-las-escuelas-de-temporada%2F\">\n<img src=\"http:\/\/labestiadeportiva.com\/lbd\/wp-content\/plugins\/jw-share-this\/email.png\" alt=\"Share this page via Email\" \/>\n<\/a>\n<a target=\"_blank\" href=\"http:\/\/www.stumbleupon.com\/submit?url=http%3A%2F%2Flabestiadeportiva.com%2Flbd%2Fel-imd-abre-inscripciones-para-las-escuelas-de-temporada%2F&amp;title=El+IMD+abre+inscripciones+para+las+Escuelas+de+Temporada\">\n<img src=\"http:\/\/labestiadeportiva.com\/lbd\/wp-content\/plugins\/jw-share-this\/su.png\" alt=\"Share this page via Stumble Upon\" \/>\n<\/a>\n<a target=\"_blank\" href=\"http:\/\/digg.com\/submit?url=http%3A%2F%2Flabestiadeportiva.com%2Flbd%2Fel-imd-abre-inscripciones-para-las-escuelas-de-temporada%2F&amp;title=El+IMD+abre+inscripciones+para+las+Escuelas+de+Temporada\">\n<img src=\"http:\/\/labestiadeportiva.com\/lbd\/wp-content\/plugins\/jw-share-this\/digg.png\" alt=\"Share this page via Digg this\" \/>\n<\/a>\n<a target=\"_blank\" href=\"http:\/\/www.facebook.com\/sharer.php?u=http%3A%2F%2Flabestiadeportiva.com%2Flbd%2Fel-imd-abre-inscripciones-para-las-escuelas-de-temporada%2F&amp;t=El+IMD+abre+inscripciones+para+las+Escuelas+de+Temporada\">\n<img src=\"http:\/\/labestiadeportiva.com\/lbd\/wp-content\/plugins\/jw-share-this\/fb.png\" alt=\"Share this page via Facebook\" \/>\n<\/a>\n<a target=\"_blank\" href=\"http:\/\/twitter.com\/intent\/tweet?text=I+like+http%3A%2F%2Flabestiadeportiva.com%2Flbd%2Fel-imd-abre-inscripciones-para-las-escuelas-de-temporada%2F&amp;title=El+IMD+abre+inscripciones+para+las+Escuelas+de+Temporada\">\n<img src=\"http:\/\/labestiadeportiva.com\/lbd\/wp-content\/plugins\/jw-share-this\/twitter.png\" alt=\"Share this page via Twitter\" \/>\n<\/a>\n<\/div>\n","protected":false},"excerpt":{"rendered":"<p>Ser\u00e1 en forma virtual desde este lunes 11 a las 14 horas. La propuesta ser\u00e1 amplia para ni\u00f1os y jovenes. Cupos limitados seg\u00fan espacio f\u00edsico. Las acciones comenzar\u00e1n el lunes 18. Desde LBD, los detalles. 1.027 veces le\u00edda Share this:<\/p>\n","protected":false},"author":1,"featured_media":37276,"comment_status":"open","ping_status":"open","sticky":false,"template":"","format":"standard","meta":[],"categories":[5,2651,1],"tags":[4401,3834,2473,3660],"_links":{"self":[{"href":"http:\/\/labestiadeportiva.com\/lbd\/wp-json\/wp\/v2\/posts\/37275"}],"collection":[{"href":"http:\/\/labestiadeportiva.com\/lbd\/wp-json\/wp\/v2\/posts"}],"about":[{"href":"http:\/\/labestiadeportiva.com\/lbd\/wp-json\/wp\/v2\/types\/post"}],"author":[{"embeddable":true,"href":"http:\/\/labestiadeportiva.com\/lbd\/wp-json\/wp\/v2\/users\/1"}],"replies":[{"embeddable":true,"href":"http:\/\/labestiadeportiva.com\/lbd\/wp-json\/wp\/v2\/comments?post=37275"}],"version-history":[{"count":1,"href":"http:\/\/labestiadeportiva.com\/lbd\/wp-json\/wp\/v2\/posts\/37275\/revisions"}],"predecessor-version":[{"id":37277,"href":"http:\/\/labestiadeportiva.com\/lbd\/wp-json\/wp\/v2\/posts\/37275\/revisions\/37277"}],"wp:featuredmedia":[{"embeddable":true,"href":"http:\/\/labestiadeportiva.com\/lbd\/wp-json\/wp\/v2\/media\/37276"}],"wp:attachment":[{"href":"http:\/\/labestiadeportiva.com\/lbd\/wp-json\/wp\/v2\/media?parent=37275"}],"wp:term":[{"taxonomy":"category","embeddable":true,"href":"http:\/\/labestiadeportiva.com\/lbd\/wp-json\/wp\/v2\/categories?post=37275"},{"taxonomy":"post_tag","embeddable":true,"href":"http:\/\/labestiadeportiva.com\/lbd\/wp-json\/wp\/v2\/tags?post=37275"}],"curies":[{"name":"wp","href":"https:\/\/api.w.org\/{rel}","templated":true}]}}