{"id":37278,"date":"2021-01-07T19:25:32","date_gmt":"2021-01-07T22:25:32","guid":{"rendered":"http:\/\/labestiadeportiva.com\/lbd\/?p=37278"},"modified":"2021-01-07T20:26:01","modified_gmt":"2021-01-07T23:26:01","slug":"sufriendo-el-dakar","status":"publish","type":"post","link":"http:\/\/labestiadeportiva.com\/lbd\/sufriendo-el-dakar\/","title":{"rendered":"Sufriendo el Dakar"},"content":{"rendered":"<p>Por Daniel Campos (Corresponsal LBD en Palma de Mallorca, Espa\u00f1a)<\/p>\n<p><a href=\"http:\/\/labestiadeportiva.com\/lbd\/wp-content\/uploads\/2021\/01\/Kevin-Benavides_Dakar-2021.jpg\"><img loading=\"lazy\" src=\"http:\/\/labestiadeportiva.com\/lbd\/wp-content\/uploads\/2021\/01\/Kevin-Benavides_Dakar-2021-300x128.jpg\" alt=\"Kevin-Benavides_Dakar-2021\" width=\"300\" height=\"128\" class=\"aligncenter size-medium wp-image-37279\" srcset=\"http:\/\/labestiadeportiva.com\/lbd\/wp-content\/uploads\/2021\/01\/Kevin-Benavides_Dakar-2021-300x128.jpg 300w, http:\/\/labestiadeportiva.com\/lbd\/wp-content\/uploads\/2021\/01\/Kevin-Benavides_Dakar-2021-1024x438.jpg 1024w, http:\/\/labestiadeportiva.com\/lbd\/wp-content\/uploads\/2021\/01\/Kevin-Benavides_Dakar-2021.jpg 1100w\" sizes=\"(max-width: 300px) 100vw, 300px\" \/><\/a><br \/>\nCarlos Sainz no las tiene todas consigo en esta edici\u00f3n 2021 del Dakar, nuevamente los errores de navegaci\u00f3n lo penalizaron, pero no fue el \u00fanico que ha tenido problemas en la etapa m\u00e1s dif\u00edcil hasta hoy.<!--more--><\/p>\n<p>Es el caso de Sebastian Loeb, el m\u00faltiple campe\u00f3n de rally franc\u00e9s, que tambi\u00e9n se ha perdido.<\/p>\n<p>En autos, la batalla por el primer lugar la ganaron los hombres de Toyota, De Villiers y Alex Haro, que se hicieron con la quinta etapa.<\/p>\n<p>Pero la lucha por el primer puesto en la general\u00a0 es cosa de dos: Peterhansel y Al-Attiyah mantiene el pulso por el ansiado Tuareg.<\/p>\n<p>El piloto de Mini se mantiene al frente de la general y el catar\u00ed le sigue muy de cerca. Aunque hoy el equipo Toyota sufri\u00f3 la baja por accidente de Henk Lategan, un escudero de lujo, muy veloz que se fractur\u00f3 la clav\u00edcula tras volcar con su veh\u00edculo.<\/p>\n<p>En este apartado el argentino Orlando Terranova se ubica en el 9\u00ba puesto de la clasificaci\u00f3n general a m\u00e1s de una hora y media del l\u00edder, Peterhansel.<\/p>\n<p>En Motos, triunfo de etapa del argentino Kevin Benavides que se pone l\u00edder del Dakar 2021, con una gran actuaci\u00f3n el hombre de Honda, sufri\u00f3 una ca\u00edda tras una duna, golpe\u00f3 con el casco sobre el GPS y con una hemorragia nasal\u00a0 lleg\u00f3 primero a la meta de Buraydah.\u00a0 <\/p>\n<p>En Quads, los argentinos siguen dominando la prueba, esta vez se intercambiaron las posiciones del d\u00eda de ayer y Nicolas Cavigliasso sigue siendo el primero en la general, seguido de Andujar a 23 minutos. <\/p>\n<p>En SSV, nuevo triunfo del chileno \u201cChaleco\u201d L\u00f3pez\u00a0 que se mantiene al frente de la general, pero el polaco Domzala no le pierde pisada al trasandino. <\/p>\n<p>En la categor\u00eda de camiones, sigue el Kamaz n\u00famero 507 mandando en el desierto, nueva victoria de la tripulaci\u00f3n comandada\u00a0 por Sotnikov y afianz\u00e1ndose cada d\u00eda en la clasificaci\u00f3n general.<\/p>\n<p>La etapa de ma\u00f1ana promete ser m\u00e1s complicada entre Buraydah y Ha\u00b4il con una trazada 100 % de arena justo antes de la jornada de descanso. <\/p>\n<p>Un recorrido de 655 kil\u00f3metros con un especial de 485 kil\u00f3metros.\u00a0\u00a0<br \/>\n<a href=\"http:\/\/labestiadeportiva.com\/lbd\/wp-content\/uploads\/2021\/01\/5a-etapa-dakar-2021.jpg\"><img loading=\"lazy\" src=\"http:\/\/labestiadeportiva.com\/lbd\/wp-content\/uploads\/2021\/01\/5a-etapa-dakar-2021-300x200.jpg\" alt=\"5a-etapa-dakar-2021\" width=\"300\" height=\"200\" class=\"aligncenter size-medium wp-image-37280\" srcset=\"http:\/\/labestiadeportiva.com\/lbd\/wp-content\/uploads\/2021\/01\/5a-etapa-dakar-2021-300x200.jpg 300w, http:\/\/labestiadeportiva.com\/lbd\/wp-content\/uploads\/2021\/01\/5a-etapa-dakar-2021-1024x682.jpg 1024w, http:\/\/labestiadeportiva.com\/lbd\/wp-content\/uploads\/2021\/01\/5a-etapa-dakar-2021.jpg 1200w\" sizes=\"(max-width: 300px) 100vw, 300px\" \/><\/a><\/p>\n<div class='epvc-post-count'><span class='epvc-eye'><\/span>  <span class=\"epvc-count\"> 961<\/span><span class='epvc-label'> veces le\u00edda<\/span><\/div>\n<div class=\"jwsharethis\">\nShare this: \n<br \/>\n<a href=\"mailto:?subject=Sufriendo%20el%20Dakar&amp;body=http%3A%2F%2Flabestiadeportiva.com%2Flbd%2Fsufriendo-el-dakar%2F\">\n<img src=\"http:\/\/labestiadeportiva.com\/lbd\/wp-content\/plugins\/jw-share-this\/email.png\" alt=\"Share this page via Email\" \/>\n<\/a>\n<a target=\"_blank\" href=\"http:\/\/www.stumbleupon.com\/submit?url=http%3A%2F%2Flabestiadeportiva.com%2Flbd%2Fsufriendo-el-dakar%2F&amp;title=Sufriendo+el+Dakar\">\n<img src=\"http:\/\/labestiadeportiva.com\/lbd\/wp-content\/plugins\/jw-share-this\/su.png\" alt=\"Share this page via Stumble Upon\" \/>\n<\/a>\n<a target=\"_blank\" href=\"http:\/\/digg.com\/submit?url=http%3A%2F%2Flabestiadeportiva.com%2Flbd%2Fsufriendo-el-dakar%2F&amp;title=Sufriendo+el+Dakar\">\n<img src=\"http:\/\/labestiadeportiva.com\/lbd\/wp-content\/plugins\/jw-share-this\/digg.png\" alt=\"Share this page via Digg this\" \/>\n<\/a>\n<a target=\"_blank\" href=\"http:\/\/www.facebook.com\/sharer.php?u=http%3A%2F%2Flabestiadeportiva.com%2Flbd%2Fsufriendo-el-dakar%2F&amp;t=Sufriendo+el+Dakar\">\n<img src=\"http:\/\/labestiadeportiva.com\/lbd\/wp-content\/plugins\/jw-share-this\/fb.png\" alt=\"Share this page via Facebook\" \/>\n<\/a>\n<a target=\"_blank\" href=\"http:\/\/twitter.com\/intent\/tweet?text=I+like+http%3A%2F%2Flabestiadeportiva.com%2Flbd%2Fsufriendo-el-dakar%2F&amp;title=Sufriendo+el+Dakar\">\n<img src=\"http:\/\/labestiadeportiva.com\/lbd\/wp-content\/plugins\/jw-share-this\/twitter.png\" alt=\"Share this page via Twitter\" \/>\n<\/a>\n<\/div>\n","protected":false},"excerpt":{"rendered":"<p>Por Daniel Campos (Corresponsal LBD en Palma de Mallorca, Espa\u00f1a) Carlos Sainz no las tiene todas consigo en esta edici\u00f3n 2021 del Dakar, nuevamente los errores de navegaci\u00f3n lo penalizaron, pero no fue el \u00fanico que ha tenido problemas en la etapa m\u00e1s dif\u00edcil hasta hoy. 961 veces le\u00edda Share this:<\/p>\n","protected":false},"author":1,"featured_media":37279,"comment_status":"open","ping_status":"open","sticky":false,"template":"","format":"standard","meta":[],"categories":[2176,4394,4,1],"tags":[86,4395,2938,3660],"_links":{"self":[{"href":"http:\/\/labestiadeportiva.com\/lbd\/wp-json\/wp\/v2\/posts\/37278"}],"collection":[{"href":"http:\/\/labestiadeportiva.com\/lbd\/wp-json\/wp\/v2\/posts"}],"about":[{"href":"http:\/\/labestiadeportiva.com\/lbd\/wp-json\/wp\/v2\/types\/post"}],"author":[{"embeddable":true,"href":"http:\/\/labestiadeportiva.com\/lbd\/wp-json\/wp\/v2\/users\/1"}],"replies":[{"embeddable":true,"href":"http:\/\/labestiadeportiva.com\/lbd\/wp-json\/wp\/v2\/comments?post=37278"}],"version-history":[{"count":2,"href":"http:\/\/labestiadeportiva.com\/lbd\/wp-json\/wp\/v2\/posts\/37278\/revisions"}],"predecessor-version":[{"id":37282,"href":"http:\/\/labestiadeportiva.com\/lbd\/wp-json\/wp\/v2\/posts\/37278\/revisions\/37282"}],"wp:featuredmedia":[{"embeddable":true,"href":"http:\/\/labestiadeportiva.com\/lbd\/wp-json\/wp\/v2\/media\/37279"}],"wp:attachment":[{"href":"http:\/\/labestiadeportiva.com\/lbd\/wp-json\/wp\/v2\/media?parent=37278"}],"wp:term":[{"taxonomy":"category","embeddable":true,"href":"http:\/\/labestiadeportiva.com\/lbd\/wp-json\/wp\/v2\/categories?post=37278"},{"taxonomy":"post_tag","embeddable":true,"href":"http:\/\/labestiadeportiva.com\/lbd\/wp-json\/wp\/v2\/tags?post=37278"}],"curies":[{"name":"wp","href":"https:\/\/api.w.org\/{rel}","templated":true}]}}