{"id":37286,"date":"2021-01-08T20:19:09","date_gmt":"2021-01-08T23:19:09","guid":{"rendered":"http:\/\/labestiadeportiva.com\/lbd\/?p=37286"},"modified":"2021-01-08T20:19:09","modified_gmt":"2021-01-08T23:19:09","slug":"el-matador-no-se-rinde","status":"publish","type":"post","link":"http:\/\/labestiadeportiva.com\/lbd\/el-matador-no-se-rinde\/","title":{"rendered":"El \u00abMatador\u00bb no se rinde"},"content":{"rendered":"<p>Por Daniel Campos (Corresponsal LBD en Palma de Mallorca, Espa\u00f1a)<\/p>\n<p><a href=\"http:\/\/labestiadeportiva.com\/lbd\/wp-content\/uploads\/2021\/01\/dakar-2021-etapa-6.jpg\"><img loading=\"lazy\" src=\"http:\/\/labestiadeportiva.com\/lbd\/wp-content\/uploads\/2021\/01\/dakar-2021-etapa-6-300x137.jpg\" alt=\"dakar-2021-etapa-6\" width=\"300\" height=\"137\" class=\"aligncenter size-medium wp-image-37287\" srcset=\"http:\/\/labestiadeportiva.com\/lbd\/wp-content\/uploads\/2021\/01\/dakar-2021-etapa-6-300x137.jpg 300w, http:\/\/labestiadeportiva.com\/lbd\/wp-content\/uploads\/2021\/01\/dakar-2021-etapa-6-1024x466.jpg 1024w, http:\/\/labestiadeportiva.com\/lbd\/wp-content\/uploads\/2021\/01\/dakar-2021-etapa-6.jpg 1438w\" sizes=\"(max-width: 300px) 100vw, 300px\" \/><\/a><br \/>\nEl espa\u00f1ol Carlos Sainz venci\u00f3 en la etapa de hoy y acorta diferencias Peterhansel y Attiyah. <!--more--><\/p>\n<p>En una jornada sin contratiempos para el madrile\u00f1o del equipo Mini, el triunfo en la sexta jornada del Dakar, antes del d\u00eda de descanso, viene bien. <\/p>\n<p>La diferencia con el d\u00fao formado por el catar\u00ed de Toyota y el franc\u00e9s de Mini, es de cuarenta minutos en la clasificaci\u00f3n, as\u00ed que lo que haga el auto n\u00famero 300 en la etapa marat\u00f3n de pasado ma\u00f1ana, ser\u00e1 decisiva. <\/p>\n<p>Lamentablemente, el argentino Osvaldo Terranova del equipo Mini, dice adi\u00f3s al Dakar, problemas mec\u00e1nicos insalvables le impidieron tomar la salida en Buraydah. <\/p>\n<p>En categor\u00eda motos, tambi\u00e9n hubo novedades con los argentinos, Benavides cedi\u00f3 el liderato al australiano Toby Price, que esta ma\u00f1ana lanz\u00f3 un duro ataque con su KTM y manda en el desierto. <\/p>\n<p>La victoria de etapa fue para el piloto espa\u00f1ol del equipo Honda, Joan Barreda. <\/p>\n<p>En quads, sigue siendo dominada por pilotos nacionales, Nicol\u00e1s Cavigliasso acab\u00f3 tercero y sigue al frente de la clasificaci\u00f3n general , mientras que  Andujar que lleg\u00f3  en cuarto lugar, sigue a poco m\u00e1s de media hora del cordob\u00e9s. En la jornada de hoy, el ganador fue el franc\u00e9s Alexandre Giroud. <\/p>\n<p>En SSV, problemas para el chileno \u201cChaleco \u201d L\u00f3pez que a mitad del recorrido sufri\u00f3 una aver\u00eda en su veh\u00edculo y estuvo una hora detenido hasta que pudo reanudar la marcha. <\/p>\n<p>Situaci\u00f3n que aprovech\u00f3 Aron Domzala para ponerse al frente en la clasificaci\u00f3n general. Mientras tanto, la victoria de etapa, fue para el norteamericano Seth Quintero que con 18 a\u00f1os y 118 d\u00edas se convirti\u00f3 en el ganador m\u00e1s joven de una etapa en la historia del Dakar. <\/p>\n<p>En camiones, la supremac\u00eda rusa es evidente y Kamaz sum\u00f3 en esta 6\u00aa etapa su victoria n\u00famero 150 en el Dakar. El honor le cupo a la tripulaci\u00f3n  del cami\u00f3n 509 conducida por Airat Mardeev, mientras tanto, Sotnikov sigue siendo el primero en  la clasificaci\u00f3n general. <\/p>\n<p>La jornada de ma\u00f1ana s\u00e1bado ser\u00e1 de descanso para el pr\u00f3ximo domingo reiniciar la competencia.<br \/>\n<a href=\"http:\/\/labestiadeportiva.com\/lbd\/wp-content\/uploads\/2021\/01\/Cavigliasso.jpg\"><img loading=\"lazy\" src=\"http:\/\/labestiadeportiva.com\/lbd\/wp-content\/uploads\/2021\/01\/Cavigliasso-300x180.jpg\" alt=\"Cavigliasso\" width=\"300\" height=\"180\" class=\"aligncenter size-medium wp-image-37288\" srcset=\"http:\/\/labestiadeportiva.com\/lbd\/wp-content\/uploads\/2021\/01\/Cavigliasso-300x180.jpg 300w, http:\/\/labestiadeportiva.com\/lbd\/wp-content\/uploads\/2021\/01\/Cavigliasso.jpg 627w\" sizes=\"(max-width: 300px) 100vw, 300px\" \/><\/a>  <\/p>\n<div class='epvc-post-count'><span class='epvc-eye'><\/span>  <span class=\"epvc-count\"> 1.229<\/span><span class='epvc-label'> veces le\u00edda<\/span><\/div>\n<div class=\"jwsharethis\">\nShare this: \n<br \/>\n<a href=\"mailto:?subject=El%20%C2%ABMatador%C2%BB%20no%20se%20rinde&amp;body=http%3A%2F%2Flabestiadeportiva.com%2Flbd%2Fel-matador-no-se-rinde%2F\">\n<img src=\"http:\/\/labestiadeportiva.com\/lbd\/wp-content\/plugins\/jw-share-this\/email.png\" alt=\"Share this page via Email\" \/>\n<\/a>\n<a target=\"_blank\" href=\"http:\/\/www.stumbleupon.com\/submit?url=http%3A%2F%2Flabestiadeportiva.com%2Flbd%2Fel-matador-no-se-rinde%2F&amp;title=El+%C2%ABMatador%C2%BB+no+se+rinde\">\n<img src=\"http:\/\/labestiadeportiva.com\/lbd\/wp-content\/plugins\/jw-share-this\/su.png\" alt=\"Share this page via Stumble Upon\" \/>\n<\/a>\n<a target=\"_blank\" href=\"http:\/\/digg.com\/submit?url=http%3A%2F%2Flabestiadeportiva.com%2Flbd%2Fel-matador-no-se-rinde%2F&amp;title=El+%C2%ABMatador%C2%BB+no+se+rinde\">\n<img src=\"http:\/\/labestiadeportiva.com\/lbd\/wp-content\/plugins\/jw-share-this\/digg.png\" alt=\"Share this page via Digg this\" \/>\n<\/a>\n<a target=\"_blank\" href=\"http:\/\/www.facebook.com\/sharer.php?u=http%3A%2F%2Flabestiadeportiva.com%2Flbd%2Fel-matador-no-se-rinde%2F&amp;t=El+%C2%ABMatador%C2%BB+no+se+rinde\">\n<img src=\"http:\/\/labestiadeportiva.com\/lbd\/wp-content\/plugins\/jw-share-this\/fb.png\" alt=\"Share this page via Facebook\" \/>\n<\/a>\n<a target=\"_blank\" href=\"http:\/\/twitter.com\/intent\/tweet?text=I+like+http%3A%2F%2Flabestiadeportiva.com%2Flbd%2Fel-matador-no-se-rinde%2F&amp;title=El+%C2%ABMatador%C2%BB+no+se+rinde\">\n<img src=\"http:\/\/labestiadeportiva.com\/lbd\/wp-content\/plugins\/jw-share-this\/twitter.png\" alt=\"Share this page via Twitter\" \/>\n<\/a>\n<\/div>\n","protected":false},"excerpt":{"rendered":"<p>Por Daniel Campos (Corresponsal LBD en Palma de Mallorca, Espa\u00f1a) El espa\u00f1ol Carlos Sainz venci\u00f3 en la etapa de hoy y acorta diferencias Peterhansel y Attiyah. 1.229 veces le\u00edda Share this:<\/p>\n","protected":false},"author":1,"featured_media":37287,"comment_status":"open","ping_status":"open","sticky":false,"template":"","format":"standard","meta":[],"categories":[2176,4394,4,1],"tags":[154,4395,2940],"_links":{"self":[{"href":"http:\/\/labestiadeportiva.com\/lbd\/wp-json\/wp\/v2\/posts\/37286"}],"collection":[{"href":"http:\/\/labestiadeportiva.com\/lbd\/wp-json\/wp\/v2\/posts"}],"about":[{"href":"http:\/\/labestiadeportiva.com\/lbd\/wp-json\/wp\/v2\/types\/post"}],"author":[{"embeddable":true,"href":"http:\/\/labestiadeportiva.com\/lbd\/wp-json\/wp\/v2\/users\/1"}],"replies":[{"embeddable":true,"href":"http:\/\/labestiadeportiva.com\/lbd\/wp-json\/wp\/v2\/comments?post=37286"}],"version-history":[{"count":1,"href":"http:\/\/labestiadeportiva.com\/lbd\/wp-json\/wp\/v2\/posts\/37286\/revisions"}],"predecessor-version":[{"id":37289,"href":"http:\/\/labestiadeportiva.com\/lbd\/wp-json\/wp\/v2\/posts\/37286\/revisions\/37289"}],"wp:featuredmedia":[{"embeddable":true,"href":"http:\/\/labestiadeportiva.com\/lbd\/wp-json\/wp\/v2\/media\/37287"}],"wp:attachment":[{"href":"http:\/\/labestiadeportiva.com\/lbd\/wp-json\/wp\/v2\/media?parent=37286"}],"wp:term":[{"taxonomy":"category","embeddable":true,"href":"http:\/\/labestiadeportiva.com\/lbd\/wp-json\/wp\/v2\/categories?post=37286"},{"taxonomy":"post_tag","embeddable":true,"href":"http:\/\/labestiadeportiva.com\/lbd\/wp-json\/wp\/v2\/tags?post=37286"}],"curies":[{"name":"wp","href":"https:\/\/api.w.org\/{rel}","templated":true}]}}