{"id":37293,"date":"2021-01-09T19:55:38","date_gmt":"2021-01-09T22:55:38","guid":{"rendered":"http:\/\/labestiadeportiva.com\/lbd\/?p=37293"},"modified":"2021-01-09T19:55:38","modified_gmt":"2021-01-09T22:55:38","slug":"el-dakar-descansa","status":"publish","type":"post","link":"http:\/\/labestiadeportiva.com\/lbd\/el-dakar-descansa\/","title":{"rendered":"El Dakar descansa"},"content":{"rendered":"<p>Por Daniel Campos (Corresponsal LBD en Palma de Mallorca, Espa\u00f1a). <\/p>\n<p><a href=\"http:\/\/labestiadeportiva.com\/lbd\/wp-content\/uploads\/2021\/01\/dakar-camp-1.jpg\"><img loading=\"lazy\" src=\"http:\/\/labestiadeportiva.com\/lbd\/wp-content\/uploads\/2021\/01\/dakar-camp-1-300x169.jpg\" alt=\"dakar camp-1\" width=\"300\" height=\"169\" class=\"aligncenter size-medium wp-image-37294\" srcset=\"http:\/\/labestiadeportiva.com\/lbd\/wp-content\/uploads\/2021\/01\/dakar-camp-1-300x169.jpg 300w, http:\/\/labestiadeportiva.com\/lbd\/wp-content\/uploads\/2021\/01\/dakar-camp-1.jpg 990w\" sizes=\"(max-width: 300px) 100vw, 300px\" \/><\/a><br \/>\nJornada de descanso para hombres y m\u00e1quinas del rally m\u00e1s duro del mundo, en la ciudad oasis de Ha\u00b4il. <\/p>\n<p>Tras seis agotadoras jornadas de competencia, en la capital de la provincia del mismo nombre, el campamento dakariano ajustar\u00e1 estrategias, y reparar\u00e1 m\u00e1quinas de cara a la etapa marat\u00f3n de la presente edici\u00f3n 2021. <!--more--><\/p>\n<p>En el campamento, participantes y organizadores, tambi\u00e9n aprovechan para tratar de solucionar ciertos desajustes que han generado algo de pol\u00e9mica durante las primeras etapas. <\/p>\n<p>El caso del combustible contaminado que castig\u00f3 a los motociclistas en la segunda jornada del Dakar. En un reabastecimiento se suministr\u00f3 nafta mezclada con agua y produjo graves desperfectos en algunos motores obligando al abandono de la carrera. <\/p>\n<p>Tambi\u00e9n las cont\u00ednuas quejas de pilotos y navegantes por algunos fallos en la navegaci\u00f3n, mala lectura de GPS y puntos de notificaci\u00f3n de dif\u00edcil ubicaci\u00f3n. <\/p>\n<p>Al no haber actividad en pista, actualizamos la clasificaci\u00f3n general recorrido ya 618 kil\u00f3metros de competencia, y la situaci\u00f3n de los argentinos que siguen en carrera. <\/p>\n<p>Coches<br \/>\n1\u00ba 302 Peterhansel-Boulanger (FRA) Mini X-Raid 22:14:03<\/p>\n<p>Motos<br \/>\n1\u00ba 3 Toby Price (AUS) KTM 24:8:43<br \/>\n2\u00ba 47 Kevin Benavides (ARG) Honda 24:10:59<br \/>\n11\u00ba 77 Luciano Benavides (ARG) Husqvarna 24:25:05<br \/>\n16\u00ba Franco Caimi (ARG) Yamaha 24:52:53<\/p>\n<p>Quads<br \/>\n1\u00ba 150 Nicolas Cavigliasso (ARG) Yamaha29:15:55<br \/>\n2\u00ba 154 Manuel Andujar (ARG) Yamaha 29:49:13<br \/>\n5\u00ba Pablo Copetti (ARG) Yamaha 31:40:34<br \/>\n12\u00ba Tobias Carrizo (ARG) Yamaha 39:34:20<\/p>\n<p>SSV<br \/>\n1\u00ba 406 Domzala-Marton (POL) Can-Am 27:4:29<br \/>\n26\u00ba 443  Gael Queralt (ESP) Can-Am 31:56:38 Juan Silva (ARG) <\/p>\n<p>Camiones<br \/>\n1\u00ba 507 Sotnikov-Akhamadeev-Akhmetzianov-(RUS) Kamaz 24:26:18<\/p>\n<p>Ma\u00f1ana lunes se reinician las actividades con la s\u00e9ptima etapa marat\u00f3n que une Ha\u00b4il con Sakaka tramo monta\u00f1oso de arena y 100 kil\u00f3metros de subidas y bajadas sin interrupci\u00f3n. <\/p>\n<p>Ser\u00e1n 737 kil\u00f3metros en total con un especial de 471 kil\u00f3metros.<br \/>\n<a href=\"http:\/\/labestiadeportiva.com\/lbd\/wp-content\/uploads\/2021\/01\/dakar-camp-2.jpg\"><img loading=\"lazy\" src=\"http:\/\/labestiadeportiva.com\/lbd\/wp-content\/uploads\/2021\/01\/dakar-camp-2-300x176.jpg\" alt=\"dakar camp -2\" width=\"300\" height=\"176\" class=\"aligncenter size-medium wp-image-37295\" srcset=\"http:\/\/labestiadeportiva.com\/lbd\/wp-content\/uploads\/2021\/01\/dakar-camp-2-300x176.jpg 300w, http:\/\/labestiadeportiva.com\/lbd\/wp-content\/uploads\/2021\/01\/dakar-camp-2-1024x599.jpg 1024w, http:\/\/labestiadeportiva.com\/lbd\/wp-content\/uploads\/2021\/01\/dakar-camp-2.jpg 1280w\" sizes=\"(max-width: 300px) 100vw, 300px\" \/><\/a> <\/p>\n<div class='epvc-post-count'><span class='epvc-eye'><\/span>  <span class=\"epvc-count\"> 931<\/span><span class='epvc-label'> veces le\u00edda<\/span><\/div>\n<div class=\"jwsharethis\">\nShare this: \n<br \/>\n<a href=\"mailto:?subject=El%20Dakar%20descansa&amp;body=http%3A%2F%2Flabestiadeportiva.com%2Flbd%2Fel-dakar-descansa%2F\">\n<img src=\"http:\/\/labestiadeportiva.com\/lbd\/wp-content\/plugins\/jw-share-this\/email.png\" alt=\"Share this page via Email\" \/>\n<\/a>\n<a target=\"_blank\" href=\"http:\/\/www.stumbleupon.com\/submit?url=http%3A%2F%2Flabestiadeportiva.com%2Flbd%2Fel-dakar-descansa%2F&amp;title=El+Dakar+descansa\">\n<img src=\"http:\/\/labestiadeportiva.com\/lbd\/wp-content\/plugins\/jw-share-this\/su.png\" alt=\"Share this page via Stumble Upon\" \/>\n<\/a>\n<a target=\"_blank\" href=\"http:\/\/digg.com\/submit?url=http%3A%2F%2Flabestiadeportiva.com%2Flbd%2Fel-dakar-descansa%2F&amp;title=El+Dakar+descansa\">\n<img src=\"http:\/\/labestiadeportiva.com\/lbd\/wp-content\/plugins\/jw-share-this\/digg.png\" alt=\"Share this page via Digg this\" \/>\n<\/a>\n<a target=\"_blank\" href=\"http:\/\/www.facebook.com\/sharer.php?u=http%3A%2F%2Flabestiadeportiva.com%2Flbd%2Fel-dakar-descansa%2F&amp;t=El+Dakar+descansa\">\n<img src=\"http:\/\/labestiadeportiva.com\/lbd\/wp-content\/plugins\/jw-share-this\/fb.png\" alt=\"Share this page via Facebook\" \/>\n<\/a>\n<a target=\"_blank\" href=\"http:\/\/twitter.com\/intent\/tweet?text=I+like+http%3A%2F%2Flabestiadeportiva.com%2Flbd%2Fel-dakar-descansa%2F&amp;title=El+Dakar+descansa\">\n<img src=\"http:\/\/labestiadeportiva.com\/lbd\/wp-content\/plugins\/jw-share-this\/twitter.png\" alt=\"Share this page via Twitter\" \/>\n<\/a>\n<\/div>\n","protected":false},"excerpt":{"rendered":"<p>Por Daniel Campos (Corresponsal LBD en Palma de Mallorca, Espa\u00f1a). Jornada de descanso para hombres y m\u00e1quinas del rally m\u00e1s duro del mundo, en la ciudad oasis de Ha\u00b4il. Tras seis agotadoras jornadas de competencia, en la capital de la provincia del mismo nombre, el campamento dakariano ajustar\u00e1 estrategias, y reparar\u00e1 m\u00e1quinas de cara a &hellip; <a href=\"http:\/\/labestiadeportiva.com\/lbd\/el-dakar-descansa\/\" class=\"more-link\">Seguir leyendo <span class=\"screen-reader-text\">El Dakar descansa<\/span> <span class=\"meta-nav\">&rarr;<\/span><\/a><\/p>\n","protected":false},"author":1,"featured_media":37294,"comment_status":"open","ping_status":"open","sticky":false,"template":"","format":"standard","meta":[],"categories":[2176,4394,4,1],"tags":[86,4395,4402,3660],"_links":{"self":[{"href":"http:\/\/labestiadeportiva.com\/lbd\/wp-json\/wp\/v2\/posts\/37293"}],"collection":[{"href":"http:\/\/labestiadeportiva.com\/lbd\/wp-json\/wp\/v2\/posts"}],"about":[{"href":"http:\/\/labestiadeportiva.com\/lbd\/wp-json\/wp\/v2\/types\/post"}],"author":[{"embeddable":true,"href":"http:\/\/labestiadeportiva.com\/lbd\/wp-json\/wp\/v2\/users\/1"}],"replies":[{"embeddable":true,"href":"http:\/\/labestiadeportiva.com\/lbd\/wp-json\/wp\/v2\/comments?post=37293"}],"version-history":[{"count":1,"href":"http:\/\/labestiadeportiva.com\/lbd\/wp-json\/wp\/v2\/posts\/37293\/revisions"}],"predecessor-version":[{"id":37296,"href":"http:\/\/labestiadeportiva.com\/lbd\/wp-json\/wp\/v2\/posts\/37293\/revisions\/37296"}],"wp:featuredmedia":[{"embeddable":true,"href":"http:\/\/labestiadeportiva.com\/lbd\/wp-json\/wp\/v2\/media\/37294"}],"wp:attachment":[{"href":"http:\/\/labestiadeportiva.com\/lbd\/wp-json\/wp\/v2\/media?parent=37293"}],"wp:term":[{"taxonomy":"category","embeddable":true,"href":"http:\/\/labestiadeportiva.com\/lbd\/wp-json\/wp\/v2\/categories?post=37293"},{"taxonomy":"post_tag","embeddable":true,"href":"http:\/\/labestiadeportiva.com\/lbd\/wp-json\/wp\/v2\/tags?post=37293"}],"curies":[{"name":"wp","href":"https:\/\/api.w.org\/{rel}","templated":true}]}}