{"id":37297,"date":"2021-01-10T19:29:37","date_gmt":"2021-01-10T22:29:37","guid":{"rendered":"http:\/\/labestiadeportiva.com\/lbd\/?p=37297"},"modified":"2021-01-10T19:29:37","modified_gmt":"2021-01-10T22:29:37","slug":"peterhansel-resiste","status":"publish","type":"post","link":"http:\/\/labestiadeportiva.com\/lbd\/peterhansel-resiste\/","title":{"rendered":"Peterhansel resiste"},"content":{"rendered":"<p>Por Daniel Campos (Corresponsal LBD en Palma de Mallorca, Espa\u00f1a)<\/p>\n<p><a href=\"http:\/\/labestiadeportiva.com\/lbd\/wp-content\/uploads\/2021\/01\/toyota-7.jpg\"><img loading=\"lazy\" src=\"http:\/\/labestiadeportiva.com\/lbd\/wp-content\/uploads\/2021\/01\/toyota-7-300x151.jpg\" alt=\"toyota 7\" width=\"300\" height=\"151\" class=\"aligncenter size-medium wp-image-37298\" srcset=\"http:\/\/labestiadeportiva.com\/lbd\/wp-content\/uploads\/2021\/01\/toyota-7-300x151.jpg 300w, http:\/\/labestiadeportiva.com\/lbd\/wp-content\/uploads\/2021\/01\/toyota-7.jpg 480w\" sizes=\"(max-width: 300px) 100vw, 300px\" \/><\/a><br \/>\nSt\u00e9phane Peterhansel sigue l\u00edder del Dakar 2021 a pesar de sufrir una rotura de suspensi\u00f3n, a pocos kil\u00f3metros de completar la s\u00e9ptima etapa. <!--more--><\/p>\n<p>Monsieur Dakar, viejo zorro del desierto, sabe administrar su potencial y salv\u00f3 la partida sin dejar de mandar al frente de la competencia. <\/p>\n<p>Sainz y Attiyah salieron con estrategias diferentes, para dar caza al piloto de Mini. El madrile\u00f1o pis\u00f3 a fondo, y a pesar de un pinchazo en el primer tramo, sumado al en\u00e9simo error de navegaci\u00f3n, pudo descontar minutos al piloto galo. <\/p>\n<p>El catar\u00ed, m\u00e1s cauto, fue r\u00e1pido, cuidando no da\u00f1ar los neum\u00e1ticos de su Toyota, para evitar una penalizaci\u00f3n en las siguientes etapas, pero sigue de cerca al hombre de Mini en la general. <\/p>\n<p>Peterhansel, en cambio, manten\u00eda una ventaja de m\u00e1s de seis minutos con sus rivales directos en el Dakar, cuando a 40 kil\u00f3metros de la meta, choc\u00f3 con una roca y rompi\u00f3 el tri\u00e1ngulo de suspensi\u00f3n de su m\u00e1quina. <\/p>\n<p>Tras una reparaci\u00f3n de emergencia, pudo completar la etapa que fue ganada por el piloto saud\u00ed de Toyota Yazeed Al-Rajhi. <\/p>\n<p><a href=\"http:\/\/labestiadeportiva.com\/lbd\/wp-content\/uploads\/2021\/01\/andujar-2.jpg\"><img loading=\"lazy\" src=\"http:\/\/labestiadeportiva.com\/lbd\/wp-content\/uploads\/2021\/01\/andujar-2-300x200.jpg\" alt=\"andujar 2\" width=\"300\" height=\"200\" class=\"aligncenter size-medium wp-image-37299\" srcset=\"http:\/\/labestiadeportiva.com\/lbd\/wp-content\/uploads\/2021\/01\/andujar-2-300x200.jpg 300w, http:\/\/labestiadeportiva.com\/lbd\/wp-content\/uploads\/2021\/01\/andujar-2.jpg 500w\" sizes=\"(max-width: 300px) 100vw, 300px\" \/><\/a><br \/>\nEn el apartado de motos, Ricky Brabec con Honda, fue el ganador de la etapa, que tiene nuevo l\u00edder en la general, el chileno Nacho Cornejo tambi\u00e9n con Honda. <\/p>\n<p>El anterior l\u00edder, el australiano Toby Price, sufri\u00f3 un corte en el neum\u00e1tico trasero de su KTM y tuvo que ralentizar su marcha para llegar en condiciones a la meta. <\/p>\n<p>Otro de los competidores que tuvo una tarde complicada en el desierto, fue el argentino Kevin Benavides quien lideraba la etapa, cuando en el kil\u00f3metro 358 se desvi\u00f3 de la traza ideal, perdiendo valiosos minutos, aunque se mantiene en quinto lugar en la clasificaci\u00f3n general. <\/p>\n<p>En quads, abandono del argentino Nicolas Cavigliasso, rotura de embrague a 100 kil\u00f3metros de la meta, que oblig\u00f3 al hombre de Yamaha a decir adi\u00f3s al Dakar. <\/p>\n<p>Manuel And\u00fajar toma el relevo y se pone al frente de la general en cuatriciclos, con m\u00e1s de 20 minutos sobre el franc\u00e9s Giroud y el chileno Enrico. <\/p>\n<p>En SSV, nuevo triunfo de  \u201dChaleco\u201d L\u00f3pez, que busca descontar la diferencia con el actual l\u00edder de la categor\u00eda de veh\u00edculos ligeros el polaco Domzala. <\/p>\n<p>El que suma y sigue, el ruso Dimitry Sotnikov, en camiones, ganando la etapa y ampliando su ventaja en m\u00e1s de 45 minutos en la general con su compa\u00f1ero en el equipo Kamaz, Anton Shibalov. <\/p>\n<p>La 8\u00b0 etapa de ma\u00f1ana, se disputar\u00e1 entre Sakaka con Neom, el desierto se une a la ciudad del futuro, con 709 kil\u00f3metros de recorrido con un especial de 375 kil\u00f3metros.<br \/>\n<a href=\"http:\/\/labestiadeportiva.com\/lbd\/wp-content\/uploads\/2021\/01\/kamaz-7.jpg\"><img loading=\"lazy\" src=\"http:\/\/labestiadeportiva.com\/lbd\/wp-content\/uploads\/2021\/01\/kamaz-7-300x135.jpg\" alt=\"kamaz 7\" width=\"300\" height=\"135\" class=\"aligncenter size-medium wp-image-37300\" srcset=\"http:\/\/labestiadeportiva.com\/lbd\/wp-content\/uploads\/2021\/01\/kamaz-7-300x135.jpg 300w, http:\/\/labestiadeportiva.com\/lbd\/wp-content\/uploads\/2021\/01\/kamaz-7-1024x462.jpg 1024w, http:\/\/labestiadeportiva.com\/lbd\/wp-content\/uploads\/2021\/01\/kamaz-7.jpg 1436w\" sizes=\"(max-width: 300px) 100vw, 300px\" \/><\/a>               <\/p>\n<div class='epvc-post-count'><span class='epvc-eye'><\/span>  <span class=\"epvc-count\"> 940<\/span><span class='epvc-label'> veces le\u00edda<\/span><\/div>\n<div class=\"jwsharethis\">\nShare this: \n<br \/>\n<a href=\"mailto:?subject=Peterhansel%20resiste&amp;body=http%3A%2F%2Flabestiadeportiva.com%2Flbd%2Fpeterhansel-resiste%2F\">\n<img src=\"http:\/\/labestiadeportiva.com\/lbd\/wp-content\/plugins\/jw-share-this\/email.png\" alt=\"Share this page via Email\" \/>\n<\/a>\n<a target=\"_blank\" href=\"http:\/\/www.stumbleupon.com\/submit?url=http%3A%2F%2Flabestiadeportiva.com%2Flbd%2Fpeterhansel-resiste%2F&amp;title=Peterhansel+resiste\">\n<img src=\"http:\/\/labestiadeportiva.com\/lbd\/wp-content\/plugins\/jw-share-this\/su.png\" alt=\"Share this page via Stumble Upon\" \/>\n<\/a>\n<a target=\"_blank\" href=\"http:\/\/digg.com\/submit?url=http%3A%2F%2Flabestiadeportiva.com%2Flbd%2Fpeterhansel-resiste%2F&amp;title=Peterhansel+resiste\">\n<img src=\"http:\/\/labestiadeportiva.com\/lbd\/wp-content\/plugins\/jw-share-this\/digg.png\" alt=\"Share this page via Digg this\" \/>\n<\/a>\n<a target=\"_blank\" href=\"http:\/\/www.facebook.com\/sharer.php?u=http%3A%2F%2Flabestiadeportiva.com%2Flbd%2Fpeterhansel-resiste%2F&amp;t=Peterhansel+resiste\">\n<img src=\"http:\/\/labestiadeportiva.com\/lbd\/wp-content\/plugins\/jw-share-this\/fb.png\" alt=\"Share this page via Facebook\" \/>\n<\/a>\n<a target=\"_blank\" href=\"http:\/\/twitter.com\/intent\/tweet?text=I+like+http%3A%2F%2Flabestiadeportiva.com%2Flbd%2Fpeterhansel-resiste%2F&amp;title=Peterhansel+resiste\">\n<img src=\"http:\/\/labestiadeportiva.com\/lbd\/wp-content\/plugins\/jw-share-this\/twitter.png\" alt=\"Share this page via Twitter\" \/>\n<\/a>\n<\/div>\n","protected":false},"excerpt":{"rendered":"<p>Por Daniel Campos (Corresponsal LBD en Palma de Mallorca, Espa\u00f1a) St\u00e9phane Peterhansel sigue l\u00edder del Dakar 2021 a pesar de sufrir una rotura de suspensi\u00f3n, a pocos kil\u00f3metros de completar la s\u00e9ptima etapa. 940 veces le\u00edda Share this:<\/p>\n","protected":false},"author":1,"featured_media":37298,"comment_status":"open","ping_status":"open","sticky":false,"template":"","format":"standard","meta":[],"categories":[3533,4394,4,1],"tags":[86,4395,2942,3660],"_links":{"self":[{"href":"http:\/\/labestiadeportiva.com\/lbd\/wp-json\/wp\/v2\/posts\/37297"}],"collection":[{"href":"http:\/\/labestiadeportiva.com\/lbd\/wp-json\/wp\/v2\/posts"}],"about":[{"href":"http:\/\/labestiadeportiva.com\/lbd\/wp-json\/wp\/v2\/types\/post"}],"author":[{"embeddable":true,"href":"http:\/\/labestiadeportiva.com\/lbd\/wp-json\/wp\/v2\/users\/1"}],"replies":[{"embeddable":true,"href":"http:\/\/labestiadeportiva.com\/lbd\/wp-json\/wp\/v2\/comments?post=37297"}],"version-history":[{"count":1,"href":"http:\/\/labestiadeportiva.com\/lbd\/wp-json\/wp\/v2\/posts\/37297\/revisions"}],"predecessor-version":[{"id":37301,"href":"http:\/\/labestiadeportiva.com\/lbd\/wp-json\/wp\/v2\/posts\/37297\/revisions\/37301"}],"wp:featuredmedia":[{"embeddable":true,"href":"http:\/\/labestiadeportiva.com\/lbd\/wp-json\/wp\/v2\/media\/37298"}],"wp:attachment":[{"href":"http:\/\/labestiadeportiva.com\/lbd\/wp-json\/wp\/v2\/media?parent=37297"}],"wp:term":[{"taxonomy":"category","embeddable":true,"href":"http:\/\/labestiadeportiva.com\/lbd\/wp-json\/wp\/v2\/categories?post=37297"},{"taxonomy":"post_tag","embeddable":true,"href":"http:\/\/labestiadeportiva.com\/lbd\/wp-json\/wp\/v2\/tags?post=37297"}],"curies":[{"name":"wp","href":"https:\/\/api.w.org\/{rel}","templated":true}]}}