{"id":37345,"date":"2021-01-13T20:26:47","date_gmt":"2021-01-13T23:26:47","guid":{"rendered":"http:\/\/labestiadeportiva.com\/lbd\/?p=37345"},"modified":"2021-01-13T20:34:33","modified_gmt":"2021-01-13T23:34:33","slug":"es-un-poco-volver-a-las-bases-me-gusta-estar-con-gente-joven-y-dejarles-mis-conocimientos-audio","status":"publish","type":"post","link":"http:\/\/labestiadeportiva.com\/lbd\/es-un-poco-volver-a-las-bases-me-gusta-estar-con-gente-joven-y-dejarles-mis-conocimientos-audio\/","title":{"rendered":"\u00abEs un poco volver a las bases, me gusta estar con gente joven y dejarles mis conocimientos\u00bb (Audio)"},"content":{"rendered":"<p><a href=\"http:\/\/labestiadeportiva.com\/lbd\/wp-content\/uploads\/2021\/01\/FB_IMG_1610558632774.jpg\"><img loading=\"lazy\" src=\"http:\/\/labestiadeportiva.com\/lbd\/wp-content\/uploads\/2021\/01\/FB_IMG_1610558632774-300x200.jpg\" alt=\"FB_IMG_1610558632774\" width=\"300\" height=\"200\" class=\"aligncenter size-medium wp-image-37347\" srcset=\"http:\/\/labestiadeportiva.com\/lbd\/wp-content\/uploads\/2021\/01\/FB_IMG_1610558632774-300x200.jpg 300w, http:\/\/labestiadeportiva.com\/lbd\/wp-content\/uploads\/2021\/01\/FB_IMG_1610558632774-1024x683.jpg 1024w, http:\/\/labestiadeportiva.com\/lbd\/wp-content\/uploads\/2021\/01\/FB_IMG_1610558632774.jpg 1080w\" sizes=\"(max-width: 300px) 100vw, 300px\" \/><\/a><br \/>\nEn las \u00faltimas horas fue presentado Santiago Darraidou como Head Coach de los seleccionados de  v\u00f3ley fueguino. El experimentado ex jugador profesional dio detalles de sus funciones y objetivos. <\/p>\n<p>Asimismo confirm\u00f3 la participaci\u00f3n de TDF V\u00f3ley, equipo masculino, en la pr\u00f3xima edici\u00f3n de la Liga Nacional A2 a realizarse en tierra cordobesa.<\/p>\n<p>Compartimos la entrevista lograda este mi\u00e9rcoles en la 100.1 Radio Provincia.<!--more--><\/p>\n<p><iframe loading=\"lazy\" width=\"560\" height=\"315\" src=\"https:\/\/www.youtube.com\/embed\/Qfr2APXEsX0\" frameborder=\"0\" allow=\"accelerometer; autoplay; clipboard-write; encrypted-media; gyroscope; picture-in-picture\" allowfullscreen><\/iframe><\/p>\n<div class='epvc-post-count'><span class='epvc-eye'><\/span>  <span class=\"epvc-count\"> 1.038<\/span><span class='epvc-label'> veces le\u00edda<\/span><\/div>\n<div class=\"jwsharethis\">\nShare this: \n<br \/>\n<a href=\"mailto:?subject=%C2%ABEs%20un%20poco%20volver%20a%20las%20bases%2C%20me%20gusta%20estar%20con%20gente%20joven%20y%20dejarles%20mis%20conocimientos%C2%BB%20%28Audio%29&amp;body=http%3A%2F%2Flabestiadeportiva.com%2Flbd%2Fes-un-poco-volver-a-las-bases-me-gusta-estar-con-gente-joven-y-dejarles-mis-conocimientos-audio%2F\">\n<img src=\"http:\/\/labestiadeportiva.com\/lbd\/wp-content\/plugins\/jw-share-this\/email.png\" alt=\"Share this page via Email\" \/>\n<\/a>\n<a target=\"_blank\" href=\"http:\/\/www.stumbleupon.com\/submit?url=http%3A%2F%2Flabestiadeportiva.com%2Flbd%2Fes-un-poco-volver-a-las-bases-me-gusta-estar-con-gente-joven-y-dejarles-mis-conocimientos-audio%2F&amp;title=%C2%ABEs+un+poco+volver+a+las+bases%2C+me+gusta+estar+con+gente+joven+y+dejarles+mis+conocimientos%C2%BB+%28Audio%29\">\n<img src=\"http:\/\/labestiadeportiva.com\/lbd\/wp-content\/plugins\/jw-share-this\/su.png\" alt=\"Share this page via Stumble Upon\" \/>\n<\/a>\n<a target=\"_blank\" href=\"http:\/\/digg.com\/submit?url=http%3A%2F%2Flabestiadeportiva.com%2Flbd%2Fes-un-poco-volver-a-las-bases-me-gusta-estar-con-gente-joven-y-dejarles-mis-conocimientos-audio%2F&amp;title=%C2%ABEs+un+poco+volver+a+las+bases%2C+me+gusta+estar+con+gente+joven+y+dejarles+mis+conocimientos%C2%BB+%28Audio%29\">\n<img src=\"http:\/\/labestiadeportiva.com\/lbd\/wp-content\/plugins\/jw-share-this\/digg.png\" alt=\"Share this page via Digg this\" \/>\n<\/a>\n<a target=\"_blank\" href=\"http:\/\/www.facebook.com\/sharer.php?u=http%3A%2F%2Flabestiadeportiva.com%2Flbd%2Fes-un-poco-volver-a-las-bases-me-gusta-estar-con-gente-joven-y-dejarles-mis-conocimientos-audio%2F&amp;t=%C2%ABEs+un+poco+volver+a+las+bases%2C+me+gusta+estar+con+gente+joven+y+dejarles+mis+conocimientos%C2%BB+%28Audio%29\">\n<img src=\"http:\/\/labestiadeportiva.com\/lbd\/wp-content\/plugins\/jw-share-this\/fb.png\" alt=\"Share this page via Facebook\" \/>\n<\/a>\n<a target=\"_blank\" href=\"http:\/\/twitter.com\/intent\/tweet?text=I+like+http%3A%2F%2Flabestiadeportiva.com%2Flbd%2Fes-un-poco-volver-a-las-bases-me-gusta-estar-con-gente-joven-y-dejarles-mis-conocimientos-audio%2F&amp;title=%C2%ABEs+un+poco+volver+a+las+bases%2C+me+gusta+estar+con+gente+joven+y+dejarles+mis+conocimientos%C2%BB+%28Audio%29\">\n<img src=\"http:\/\/labestiadeportiva.com\/lbd\/wp-content\/plugins\/jw-share-this\/twitter.png\" alt=\"Share this page via Twitter\" \/>\n<\/a>\n<\/div>\n","protected":false},"excerpt":{"rendered":"<p>En las \u00faltimas horas fue presentado Santiago Darraidou como Head Coach de los seleccionados de v\u00f3ley fueguino. El experimentado ex jugador profesional dio detalles de sus funciones y objetivos. Asimismo confirm\u00f3 la participaci\u00f3n de TDF V\u00f3ley, equipo masculino, en la pr\u00f3xima edici\u00f3n de la Liga Nacional A2 a realizarse en tierra cordobesa. Compartimos la entrevista &hellip; <a href=\"http:\/\/labestiadeportiva.com\/lbd\/es-un-poco-volver-a-las-bases-me-gusta-estar-con-gente-joven-y-dejarles-mis-conocimientos-audio\/\" class=\"more-link\">Seguir leyendo <span class=\"screen-reader-text\">\u00abEs un poco volver a las bases, me gusta estar con gente joven y dejarles mis conocimientos\u00bb (Audio)<\/span> <span class=\"meta-nav\">&rarr;<\/span><\/a><\/p>\n","protected":false},"author":1,"featured_media":37347,"comment_status":"open","ping_status":"open","sticky":false,"template":"","format":"standard","meta":[],"categories":[5,6,60,1,3555,1087,207],"tags":[4409,4838,4411,3660,4410,52],"_links":{"self":[{"href":"http:\/\/labestiadeportiva.com\/lbd\/wp-json\/wp\/v2\/posts\/37345"}],"collection":[{"href":"http:\/\/labestiadeportiva.com\/lbd\/wp-json\/wp\/v2\/posts"}],"about":[{"href":"http:\/\/labestiadeportiva.com\/lbd\/wp-json\/wp\/v2\/types\/post"}],"author":[{"embeddable":true,"href":"http:\/\/labestiadeportiva.com\/lbd\/wp-json\/wp\/v2\/users\/1"}],"replies":[{"embeddable":true,"href":"http:\/\/labestiadeportiva.com\/lbd\/wp-json\/wp\/v2\/comments?post=37345"}],"version-history":[{"count":3,"href":"http:\/\/labestiadeportiva.com\/lbd\/wp-json\/wp\/v2\/posts\/37345\/revisions"}],"predecessor-version":[{"id":37349,"href":"http:\/\/labestiadeportiva.com\/lbd\/wp-json\/wp\/v2\/posts\/37345\/revisions\/37349"}],"wp:featuredmedia":[{"embeddable":true,"href":"http:\/\/labestiadeportiva.com\/lbd\/wp-json\/wp\/v2\/media\/37347"}],"wp:attachment":[{"href":"http:\/\/labestiadeportiva.com\/lbd\/wp-json\/wp\/v2\/media?parent=37345"}],"wp:term":[{"taxonomy":"category","embeddable":true,"href":"http:\/\/labestiadeportiva.com\/lbd\/wp-json\/wp\/v2\/categories?post=37345"},{"taxonomy":"post_tag","embeddable":true,"href":"http:\/\/labestiadeportiva.com\/lbd\/wp-json\/wp\/v2\/tags?post=37345"}],"curies":[{"name":"wp","href":"https:\/\/api.w.org\/{rel}","templated":true}]}}