{"id":37355,"date":"2021-01-13T21:52:25","date_gmt":"2021-01-14T00:52:25","guid":{"rendered":"http:\/\/labestiadeportiva.com\/lbd\/?p=37355"},"modified":"2021-01-13T21:58:37","modified_gmt":"2021-01-14T00:58:37","slug":"sin-novedad-en-el-frente-7","status":"publish","type":"post","link":"http:\/\/labestiadeportiva.com\/lbd\/sin-novedad-en-el-frente-7\/","title":{"rendered":"Sin novedad en el frente"},"content":{"rendered":"<p>Por Daniel Campos (Corresponsal LBD en Palma de Mallorca, Espa\u00f1a)<\/p>\n<p><a href=\"http:\/\/labestiadeportiva.com\/lbd\/wp-content\/uploads\/2021\/01\/Al-Rajhi-toyota1.jpg\"><img loading=\"lazy\" class=\"aligncenter size-medium wp-image-37357\" src=\"http:\/\/labestiadeportiva.com\/lbd\/wp-content\/uploads\/2021\/01\/Al-Rajhi-toyota1-300x169.jpg\" alt=\"Al-Rajhi toyota\" width=\"300\" height=\"169\" srcset=\"http:\/\/labestiadeportiva.com\/lbd\/wp-content\/uploads\/2021\/01\/Al-Rajhi-toyota1-300x169.jpg 300w, http:\/\/labestiadeportiva.com\/lbd\/wp-content\/uploads\/2021\/01\/Al-Rajhi-toyota1-1024x576.jpg 1024w, http:\/\/labestiadeportiva.com\/lbd\/wp-content\/uploads\/2021\/01\/Al-Rajhi-toyota1.jpg 1280w\" sizes=\"(max-width: 300px) 100vw, 300px\" \/><\/a><br \/>\nEl saud\u00ed Yazeed Al-Rajhi con Toyota, repite triunfo en la d\u00e9cima etapa de esta nueva edici\u00f3n del Dakar. Mientras que los hombres que luchan por la victoria en el rally m\u00e1s duro del mundo, se dedicaron a administrar sus ritmos, de cara a la siguiente jornada que se antoja clave para sus aspiraciones.<!--more--><\/p>\n<p>Al-Attiyah, Peterhansel y Sainz llegaron a meta con apenas 2 minutos de diferencia, mientras que el gasto de carrera corri\u00f3 por cuenta de Al-Rajhi, que arrib\u00f3 con su Toyota en tres ruedas.<\/p>\n<p>Quiz\u00e1 el d\u00eda clave del Dakar sea ma\u00f1ana, la etapa m\u00e1s dura de la prueba, en la especial m\u00e1s larga del rally.<\/p>\n<p>Para el catar\u00ed Al \u2013 Atiyahh no hay tiempo para estrategias, habr\u00e1 que salir fuerte y cazar a Petehansel en las dunas. Pero el m\u00faltiple campe\u00f3n franc\u00e9s contar\u00e1 con el espa\u00f1ol Sainz, su compa\u00f1ero de equipo en Mini, que oficiar\u00e1 de escudero para intentar\u00e1 neutralizar al hombre fuerte de Toyota.<\/p>\n<p><span style=\"font-weight: 400;\"><a href=\"http:\/\/labestiadeportiva.com\/lbd\/wp-content\/uploads\/2021\/01\/andujar-21.jpg\"><img loading=\"lazy\" class=\"aligncenter size-medium wp-image-37358\" src=\"http:\/\/labestiadeportiva.com\/lbd\/wp-content\/uploads\/2021\/01\/andujar-21-300x200.jpg\" alt=\"andujar 2\" width=\"300\" height=\"200\" srcset=\"http:\/\/labestiadeportiva.com\/lbd\/wp-content\/uploads\/2021\/01\/andujar-21-300x200.jpg 300w, http:\/\/labestiadeportiva.com\/lbd\/wp-content\/uploads\/2021\/01\/andujar-21.jpg 500w\" sizes=\"(max-width: 300px) 100vw, 300px\" \/><\/a>En motos s\u00ed hubo novedades y muy importantes, el chileno Nacho Cornejo del equipo Honda, debi\u00f3 abandonar tras sufrir una fuerte ca\u00edda en el kil\u00f3metro 252, pero pudo continuar tras arribar al final de la etapa en Al-Ula. <\/span><\/p>\n<p><span style=\"font-weight: 400;\">Se confirm\u00f3 que el piloto trasandino dec\u00eda adi\u00f3s al Dakar. El norteamericano Ricky Brabec venci\u00f3 en la\u00a0 jornada de hoy, y ahora se postula a repetir triunfo en lucha directo con el argentino Kevin Benavides, que acab\u00f3 tercero tras el espa\u00f1ol de Joan Barreda y que contin\u00faa al frente de la clasificaci\u00f3n general.\u00a0<\/span><\/p>\n<p><span style=\"font-weight: 400;\">En quads, triunfo argentino, esta vez\u00a0 de la mano del cordob\u00e9s Pablo Copetti, pero sufri\u00f3 una penalizaci\u00f3n de cinco minutos y el chileno Pedemonte fue declarado ganador. Mientras que Manuel And\u00fajar sigue l\u00edder en la general.\u00a0<\/span><\/p>\n<p><span style=\"font-weight: 400;\">En SSV, nuevo ganador en veh\u00edculos ligeros, esta vez al ruso Sergei Kariakin del equipo Snag Racing Team correspondi\u00f3 el honor inscribir su nombre en esta prueba. <\/span><\/p>\n<p><span style=\"font-weight: 400;\">Pero sigue al frente de la clasificaci\u00f3n \u201cChaleco\u201d L\u00f3pez que se dedic\u00f3 a neutralizar los ataques del joven norteamericano Austin Jones con el otro Can Am.\u00a0<\/span><\/p>\n<p><span style=\"font-weight: 400;\">En camiones, volvi\u00f3 a imponerse el checo Martin Macik y su Iveco en la etapa de hoy, justo por delante del ruso Sotnikov, l\u00edder de la prueba con su Kamaz .<\/span><\/p>\n<p><span style=\"font-weight: 400;\">La etapa de ma\u00f1ana, unir\u00e1 Al-Ula con Yanbu en un recorrido de 557 kil\u00f3metros con un especial de 511 kil\u00f3metros, el m\u00e1s largo del Dakar. <\/span><\/p>\n<p><span style=\"font-weight: 400;\">Aqu\u00ed los pilotos y m\u00e1quinas se enfrentar\u00e1n a casi 100 kil\u00f3metros de dunas, poni\u00e9ndolos a prueba.<\/span><\/p>\n<p><span style=\"font-weight: 400;\">Nota: a poco de enviar esta cr\u00f3nica la organizaci\u00f3n comunic\u00f3 que el recorrido de la etapa ser\u00e1 acortado en 100 kil\u00f3metros por condiciones clim\u00e1ticas adversas.\u00a0<\/span><\/p>\n<p><a href=\"http:\/\/labestiadeportiva.com\/lbd\/wp-content\/uploads\/2021\/01\/buggies_ligeros1.jpg\"><img loading=\"lazy\" class=\"aligncenter size-medium wp-image-37360\" src=\"http:\/\/labestiadeportiva.com\/lbd\/wp-content\/uploads\/2021\/01\/buggies_ligeros1-300x169.jpg\" alt=\"buggies_ligeros\" width=\"300\" height=\"169\" srcset=\"http:\/\/labestiadeportiva.com\/lbd\/wp-content\/uploads\/2021\/01\/buggies_ligeros1-300x169.jpg 300w, http:\/\/labestiadeportiva.com\/lbd\/wp-content\/uploads\/2021\/01\/buggies_ligeros1.jpg 1024w\" sizes=\"(max-width: 300px) 100vw, 300px\" \/><\/a><\/p>\n<div class='epvc-post-count'><span class='epvc-eye'><\/span>  <span class=\"epvc-count\"> 1.234<\/span><span class='epvc-label'> veces le\u00edda<\/span><\/div>\n<div class=\"jwsharethis\">\nShare this: \n<br \/>\n<a href=\"mailto:?subject=Sin%20novedad%20en%20el%20frente&amp;body=http%3A%2F%2Flabestiadeportiva.com%2Flbd%2Fsin-novedad-en-el-frente-7%2F\">\n<img src=\"http:\/\/labestiadeportiva.com\/lbd\/wp-content\/plugins\/jw-share-this\/email.png\" alt=\"Share this page via Email\" \/>\n<\/a>\n<a target=\"_blank\" href=\"http:\/\/www.stumbleupon.com\/submit?url=http%3A%2F%2Flabestiadeportiva.com%2Flbd%2Fsin-novedad-en-el-frente-7%2F&amp;title=Sin+novedad+en+el+frente\">\n<img src=\"http:\/\/labestiadeportiva.com\/lbd\/wp-content\/plugins\/jw-share-this\/su.png\" alt=\"Share this page via Stumble Upon\" \/>\n<\/a>\n<a target=\"_blank\" href=\"http:\/\/digg.com\/submit?url=http%3A%2F%2Flabestiadeportiva.com%2Flbd%2Fsin-novedad-en-el-frente-7%2F&amp;title=Sin+novedad+en+el+frente\">\n<img src=\"http:\/\/labestiadeportiva.com\/lbd\/wp-content\/plugins\/jw-share-this\/digg.png\" alt=\"Share this page via Digg this\" \/>\n<\/a>\n<a target=\"_blank\" href=\"http:\/\/www.facebook.com\/sharer.php?u=http%3A%2F%2Flabestiadeportiva.com%2Flbd%2Fsin-novedad-en-el-frente-7%2F&amp;t=Sin+novedad+en+el+frente\">\n<img src=\"http:\/\/labestiadeportiva.com\/lbd\/wp-content\/plugins\/jw-share-this\/fb.png\" alt=\"Share this page via Facebook\" \/>\n<\/a>\n<a target=\"_blank\" href=\"http:\/\/twitter.com\/intent\/tweet?text=I+like+http%3A%2F%2Flabestiadeportiva.com%2Flbd%2Fsin-novedad-en-el-frente-7%2F&amp;title=Sin+novedad+en+el+frente\">\n<img src=\"http:\/\/labestiadeportiva.com\/lbd\/wp-content\/plugins\/jw-share-this\/twitter.png\" alt=\"Share this page via Twitter\" \/>\n<\/a>\n<\/div>\n","protected":false},"excerpt":{"rendered":"<p>Por Daniel Campos (Corresponsal LBD en Palma de Mallorca, Espa\u00f1a) El saud\u00ed Yazeed Al-Rajhi con Toyota, repite triunfo en la d\u00e9cima etapa de esta nueva edici\u00f3n del Dakar. Mientras que los hombres que luchan por la victoria en el rally m\u00e1s duro del mundo, se dedicaron a administrar sus ritmos, de cara a la siguiente &hellip; <a href=\"http:\/\/labestiadeportiva.com\/lbd\/sin-novedad-en-el-frente-7\/\" class=\"more-link\">Seguir leyendo <span class=\"screen-reader-text\">Sin novedad en el frente<\/span> <span class=\"meta-nav\">&rarr;<\/span><\/a><\/p>\n","protected":false},"author":1,"featured_media":37357,"comment_status":"open","ping_status":"open","sticky":false,"template":"","format":"standard","meta":[],"categories":[2176,4394,4,1],"tags":[154,4395,2951],"_links":{"self":[{"href":"http:\/\/labestiadeportiva.com\/lbd\/wp-json\/wp\/v2\/posts\/37355"}],"collection":[{"href":"http:\/\/labestiadeportiva.com\/lbd\/wp-json\/wp\/v2\/posts"}],"about":[{"href":"http:\/\/labestiadeportiva.com\/lbd\/wp-json\/wp\/v2\/types\/post"}],"author":[{"embeddable":true,"href":"http:\/\/labestiadeportiva.com\/lbd\/wp-json\/wp\/v2\/users\/1"}],"replies":[{"embeddable":true,"href":"http:\/\/labestiadeportiva.com\/lbd\/wp-json\/wp\/v2\/comments?post=37355"}],"version-history":[{"count":1,"href":"http:\/\/labestiadeportiva.com\/lbd\/wp-json\/wp\/v2\/posts\/37355\/revisions"}],"predecessor-version":[{"id":37361,"href":"http:\/\/labestiadeportiva.com\/lbd\/wp-json\/wp\/v2\/posts\/37355\/revisions\/37361"}],"wp:featuredmedia":[{"embeddable":true,"href":"http:\/\/labestiadeportiva.com\/lbd\/wp-json\/wp\/v2\/media\/37357"}],"wp:attachment":[{"href":"http:\/\/labestiadeportiva.com\/lbd\/wp-json\/wp\/v2\/media?parent=37355"}],"wp:term":[{"taxonomy":"category","embeddable":true,"href":"http:\/\/labestiadeportiva.com\/lbd\/wp-json\/wp\/v2\/categories?post=37355"},{"taxonomy":"post_tag","embeddable":true,"href":"http:\/\/labestiadeportiva.com\/lbd\/wp-json\/wp\/v2\/tags?post=37355"}],"curies":[{"name":"wp","href":"https:\/\/api.w.org\/{rel}","templated":true}]}}